{"id":325,"date":"2013-05-14T22:14:29","date_gmt":"2013-05-15T03:14:29","guid":{"rendered":"http:\/\/catolicasmexico.com\/blog\/?p=325"},"modified":"2013-05-14T22:16:09","modified_gmt":"2013-05-15T03:16:09","slug":"abortista-gosnell-declarado-culpable-por-el-homicidio-de-tres-bebes","status":"publish","type":"post","link":"http:\/\/catolicasmexico.com\/blog\/abortista-gosnell-declarado-culpable-por-el-homicidio-de-tres-bebes\/","title":{"rendered":"Abortista Gosnell, declarado culpable por el homicidio de tres bebes"},"content":{"rendered":"<p><a href=\"http:\/\/catolicasmexico.com\/blog\/wp-content\/uploads\/2013\/05\/image-19.jpeg\"><img data-attachment-id=\"326\" data-permalink=\"http:\/\/catolicasmexico.com\/blog\/abortista-gosnell-declarado-culpable-por-el-homicidio-de-tres-bebes\/image-19\/\" data-orig-file=\"http:\/\/catolicasmexico.com\/blog\/wp-content\/uploads\/2013\/05\/image-19.jpeg\" data-orig-size=\"120,120\" data-comments-opened=\"1\" data-image-meta=\"{&quot;aperture&quot;:&quot;0&quot;,&quot;credit&quot;:&quot;&quot;,&quot;camera&quot;:&quot;&quot;,&quot;caption&quot;:&quot;&quot;,&quot;created_timestamp&quot;:&quot;0&quot;,&quot;copyright&quot;:&quot;&quot;,&quot;focal_length&quot;:&quot;0&quot;,&quot;iso&quot;:&quot;0&quot;,&quot;shutter_speed&quot;:&quot;0&quot;,&quot;title&quot;:&quot;&quot;,&quot;orientation&quot;:&quot;0&quot;}\" data-image-title=\"image (19)\" data-image-description=\"\" data-medium-file=\"http:\/\/catolicasmexico.com\/blog\/wp-content\/uploads\/2013\/05\/image-19.jpeg\" data-large-file=\"http:\/\/catolicasmexico.com\/blog\/wp-content\/uploads\/2013\/05\/image-19.jpeg\" class=\"alignnone size-full wp-image-326\" title=\"image (19)\" src=\"http:\/\/catolicasmexico.com\/blog\/wp-content\/uploads\/2013\/05\/image-19.jpeg\" alt=\"\" width=\"120\" height=\"120\" srcset=\"http:\/\/catolicasmexico.com\/blog\/wp-content\/uploads\/2013\/05\/image-19.jpeg 120w\" sizes=\"100vw\" \/> <\/a><\/p>\n<h1><span style=\"font-size: small;\">FILADELFIA, 13 May. 13 \/ 05:34 pm (<a href=\"http:\/\/www.aciprensa.com\/\" target=\"_blank\"><strong>ACI\/EWTN Noticias<\/strong><\/a>).- El m\u00e9dico abortista de Filadelfia (Estados Unidos) Kermit Gosnell fue declarado culpable de tres de las cuatro acusaciones de asesinar beb\u00e9s que nacieron vivos tras abortos fallidos.<\/p>\n<p>Gosnell, de 72 a\u00f1os, podr\u00eda enfrentar la pena de muerte por las acusaciones de asesinato. El jurado escuchar\u00e1 los argumentos a favor y en contra el pr\u00f3ximo martes.<\/p>\n<p>Los beb\u00e9s no nacidos eran conocidos solamente por letras, y Gosnell fue sentenciado por los asesinatos de Beb\u00e9 A, Beb\u00e9 C y Beb\u00e9 D, en su cl\u00ednica en Filadelfia, la \u201cWomen\u2019s Medical Society\u201d (\u201cSociedad M\u00e9dica de Mujeres\u201d).<\/p>\n<p>El Beb\u00e9 A fue asesinado luego de que Gosnell indujera el parto a su madre, que ten\u00eda cerca de 30 semanas de embarazo.<\/p>\n<p>De acuerdo al informe presentado en el juicio, Gosnell rompi\u00f3 la columna vertebral del beb\u00e9 y puso su cuerpo en una caja de zapatos para descartarlo, \u201cbromeando\u201d con que el beb\u00e9 era tan grande que \u00e9l podr\u00eda \u201cacompa\u00f1arme a la parada de bus\u201d.<\/p>\n<p>En el caso del Beb\u00e9 C, \u00e9ste se mov\u00eda y respir\u00f3 20 minutos luego del parto hasta que un asistente le cort\u00f3 la columna vertebral.<\/p>\n<p>El Beb\u00e9 D naci\u00f3 dentro de un retrete. Un trabajador de la cl\u00ednica dijo a las autoridades que el beb\u00e9 se mov\u00eda y parec\u00eda que nadaba. Otro trabajador lo sac\u00f3 de all\u00ed y le cort\u00f3 el cuello.<\/p>\n<p>A Gosnell se le encontr\u00f3 \u201cno culpable\u201d de la muerte del Beb\u00e9 E, quien de acuerdo a un testigo llor\u00f3 antes de que Gosnell lo matara y lo pusiera en un tacho de basura.<\/p>\n<p>Inicialmente el abortista estadounidense enfrentaba siete acusaciones de asesinato en primer grado, por la muerte de infantes que fueron presuntamente eliminados tras nacer vivos.<\/p>\n<p>El juez Jeffrey Minehart descart\u00f3 tres de las acusaciones por asesinato de infantes por razones no declaradas. El abogado de Gosnell ha argumentado que no hab\u00eda prueba de que los beb\u00e9s hayan nacido vivos.<\/p>\n<p>El m\u00e9dico abortista fue encontrado culpable de homicidio involuntario por la muerte de una paciente, que muri\u00f3 de una sobredosis en 2009. Los fiscales hab\u00edan buscado una acusaci\u00f3n por asesinato en tercer grado en su caso, diciendo que Gosnell dej\u00f3 que su personal, sin entrenamiento ni licencia, diera a la mujer inmigrante butanesa una combinaci\u00f3n letal de medicamentos.<\/p>\n<p>El abortista tambi\u00e9n fue condenado por infanticidio en la muerte del Beb\u00e9 A, y conspiraci\u00f3n en las muertes de los beb\u00e9s D y C.<\/p>\n<p>Gosnell enfrentaba m\u00e1s de 250 acusaciones, incluyendo crimen organizado, conspiraci\u00f3n y violaciones de las prohibiciones de abortos tard\u00edos en Pensilvania. El m\u00e9dico estadounidense hizo frente adem\u00e1s a m\u00e1s de 200 cargos de violar una ley estatal que requiere un per\u00edodo de espera de 24 horas para un\u00a0<a href=\"http:\/\/www.aciprensa.com\/aborto\/index.html\" target=\"_blank\">aborto<\/a>.<\/p>\n<p>Los crudos testimonios en el juicio incluyeron informes de que Gosnell y su personal cortaron los cuellos de m\u00e1s de 100 beb\u00e9s que sobrevivieron a abortos. Un m\u00e9dico en la cl\u00ednica testific\u00f3 que el procedimiento era \u00abliteralmente una decapitaci\u00f3n\u201d.<\/p>\n<p>El informe presentado en el juicio se\u00f1ala que la mayor\u00eda de los actos no pod\u00edan ser procesados porque Gosnell destruy\u00f3 los archivos.<\/p>\n<p>El nombre de Gosnell se convirti\u00f3 en un grito de guerra para los defensores de la\u00a0<a href=\"http:\/\/www.aciprensa.com\/vida\" target=\"_blank\">vida<\/a>, que lamentaron la falta de cobertura de los principales medios de comunicaci\u00f3n en su juicio. Sus esfuerzos en las redes sociales han ayudado a llamar la atenci\u00f3n sobre el caso.<\/p>\n<p>La presidenta del grupo\u00a0<a href=\"http:\/\/www.aciprensa.com\/vida\/\" target=\"_blank\">pro-vida<\/a>\u00a0Live Action, Lila Rose, dijo que los \u201cespantosos e inhumanos cr\u00edmenes\u201d de Gosnell \u201cgritaban por justicia\u201d.<\/p>\n<p>\u201cIncluso cuando celebramos este veredicto, honramos y lloramos tambi\u00e9n a aquellos inocentes que no recibieron \u2018su d\u00eda en la corte\u2019, y debemos recordar que Gosnell no es un caso aislado dentro de la industria del aborto\u201d, dijo Rose el 13 de mayo.<\/p>\n<p>El abogado de Gosnell, Jac McMahon, dijo que su cliente estaba \u201cdecepcionado\u201d y \u201cmolesto\u201d por el veredicto. McMahon dijo que el jurado \u201cobviamente tom\u00f3 su trabajo seriamente\u201d.<\/p>\n<p>\u201cEl veredicto deber\u00eda ser respetado en base a su esfuerzo\u201d, dijo, de acuerdo a Fox News.<\/p>\n<p>La cl\u00ednica de Gosnell tuvo una m\u00ednima supervisi\u00f3n en 1993, y desde entonces ninguna m\u00e1s.<\/p>\n<p>Los asesinatos de beb\u00e9s sobrevivientes de abortos en su cl\u00ednica no fueron descubiertos hasta que el Bureau Federal de Investigaci\u00f3n (FBI) y la Agencia de Control de\u00a0<a href=\"http:\/\/www.aciprensa.com\/drogas\/index.html\" target=\"_blank\">Drogas<\/a>\u00a0(DEA) realizaron una redada en febrero de 2010, buscando evidencia de distribuci\u00f3n ilegal de analg\u00e9sicos que requer\u00edan receta m\u00e9dica.<\/p>\n<p>Los investigadores encontraron salas manchadas de sangre y equipos sucios. La cl\u00ednica almacenaba fetos abortados en un congelador en el s\u00f3tano, en contenedores pl\u00e1sticos de comida y bolsas, junto a los almuerzos de los trabajadores.<\/p>\n<p>Gosnell conserv\u00f3 pies cortados de beb\u00e9s no nacidos, preservados en frascos de muestras, presuntamente para futura identificaci\u00f3n de muestras de ADN.<\/p>\n<p>Los trabajadores de su cl\u00ednica aparentemente mandaron a mujeres a dar a luz en retretes, un m\u00e9dico habr\u00eda contagiado una infecci\u00f3n de transmisi\u00f3n sexual a mujeres, debido a los pobres niveles de calidad, y un trabajador de 15 a\u00f1os administr\u00f3 anestesia a pacientes.<\/p>\n<p>La cl\u00ednica presuntamente daba mejor trato a pacientes blancas.<\/p>\n<p>Muchos de los exempleados de Gosnell se han declarado culpables de asesinato y otras acusaciones.<\/p>\n<p>La exposici\u00f3n de la cl\u00ednica de Gosnell result\u00f3 en el despido de dos autoridades de alto nivel en el departamento de salud de Pensilvania, y reglas m\u00e1s duras para las cl\u00ednicas abortistas de Filadelfia, ninguna de las cuales ha sido inspeccionada en los \u00faltimos 15 a\u00f1os.<\/p>\n<p>Gosnell operaba adem\u00e1s una cl\u00ednica en Delaware.<\/p>\n<p>El m\u00e9dico abortista realiz\u00f3 miles de abortos durante sus 30 a\u00f1os de carrera, amasando una fortuna de alrededor de 1.8 millones de d\u00f3lares al a\u00f1o. Las autoridades encontraron 250 mil d\u00f3lares escondidos en una habitaci\u00f3n cuando registraron su casa.<\/span><\/h1>\n","protected":false},"excerpt":{"rendered":"<p>FILADELFIA, 13 May. 13 \/ 05:34 pm (ACI\/EWTN Noticias).- El m\u00e9dico abortista de Filadelfia (Estados Unidos) Kermit Gosnell fue declarado culpable de tres de las cuatro acusaciones de asesinar beb\u00e9s que nacieron vivos tras abortos fallidos. Gosnell, de 72 a\u00f1os, podr\u00eda enfrentar la pena de muerte por las acusaciones de asesinato. El jurado escuchar\u00e1 los [&hellip;]<\/p>\n","protected":false},"author":2,"featured_media":326,"comment_status":"open","ping_status":"open","sticky":false,"template":"","format":"standard","meta":{"spay_email":"","jetpack_publicize_message":"","jetpack_is_tweetstorm":false},"categories":[9],"tags":[],"aioseo_notices":[],"jetpack_featured_media_url":"http:\/\/catolicasmexico.com\/blog\/wp-content\/uploads\/2013\/05\/image-19.jpeg","jetpack_publicize_connections":[],"jetpack_shortlink":"https:\/\/wp.me\/p3B5XH-5f","jetpack-related-posts":[{"id":353,"url":"http:\/\/catolicasmexico.com\/blog\/abortista-gosnell-es-sentenciado-a-cadena-perpetua\/","url_meta":{"origin":325,"position":0},"title":"Abortista Gosnell es sentenciado a cadena perpetua","date":"15 mayo 2013","format":false,"excerpt":"FILADELFIA, 15 May. 13 \/ 06:13 am (ACI\/EWTN Noticias).- Tras ser condenado por el asesinato de tres beb\u00e9s nacidos vivos, el abortista Kermit Gosnell fue sentenciado el 14 de mayo a dos cadenas perpetuas sin derecho a libertad condicional por dos de las tres acusaciones que enfrent\u00f3. Al no apelar\u2026","rel":"","context":"En \u00abAborto\u00bb","img":{"alt_text":"","src":"https:\/\/i2.wp.com\/catolicasmexico.com\/blog\/wp-content\/uploads\/2013\/05\/image-22.jpeg?resize=350%2C200","width":350,"height":200},"classes":[]},{"id":31,"url":"http:\/\/catolicasmexico.com\/blog\/31\/","url_meta":{"origin":325,"position":1},"title":"Juicio contra el m\u00e9dico Kermit Gosnell","date":"21 abril 2013","format":false,"excerpt":"\u00a0 Filadelfia.12 Abr. 13 \/ 06:37 pm (ACI\/EWTN Noticias).- El juicio contra el m\u00e9dico Kermit Gosnell, acusado de asesinar a beb\u00e9s que sobrevivieron a los abortos tard\u00edos que practic\u00f3 en su cl\u00ednica de Filadelfia, ha destapado el horror del negocio del\u00a0aborto\u00a0con la aparici\u00f3n de fotograf\u00edas de beb\u00e9s decapitados y cuerpos\u2026","rel":"","context":"En \u00abAborto\u00bb","img":{"alt_text":"","src":"https:\/\/i0.wp.com\/catolicasmexico.com\/blog\/wp-content\/uploads\/2013\/04\/image.jpeg?resize=350%2C200","width":350,"height":200},"classes":[]},{"id":88,"url":"http:\/\/catolicasmexico.com\/blog\/88\/","url_meta":{"origin":325,"position":2},"title":"Un juez federal desestimo nueve acusaciones","date":"29 abril 2013","format":false,"excerpt":"POR BEN JOHNSON FILADELFIA, \u00a023 de abril 2014 (LifeSiteNews.com\u00a0(traduction CQV)) \u2014 \u00a0Un juez federal desestimo nueve acusaciones - tres acusaciones de muerte y una acusaci\u00f3n de infanticidio- contra el Dr. de Philadelphia, Kermin Gosnell, en el proceso de esta ma\u00f1ana. Los periodicos locales, reportaron que el juez rechazo las tres\u2026","rel":"","context":"En \u00abAborto\u00bb","img":{"alt_text":"","src":"https:\/\/i2.wp.com\/catolicasmexico.com\/blog\/wp-content\/uploads\/2013\/04\/kermit-gosnell.jpg?resize=350%2C200","width":350,"height":200},"classes":[]},{"id":2932,"url":"http:\/\/catolicasmexico.com\/blog\/el-documental-del-abortero-kermit-gosnell-es-solo-la-punta-del-iceberg-cuando-atraparan-al-resto\/","url_meta":{"origin":325,"position":3},"title":"El documental del abortero Kermit Gosnell es s\u00f3lo la punta del iceberg. \u00bfCu\u00e1ndo atrapar\u00e1n al resto?","date":"23 mayo 2014","format":false,"excerpt":"por Dave Andrusko LifeNews.com Traducci\u00f3n de Alejandro P. para catolicasmexico.com \"No tengo ninguna duda que hay gente all\u00e1 afuera haciendo abortos tard\u00edos y probablemente haciendo lo mismo que \u00e9l [Kermit Gosnell]. La cuesti\u00f3n es si alguien va a decir algo y los atrapar\u00e1n en alg\u00fan momento\". Estas son la palabras\u2026","rel":"","context":"En \u00abAborto\u00bb","img":{"alt_text":"","src":"https:\/\/i1.wp.com\/catolicasmexico.com\/blog\/wp-content\/uploads\/2014\/05\/Abortion_Clinic_Deaths.JPEG-0eb01.jpg?resize=350%2C200","width":350,"height":200},"classes":[]},{"id":373,"url":"http:\/\/catolicasmexico.com\/blog\/ex-abortista-convertida-en-lider-pro-vida-cuestiona-a-quienes-piden-pena-de-muerte-para-gosnell\/","url_meta":{"origin":325,"position":4},"title":"Ex abortista convertida en l\u00edder pro-vida cuestiona a quienes piden pena de muerte para Gosnell","date":"17 mayo 2013","format":false,"excerpt":"WASHINGTON D.C., 16 May. 13 \/ 06:12 am (ACI\/EWTN Noticias).- Abby Johnson, quien\u00a0hace pocos a\u00f1os dej\u00f3 su trabajo como directora de una cl\u00ednica abortista para convertirse en l\u00edder pro-vida, critic\u00f3 la \u201chostilidad\u201d de quienes piden la pena de muerte para el m\u00e9dico abortista Kermit Gosnell. \u201c\u00bfQu\u00e9 es lo que merezco\u2026","rel":"","context":"En \u00abAborto\u00bb","img":{"alt_text":"","src":"https:\/\/i0.wp.com\/catolicasmexico.com\/blog\/wp-content\/uploads\/2013\/05\/image-23.jpeg?resize=350%2C200","width":350,"height":200},"classes":[]},{"id":41,"url":"http:\/\/catolicasmexico.com\/blog\/41\/","url_meta":{"origin":325,"position":5},"title":"Los horrores del abortorio de Gosnell","date":"23 abril 2013","format":false,"excerpt":"Sigue el juicio contra el aborto convertido en infanticidio en EEUU, los cr\u00edmenes de Kermit Gosnell cada d\u00eda que pasa se muestran m\u00e1s espeluznantes. \u00a0 REDACCI\u00d3N HO.- Una antigua trabajadora del abortorio,\u00a0Kareema Cross, declar\u00f3 en el juicio contra Gosnell, acusado de infanticidio y de provocar la muerte de mujeres, que\u2026","rel":"","context":"En \u00abAborto\u00bb","img":{"alt_text":"","src":"https:\/\/i1.wp.com\/catolicasmexico.com\/blog\/wp-content\/uploads\/2013\/04\/image-4.jpeg?resize=350%2C200","width":350,"height":200},"classes":[]}],"jetpack_likes_enabled":false,"jetpack_sharing_enabled":true,"_links":{"self":[{"href":"http:\/\/catolicasmexico.com\/blog\/wp-json\/wp\/v2\/posts\/325"}],"collection":[{"href":"http:\/\/catolicasmexico.com\/blog\/wp-json\/wp\/v2\/posts"}],"about":[{"href":"http:\/\/catolicasmexico.com\/blog\/wp-json\/wp\/v2\/types\/post"}],"author":[{"embeddable":true,"href":"http:\/\/catolicasmexico.com\/blog\/wp-json\/wp\/v2\/users\/2"}],"replies":[{"embeddable":true,"href":"http:\/\/catolicasmexico.com\/blog\/wp-json\/wp\/v2\/comments?post=325"}],"version-history":[{"count":4,"href":"http:\/\/catolicasmexico.com\/blog\/wp-json\/wp\/v2\/posts\/325\/revisions"}],"predecessor-version":[{"id":330,"href":"http:\/\/catolicasmexico.com\/blog\/wp-json\/wp\/v2\/posts\/325\/revisions\/330"}],"wp:featuredmedia":[{"embeddable":true,"href":"http:\/\/catolicasmexico.com\/blog\/wp-json\/wp\/v2\/media\/326"}],"wp:attachment":[{"href":"http:\/\/catolicasmexico.com\/blog\/wp-json\/wp\/v2\/media?parent=325"}],"wp:term":[{"taxonomy":"category","embeddable":true,"href":"http:\/\/catolicasmexico.com\/blog\/wp-json\/wp\/v2\/categories?post=325"},{"taxonomy":"post_tag","embeddable":true,"href":"http:\/\/catolicasmexico.com\/blog\/wp-json\/wp\/v2\/tags?post=325"}],"curies":[{"name":"wp","href":"https:\/\/api.w.org\/{rel}","templated":true}]}}