{"id":322,"date":"2013-05-15T08:12:33","date_gmt":"2013-05-15T13:12:33","guid":{"rendered":"http:\/\/catolicasmexico.com\/blog\/?p=322"},"modified":"2013-05-14T22:14:36","modified_gmt":"2013-05-15T03:14:36","slug":"empresa-pionera-de-alimentos-organicos-demanda-mandato-abortista-de-obama-en-eeuu","status":"publish","type":"post","link":"http:\/\/catolicasmexico.com\/blog\/empresa-pionera-de-alimentos-organicos-demanda-mandato-abortista-de-obama-en-eeuu\/","title":{"rendered":"Empresa pionera de alimentos org\u00e1nicos, demanda mandato abortista de Obama en EEUU"},"content":{"rendered":"<p>MICHIGAN, 25 Abr. 13 \/ 06:02 am (<a href=\"http:\/\/www.aciprensa.com\/\" target=\"_blank\"><strong>ACI\/EWTN Noticias<\/strong><\/a>).- Eden Foods, la empresa pionera en alimentos naturales y org\u00e1nicos de los Estados Unidos con sede en Michigan, present\u00f3 una demanda en contra del mandato abortista del Presidente Barack Omaba que obliga a las empresas a brindar planes de salud que incluyan esterilizaciones,\u00a0<a href=\"http:\/\/www.aciprensa.com\/vida\/control.htm\" target=\"_blank\">anticoncepti<wbr>vos<\/wbr><\/a>\u00a0y f\u00e1rmacos abortivos.<\/p>\n<p>El presidente de Eden Foods, Michael Potter, dijo que la demanda en contra del Departamento de Servicios de Salud y Humanos (HHS) tiene como prop\u00f3sito \u201cproteger la libertad religiosa y de frenar al gobierno de obligar a los ciudadanos a violar su conciencia\u201d enfatizando que \u201cnos oponemos al mandato\u201d, seg\u00fan lo public\u00f3 EWTN Noticias el 24 de abril.<\/p>\n<p>Con esta demanda ya van m\u00e1s de 150 personas, grupos y empresas que se oponen a la norma porque viola el derecho a la libertad religiosa garantizados por la Constituci\u00f3n del pa\u00eds y a la ley de Restauraci\u00f3n de la Libertad Religiosa y otras \u00e1reas de la ley federal.<\/p>\n<p>Eden foods enfoca su trabajo de alimentos naturales en \u201cla pr\u00e1ctica \u00e9tica en sus negocios, y en la promoci\u00f3n humana y del planeta\u00bb, se\u00f1al\u00f3 Potter en una declaraci\u00f3n del 17 de abril.<\/p>\n<p>El empresario cat\u00f3lico que lleva en el negocio de alimentos por medio siglo y que a finales de los a\u00f1os 60\u00b4s co-fund\u00f3 la compa\u00f1\u00eda, indic\u00f3 que la norma va en contra de sus principios por tener \u201cpr\u00e1cticas inmorales y contra natura\u00bb y subray\u00f3 que la regla de la contracepci\u00f3n \u00abataca y profana un principio importante en la\u00a0<a href=\"http:\/\/www.aciprensa.com\/iglesia\/index.html\" target=\"_blank\">Iglesia<\/a>\u00a0Cat\u00f3lica\u00bb.<\/p>\n<p>Seg\u00fan inform\u00f3 Detroit Free Press, los partidarios a favor del mandato de la HHS, pretendieron boicotear a la compa\u00f1\u00eda, reconocida y galardonada por su responsabilidad social y ambiental por la Mejor Gu\u00eda Mundial de Compras en 2009, y se burlaron de la fe religiosa de Potter etiquetando la demanda como \u00abun golpe contra las mujeres\u00bb.<br \/>\n<a href=\"http:\/\/catolicasmexico.com\/blog\/wp-content\/uploads\/2013\/05\/image-18.jpeg\"><img data-attachment-id=\"323\" data-permalink=\"http:\/\/catolicasmexico.com\/blog\/empresa-pionera-de-alimentos-organicos-demanda-mandato-abortista-de-obama-en-eeuu\/image-18\/\" data-orig-file=\"http:\/\/catolicasmexico.com\/blog\/wp-content\/uploads\/2013\/05\/image-18.jpeg\" data-orig-size=\"500,340\" data-comments-opened=\"1\" data-image-meta=\"{&quot;aperture&quot;:&quot;0&quot;,&quot;credit&quot;:&quot;&quot;,&quot;camera&quot;:&quot;&quot;,&quot;caption&quot;:&quot;&quot;,&quot;created_timestamp&quot;:&quot;0&quot;,&quot;copyright&quot;:&quot;&quot;,&quot;focal_length&quot;:&quot;0&quot;,&quot;iso&quot;:&quot;0&quot;,&quot;shutter_speed&quot;:&quot;0&quot;,&quot;title&quot;:&quot;&quot;,&quot;orientation&quot;:&quot;0&quot;}\" data-image-title=\"image (18)\" data-image-description=\"\" data-medium-file=\"http:\/\/catolicasmexico.com\/blog\/wp-content\/uploads\/2013\/05\/image-18-300x204.jpeg\" data-large-file=\"http:\/\/catolicasmexico.com\/blog\/wp-content\/uploads\/2013\/05\/image-18.jpeg\" class=\"alignnone size-medium wp-image-323\" title=\"image (18)\" src=\"http:\/\/catolicasmexico.com\/blog\/wp-content\/uploads\/2013\/05\/image-18-300x204.jpg\" alt=\"\" width=\"300\" height=\"204\" srcset=\"http:\/\/catolicasmexico.com\/blog\/wp-content\/uploads\/2013\/05\/image-18-300x204.jpg 300w, http:\/\/catolicasmexico.com\/blog\/wp-content\/uploads\/2013\/05\/image-18-150x150.jpeg 150w\" sizes=\"100vw\" \/> <\/a><br \/>\nAdem\u00e1s a trav\u00e9s del correo electr\u00f3nico la compa\u00f1\u00eda recibi\u00f3 cientos de mensajes que critican su oposici\u00f3n al mandato, as\u00ed como tambi\u00e9n mensajes de apoyo a la demanda en contra de la misma.<\/p>\n<p>Potter lament\u00f3 las \u00abgrotescas caracterizaciones err\u00f3neas\u00bb que lo rodean, y pidi\u00f3 disculpas por la \u00abno deseada consternaci\u00f3n\u00bb que caus\u00f3 su demanda y afirm\u00f3 que cree \u201cen el derecho de la mujer a decidir, y tener acceso a todos los aspectos del cuidado de su salud y la gesti\u00f3n de la reproducci\u00f3n\u00bb.<\/p>\n<p>Sin embargo, las mujeres deben tener el derecho de comprar sus propios \u201cmedicamentos seg\u00fan su estilo de\u00a0<a href=\"http:\/\/www.aciprensa.com\/vida\" target=\"_blank\">vida<\/a>\u00ab, dando a entender que la empresa no tiene porque verse obligada a ir en contra de sus principios y pol\u00edticas contrarias a los anticonceptivos, sino tambi\u00e9n a pagar f\u00e1rmacos como el viagra, y medicamentos para la infertilidad y para bajar de peso.<\/p>\n","protected":false},"excerpt":{"rendered":"<p>MICHIGAN, 25 Abr. 13 \/ 06:02 am (ACI\/EWTN Noticias).- Eden Foods, la empresa pionera en alimentos naturales y org\u00e1nicos de los Estados Unidos con sede en Michigan, present\u00f3 una demanda en contra del mandato abortista del Presidente Barack Omaba que obliga a las empresas a brindar planes de salud que incluyan esterilizaciones,\u00a0anticonceptivos\u00a0y f\u00e1rmacos abortivos. El [&hellip;]<\/p>\n","protected":false},"author":2,"featured_media":323,"comment_status":"open","ping_status":"open","sticky":false,"template":"","format":"standard","meta":{"spay_email":"","jetpack_publicize_message":"","jetpack_is_tweetstorm":false},"categories":[16,19],"tags":[],"aioseo_notices":[],"jetpack_featured_media_url":"http:\/\/catolicasmexico.com\/blog\/wp-content\/uploads\/2013\/05\/image-18.jpeg","jetpack_publicize_connections":[],"jetpack_shortlink":"https:\/\/wp.me\/p3B5XH-5c","jetpack-related-posts":[{"id":2836,"url":"http:\/\/catolicasmexico.com\/blog\/estados-unidos-proyecto-de-ley-abortista-anularia-toda-ley-pro-vida-en-colorado\/","url_meta":{"origin":322,"position":0},"title":"Estados Unidos: Proyecto de ley abortista anular\u00eda toda ley pro-vida en Colorado","date":"21 abril 2014","format":false,"excerpt":"Imagen referencial. Foto: Suparna Sinha (CC-BY-SA-2.0) DENVER, 16 Abr. 14 \/ 10:16 pm (ACI\/EWTN Noticias).- Un comit\u00e9 del Senado de Colorado aprob\u00f3 un proyecto de ley que prohibir\u00eda a futuro la aprobaci\u00f3n de cualquier ley pro-vida en el estado, desatando una ola de cr\u00edticas. La propuesta de ley 175 establece\u2026","rel":"","context":"En \u00abAborto\u00bb","img":{"alt_text":"","src":"https:\/\/i2.wp.com\/catolicasmexico.com\/blog\/wp-content\/uploads\/2014\/04\/20140421-115712.jpg?resize=350%2C200","width":350,"height":200},"classes":[]},{"id":2859,"url":"http:\/\/catolicasmexico.com\/blog\/marcha-por-la-vida-en-mexico-este-sabado\/","url_meta":{"origin":322,"position":1},"title":"Marcha por la Vida en M\u00e9xico este s\u00e1bado","date":"26 abril 2014","format":false,"excerpt":"M\u00c9XICO D.F., 26 Abr. 13 \/ 04:12 pm (ACI\/EWTN Noticias).- Miles de personas marchar\u00e1n este s\u00e1bado 27 de abril en el Distrito Federal en M\u00e9xico, para exigir la derogaci\u00f3n de la ley que permite el aborto que fue aprobada por la Asamblea legislativa del pa\u00eds hace seis a\u00f1os y que\u2026","rel":"","context":"En \u00abAborto\u00bb","img":{"alt_text":"","src":"https:\/\/i0.wp.com\/catolicasmexico.com\/blog\/wp-content\/uploads\/2014\/04\/20140426-091046.jpg?resize=350%2C200","width":350,"height":200},"classes":[]},{"id":2746,"url":"http:\/\/catolicasmexico.com\/blog\/demanda-contra-obispo-de-malaga-responderia-a-voluntad-de-mantener-popularidad-en-el-caso-de-nino-transexual\/","url_meta":{"origin":322,"position":2},"title":"Demanda contra Obispo de M\u00e1laga responder\u00eda a voluntad de mantener popularidad en el caso de \u201cni\u00f1o transexual\u201d","date":"19 marzo 2014","format":false,"excerpt":"Mons. Jes\u00fas Catal\u00e1. Foto: Sitio web diocesismalaga.es MADRID, 19 Mar. 14 \/ 06:17 am (ACI\/EWTN Noticias).- La familia del ni\u00f1o de seis a\u00f1os \u201cque se siente ni\u00f1a\u201d present\u00f3 el viernes una \u201cdemanda de conciliaci\u00f3n\u201d, paso previo a la \u201cquerella\u201d contra la directora del colegio San Patricio y contra el Obispo\u2026","rel":"","context":"En \u00abataques contra la Iglesia Catolica\u00bb","img":{"alt_text":"","src":"https:\/\/i0.wp.com\/catolicasmexico.com\/blog\/wp-content\/uploads\/2014\/03\/20140319-115445.jpg?resize=350%2C200","width":350,"height":200},"classes":[]},{"id":353,"url":"http:\/\/catolicasmexico.com\/blog\/abortista-gosnell-es-sentenciado-a-cadena-perpetua\/","url_meta":{"origin":322,"position":3},"title":"Abortista Gosnell es sentenciado a cadena perpetua","date":"15 mayo 2013","format":false,"excerpt":"FILADELFIA, 15 May. 13 \/ 06:13 am (ACI\/EWTN Noticias).- Tras ser condenado por el asesinato de tres beb\u00e9s nacidos vivos, el abortista Kermit Gosnell fue sentenciado el 14 de mayo a dos cadenas perpetuas sin derecho a libertad condicional por dos de las tres acusaciones que enfrent\u00f3. Al no apelar\u2026","rel":"","context":"En \u00abAborto\u00bb","img":{"alt_text":"","src":"https:\/\/i2.wp.com\/catolicasmexico.com\/blog\/wp-content\/uploads\/2013\/05\/image-22.jpeg?resize=350%2C200","width":350,"height":200},"classes":[]},{"id":1377,"url":"http:\/\/catolicasmexico.com\/blog\/una-empresa-estadounidense-esta-exenta-de-pagar-los-abortos-a-sus-empleados-segun-lo-requiere-el-mandato-de-hhs\/","url_meta":{"origin":322,"position":4},"title":"Una empresa estadounidense est\u00e1 exenta de  pagar los abortos a sus empleados, seg\u00fan lo requiere el mandato de HHS","date":"24 julio 2013","format":false,"excerpt":"Del blog de www.cqv.qc.ca Traducci\u00f3n y edici\u00f3n libre www.catolicasmexico.com El viernes, 19 de julio en la ciudad de Oklahoma, Joe Heaton, un juez federal, otorg\u00f3 a Hobby Lobby, un compa\u00f1\u00eda que vende tarjetas y objetos decorativos para el hogar (556 tiendas en 45 Estados, con casi 23.000 empleos) una exenci\u00f3n\u2026","rel":"","context":"En \u00abAborto\u00bb","img":{"alt_text":"","src":"","width":0,"height":0},"classes":[]},{"id":4041,"url":"http:\/\/catolicasmexico.com\/blog\/el-abortista-detenido-con-contenedores-llenos-de-restos-de-bebes-abortados-trabaja-en-un-hospital-catolico\/","url_meta":{"origin":322,"position":5},"title":"El abortista detenido con contenedores llenos de restos de bebes abortados trabaja en un hospital 'cat\u00f3lico'","date":"21 octubre 2015","format":false,"excerpt":"Original: lifesitenews Traducci\u00f3n libre para catolicasmexico.com \u00a0 \u00a0 Hace unos d\u00edas, LifeNews inform\u00f3 sobre la historia del abortista de\u00a0 Michigan que fue sorprendido con lo que la polic\u00eda local identific\u00f3 como 14 recipientes de pl\u00e1stico que posiblemente conten\u00edan los cuerpos de beb\u00e9s abortados junto con otros tejidos humanos. La polic\u00eda\u2026","rel":"","context":"En \u00abAborto\u00bb","img":{"alt_text":"","src":"https:\/\/i2.wp.com\/catolicasmexico.com\/blog\/wp-content\/uploads\/2015\/10\/michaelroth3.png?resize=350%2C200","width":350,"height":200},"classes":[]}],"jetpack_likes_enabled":false,"jetpack_sharing_enabled":true,"_links":{"self":[{"href":"http:\/\/catolicasmexico.com\/blog\/wp-json\/wp\/v2\/posts\/322"}],"collection":[{"href":"http:\/\/catolicasmexico.com\/blog\/wp-json\/wp\/v2\/posts"}],"about":[{"href":"http:\/\/catolicasmexico.com\/blog\/wp-json\/wp\/v2\/types\/post"}],"author":[{"embeddable":true,"href":"http:\/\/catolicasmexico.com\/blog\/wp-json\/wp\/v2\/users\/2"}],"replies":[{"embeddable":true,"href":"http:\/\/catolicasmexico.com\/blog\/wp-json\/wp\/v2\/comments?post=322"}],"version-history":[{"count":1,"href":"http:\/\/catolicasmexico.com\/blog\/wp-json\/wp\/v2\/posts\/322\/revisions"}],"predecessor-version":[{"id":324,"href":"http:\/\/catolicasmexico.com\/blog\/wp-json\/wp\/v2\/posts\/322\/revisions\/324"}],"wp:featuredmedia":[{"embeddable":true,"href":"http:\/\/catolicasmexico.com\/blog\/wp-json\/wp\/v2\/media\/323"}],"wp:attachment":[{"href":"http:\/\/catolicasmexico.com\/blog\/wp-json\/wp\/v2\/media?parent=322"}],"wp:term":[{"taxonomy":"category","embeddable":true,"href":"http:\/\/catolicasmexico.com\/blog\/wp-json\/wp\/v2\/categories?post=322"},{"taxonomy":"post_tag","embeddable":true,"href":"http:\/\/catolicasmexico.com\/blog\/wp-json\/wp\/v2\/tags?post=322"}],"curies":[{"name":"wp","href":"https:\/\/api.w.org\/{rel}","templated":true}]}}