{"id":319,"date":"2013-05-15T08:00:08","date_gmt":"2013-05-15T13:00:08","guid":{"rendered":"http:\/\/catolicasmexico.com\/blog\/?p=319"},"modified":"2013-05-14T22:12:26","modified_gmt":"2013-05-15T03:12:26","slug":"congresista-americano-confiesa-que-su-madre-estuvo-a-punto-de-abortarlo","status":"publish","type":"post","link":"http:\/\/catolicasmexico.com\/blog\/congresista-americano-confiesa-que-su-madre-estuvo-a-punto-de-abortarlo\/","title":{"rendered":"Congresista Americano, confiesa que su madre estuvo a punto de abortarlo."},"content":{"rendered":"<p><a href=\"http:\/\/catolicasmexico.com\/blog\/wp-content\/uploads\/2013\/05\/image-17.jpeg\"><img data-attachment-id=\"320\" data-permalink=\"http:\/\/catolicasmexico.com\/blog\/congresista-americano-confiesa-que-su-madre-estuvo-a-punto-de-abortarlo\/image-17\/\" data-orig-file=\"http:\/\/catolicasmexico.com\/blog\/wp-content\/uploads\/2013\/05\/image-17.jpeg\" data-orig-size=\"500,340\" data-comments-opened=\"1\" data-image-meta=\"{&quot;aperture&quot;:&quot;0&quot;,&quot;credit&quot;:&quot;&quot;,&quot;camera&quot;:&quot;&quot;,&quot;caption&quot;:&quot;&quot;,&quot;created_timestamp&quot;:&quot;0&quot;,&quot;copyright&quot;:&quot;&quot;,&quot;focal_length&quot;:&quot;0&quot;,&quot;iso&quot;:&quot;0&quot;,&quot;shutter_speed&quot;:&quot;0&quot;,&quot;title&quot;:&quot;&quot;,&quot;orientation&quot;:&quot;0&quot;}\" data-image-title=\"image (17)\" data-image-description=\"\" data-medium-file=\"http:\/\/catolicasmexico.com\/blog\/wp-content\/uploads\/2013\/05\/image-17-300x204.jpeg\" data-large-file=\"http:\/\/catolicasmexico.com\/blog\/wp-content\/uploads\/2013\/05\/image-17.jpeg\" class=\"alignnone size-medium wp-image-320\" title=\"image (17)\" src=\"http:\/\/catolicasmexico.com\/blog\/wp-content\/uploads\/2013\/05\/image-17-300x204.jpg\" alt=\"\" width=\"300\" height=\"204\" srcset=\"http:\/\/catolicasmexico.com\/blog\/wp-content\/uploads\/2013\/05\/image-17-300x204.jpg 300w, http:\/\/catolicasmexico.com\/blog\/wp-content\/uploads\/2013\/05\/image-17-150x150.jpeg 150w\" sizes=\"100vw\" \/> <\/a><\/p>\n<p>WASHINGTON D.C., 14 May. 13 \/ 04:25 am (<a href=\"http:\/\/www.aciprensa.com\/\" target=\"_blank\"><strong>ACI\/EWTN Noticias<\/strong><\/a>).- \u201cEsa noche en casa con mi esposa y mis dos ni\u00f1os, me dol\u00eda el coraz\u00f3n al pensar que todo esto (su\u00a0<a href=\"http:\/\/www.aciprensa.com\/vida\" target=\"_blank\">vida<\/a>\u00a0y\u00a0<a href=\"http:\/\/www.aciprensa.com\/Familia\/index.html\" target=\"_blank\">familia<\/a>) no podr\u00eda haber existido\u201d, expres\u00f3 el congresista republicano de Indiana (Estados Unidos), Marlin Stutzman, luego que su madre le dijera entre l\u00e1grimas que estuvo a punto de abortarlo.<\/p>\n<p>Stutzman es un defensor de la causa\u00a0<a href=\"http:\/\/www.aciprensa.com\/vida\/\" target=\"_blank\">pro-vida<\/a>\u00a0y pro-familia en el congreso estadounidense. Hace pocos d\u00edas, se pronunci\u00f3 en el pleno de la C\u00e1mara sobre el caso del Dr. Kermit Gosnell, conocido por asesinar a beb\u00e9s sobrevivientes a abortos, y acusado del asesinato de una madre y sus cuatro hijos que nacieron vivos en un procedimiento de\u00a0<a href=\"http:\/\/www.aciprensa.com\/aborto\/index.html\" target=\"_blank\">aborto<\/a>\u00a0fallido en Filadelfia.<\/p>\n<p>El congresista que naci\u00f3 fruto de un embarazo no deseado relat\u00f3 el 8 de mayo en el diario The Washington Times en un art\u00edculo escrito por \u00e9l mismo, la conversaci\u00f3n que tuvo con su madre sobre el aborto.<\/p>\n<p>En su escrito se\u00f1al\u00f3 que luego que hablara del caso Gosnell, se pregunt\u00f3 si algunas vez su madre hab\u00eda pensado poner fin al embarazo. \u201cmis padres nunca dieron alg\u00fan indicio sobre si alguna vez (abortar) fuera una consideraci\u00f3n, pero, habr\u00e1 sido?\u201d.<\/p>\n<p>Llam\u00f3 a su madre para preguntarle, \u201chabl\u00e9 con ella sobre mi intervenci\u00f3n en el pleno de la C\u00e1mara y luego le pregunt\u00e9 suavemente: Mam\u00e1, \u00bfLo pensaste alguna vez?, luego de una tensa pausa, con l\u00e1grimas me dijo: Marlin, lo siento mucho\u00bb.<\/p>\n<p>Ambos estaban muy conmovidos, \u201ca medida que lloramos juntos, yo ya no era un miembro del Congreso, era un hijo que comprendi\u00f3 por primera vez el dolor y las luchas que mi madre hab\u00eda pasado antes que yo naciera\u201d, y reflexion\u00f3 que si era abortado, no existir\u00eda la familia que ahora tiene.<\/p>\n<p>La madre del representante de Indiana ten\u00eda 17 a\u00f1os cuando un incendio destruy\u00f3 su casa en diciembre de 1975 y ella reci\u00e9n se hab\u00eda enterado que estaba embarazada. Desconsolada, sola y aterrorizada como lo describe Stutzman, lloraba en el suelo del dormitorio de la casa de un vecino.<\/p>\n<p>Fue entonces cuando decidi\u00f3 manejar sola 40 millas de distancia, con el fin de llegar a Kalamazoo, Michigan y \u00abhacerse cargo de la situaci\u00f3n (&#8230;). \u00bfQu\u00e9 hubiera pasado si una cl\u00ednica &#8216;Gosnell&#8217; hubiera estado s\u00f3lo a cuatro millas de distancia en lugar de 40?\u00bb se pregunt\u00f3 el congresista.<\/p>\n<p>Durante la conversaci\u00f3n su madre le pregunt\u00f3 si\u00a0 la perdonaba, a lo que \u00e9l le respondi\u00f3: \u00abs\u00ed, con todo mi coraz\u00f3n. (&#8230;) Esa ni\u00f1a era mi madre\u201d, se\u00f1al\u00f3 Stutzman para decir luego \u201cyo podr\u00eda haber sido abortado\u201d.<\/p>\n<p>El congresista expres\u00f3 \u201clo agradecido que estaba con ella y por la fuerza de mi padre en hacer lo correcto y proteger mi vida. Pudo haber terminado de manera diferente\u201d. Este hecho sucedi\u00f3 dos a\u00f1os despu\u00e9s del caso\u00a0<a href=\"http:\/\/www.aciprensa.com\/aborto\/amanipulacion.htm\" target=\"_blank\">Roe Vs. Wade<\/a>\u00a0con que se legaliz\u00f3 el aborto en el pa\u00eds.<\/p>\n<p>Stutzman escribi\u00f3 tambi\u00e9n que la conversaci\u00f3n con su madre \u201cme hizo preguntarme cu\u00e1ntos padres, esposas, empresarios, m\u00e9dicos y funcionarios p\u00fablicos han desaparecido hoy en d\u00eda a causa del aborto.<\/p>\n<p>Desde 1973, m\u00e1s de 55 millones de ni\u00f1os han sido asesinados antes de nacer. Yo estaba a s\u00f3lo 40 millas de ser uno de ellos\u201d.<\/p>\n<p>Tambi\u00e9n expres\u00f3 \u201c\u00bfPor qu\u00e9 la Casa Blanca encuentran las acciones del Dr. Gosnell \u00abinquietantes\u00bb, cuando, como senador estatal, el presidente Obama vot\u00f3 en contra de la Ley de Protecci\u00f3n de Ni\u00f1os Nacidos Vivos de Illinois?\u201d.<\/p>\n<p>El congresista explic\u00f3 que actualmente \u201cno hay distinci\u00f3n\u00a0<a href=\"http:\/\/www.aciprensa.com\/moral\/index.html\" target=\"_blank\">moral<\/a>\u00a0entre acabar con la vida de un ni\u00f1o de cinco segundos despu\u00e9s de nacer o cinco d\u00edas antes\u201d porque los abortistas se escudan en argumentos que consideran leg\u00edtimos tales como aborto \u201cseguro, legal y poco frecuente\u00bb como lo viene haciendo Gosnell en sus juicios.<\/p>\n<p>Stutzman critic\u00f3 duramente que luego que se le llam\u00f3 al beb\u00e9 por d\u00e9cadas \u201cmont\u00f3n de c\u00e9lulas\u201d, las personas ahora se horroriza de ver a los ni\u00f1os abortados congelados, en\u00a0 bolsas de basura o en latas de comidas para gatos. As\u00ed como tambi\u00e9n denunci\u00f3 que no existe ninguna diferencia entre los abortos que auspicia Planned Parenthood y los que se realizan en cl\u00ednicas como Gosnell, asesinando a los beb\u00e9s que nacen vivos cortandoles la espina dorsal.<\/p>\n<p>El congresista exhort\u00f3 a los estadounidenses y dijo que \u201cdeben reunirse para una conversaci\u00f3n honesta sobre el aborto &#8211; e invit\u00f3 &#8211; a examinar los hechos para encontrar nuestra conciencia nacional\u201d.<\/p>\n<p>\u201cGosnell, como cualquier otra abortista en este pa\u00eds, vende mentiras a las mujeres j\u00f3venes como mi madre\u201d sobre el aborto, subray\u00f3 Stutzman y agreg\u00f3 \u201cmis j\u00f3venes padres tomaron la decisi\u00f3n incre\u00edblemente dif\u00edcil de rechazar esas mentiras y proteger mi vida\u201d.<\/p>\n","protected":false},"excerpt":{"rendered":"<p>WASHINGTON D.C., 14 May. 13 \/ 04:25 am (ACI\/EWTN Noticias).- \u201cEsa noche en casa con mi esposa y mis dos ni\u00f1os, me dol\u00eda el coraz\u00f3n al pensar que todo esto (su\u00a0vida\u00a0y\u00a0familia) no podr\u00eda haber existido\u201d, expres\u00f3 el congresista republicano de Indiana (Estados Unidos), Marlin Stutzman, luego que su madre le dijera entre l\u00e1grimas que estuvo [&hellip;]<\/p>\n","protected":false},"author":2,"featured_media":320,"comment_status":"open","ping_status":"open","sticky":false,"template":"","format":"standard","meta":{"spay_email":"","jetpack_publicize_message":"","jetpack_is_tweetstorm":false},"categories":[9],"tags":[],"aioseo_notices":[],"jetpack_featured_media_url":"http:\/\/catolicasmexico.com\/blog\/wp-content\/uploads\/2013\/05\/image-17.jpeg","jetpack_publicize_connections":[],"jetpack_shortlink":"https:\/\/wp.me\/p3B5XH-59","jetpack-related-posts":[{"id":907,"url":"http:\/\/catolicasmexico.com\/blog\/triunfo-pro-vida-congreso-peruano-rechaza-reparto-de-anticonceptivos-a-menores\/","url_meta":{"origin":319,"position":0},"title":"Triunfo pro-vida: Congreso peruano rechaza reparto de anticonceptivos a menores","date":"19 junio 2013","format":false,"excerpt":"LIMA, 18 Jun. 13 \/ 01:45 pm (ACI).- La Comisi\u00f3n de la Mujer del Congreso de Per\u00fa rechaz\u00f3 ayer las presiones de organizaciones abortistas que buscaban que se inserte en el art\u00edculo 27 del C\u00f3digo del Ni\u00f1o y del Adolescente la entrega sin consentimiento paterno de anticonceptivos a menores desde\u2026","rel":"","context":"En \u00abContracepci\u00f3n\u00bb","img":{"alt_text":"","src":"","width":0,"height":0},"classes":[]},{"id":867,"url":"http:\/\/catolicasmexico.com\/blog\/congresista-abortista-denuncia-a-aci-prensa-por-campana-difamatoria\/","url_meta":{"origin":319,"position":1},"title":"Congresista abortista denuncia a ACI Prensa por \"campa\u00f1a difamatoria\"","date":"17 junio 2013","format":false,"excerpt":"Congresista Rosa Mavila REDACCI\u00d3N CENTRAL, 16 Jun. 13 \/ 04:02 pm (ACI).- La congresista Rosa Mavila, que ha promovido la despenalizaci\u00f3n del aborto eugen\u00e9sico y por violaci\u00f3n en Per\u00fa, acus\u00f3 a ACI Prensa de organizar, junto al Population Research Institute (PRI), una \u201ccampa\u00f1a difamatoria\u201d contra sus colegas Ver\u00f3nika Mendoza, Doris\u2026","rel":"","context":"En \u00abLegislaci\u00f3n\u00bb","img":{"alt_text":"","src":"","width":0,"height":0},"classes":[]},{"id":524,"url":"http:\/\/catolicasmexico.com\/blog\/espana-joven-sacerdote-gana-concurso-de-videos-pro-vida\/","url_meta":{"origin":319,"position":2},"title":"Espa\u00f1a: Joven sacerdote gana concurso de videos pro-vida","date":"27 mayo 2013","format":false,"excerpt":"\u00a0 El joven Borja Uriarte Corral ha obtenido el primer premio del concurso de la Conferencia Episcopal Espa\u00f1ola 'Este soy yo', lanzado en el marco de la campa\u00f1a de la Jornada por la vida 2013, por un v\u00eddeo en el que cuenta qui\u00e9n es, desde que estaba en el vientre\u2026","rel":"","context":"En \u00abAborto\u00bb","img":{"alt_text":"","src":"","width":0,"height":0},"classes":[]},{"id":692,"url":"http:\/\/catolicasmexico.com\/blog\/peru-exigen-a-congresistas-no-aprobar-anticonceptivos-para-menores-sin-permiso-de-padres\/","url_meta":{"origin":319,"position":3},"title":"Per\u00fa: Exigen a congresistas no aprobar anticonceptivos para menores sin permiso de padres","date":"3 junio 2013","format":false,"excerpt":"Noticia ACI. LIMA, 29 May. 13 \/ 12:01 pm (ACI).- El Population Research Institute (PRI) lanz\u00f3 una campa\u00f1a para exigir a las congresistas peruanas Gladys Condori, Doris Oseda y Elsa Anicama que no aprueben hoy la inserci\u00f3n del \"art\u00edculo 27\" en el C\u00f3digo de la Ni\u00f1ez y la Adolescencia, pues\u2026","rel":"","context":"En \u00abContracepci\u00f3n\u00bb","img":{"alt_text":"","src":"","width":0,"height":0},"classes":[]},{"id":965,"url":"http:\/\/catolicasmexico.com\/blog\/pelosi-se-rie-de-la-carta-del-sacerdote-que-desafio-su-posicion-sobre-el-aborto-esta-actuando-histericamente\/","url_meta":{"origin":319,"position":4},"title":"Pelosi se r\u00ede de la carta del sacerdote que desafi\u00f3 su posici\u00f3n sobre el aborto: \"Est\u00e1 actuando hist\u00e9ricamente\"","date":"27 junio 2013","format":false,"excerpt":"Por John Jalsevac. Traducido y editado por Alejandro P. de www.catolicasmexico.com Martes, 25 de junio de 2013 15:51 25 De junio del 2013 (LifeSiteNews.com) - La ex presidente de la c\u00e1mara de representantes, Nancy Pelosi se ha re\u00eddo de una carta redactada por el fundador de Sacerdotes por la Vida,\u2026","rel":"","context":"En \u00abAborto\u00bb","img":{"alt_text":"","src":"https:\/\/i0.wp.com\/catolicasmexico.com\/blog\/wp-content\/uploads\/2013\/07\/Nacy-Pelosi-1024x1024.jpeg?resize=350%2C200","width":350,"height":200},"classes":[]},{"id":31,"url":"http:\/\/catolicasmexico.com\/blog\/31\/","url_meta":{"origin":319,"position":5},"title":"Juicio contra el m\u00e9dico Kermit Gosnell","date":"21 abril 2013","format":false,"excerpt":"\u00a0 Filadelfia.12 Abr. 13 \/ 06:37 pm (ACI\/EWTN Noticias).- El juicio contra el m\u00e9dico Kermit Gosnell, acusado de asesinar a beb\u00e9s que sobrevivieron a los abortos tard\u00edos que practic\u00f3 en su cl\u00ednica de Filadelfia, ha destapado el horror del negocio del\u00a0aborto\u00a0con la aparici\u00f3n de fotograf\u00edas de beb\u00e9s decapitados y cuerpos\u2026","rel":"","context":"En \u00abAborto\u00bb","img":{"alt_text":"","src":"https:\/\/i0.wp.com\/catolicasmexico.com\/blog\/wp-content\/uploads\/2013\/04\/image.jpeg?resize=350%2C200","width":350,"height":200},"classes":[]}],"jetpack_likes_enabled":false,"jetpack_sharing_enabled":true,"_links":{"self":[{"href":"http:\/\/catolicasmexico.com\/blog\/wp-json\/wp\/v2\/posts\/319"}],"collection":[{"href":"http:\/\/catolicasmexico.com\/blog\/wp-json\/wp\/v2\/posts"}],"about":[{"href":"http:\/\/catolicasmexico.com\/blog\/wp-json\/wp\/v2\/types\/post"}],"author":[{"embeddable":true,"href":"http:\/\/catolicasmexico.com\/blog\/wp-json\/wp\/v2\/users\/2"}],"replies":[{"embeddable":true,"href":"http:\/\/catolicasmexico.com\/blog\/wp-json\/wp\/v2\/comments?post=319"}],"version-history":[{"count":1,"href":"http:\/\/catolicasmexico.com\/blog\/wp-json\/wp\/v2\/posts\/319\/revisions"}],"predecessor-version":[{"id":321,"href":"http:\/\/catolicasmexico.com\/blog\/wp-json\/wp\/v2\/posts\/319\/revisions\/321"}],"wp:featuredmedia":[{"embeddable":true,"href":"http:\/\/catolicasmexico.com\/blog\/wp-json\/wp\/v2\/media\/320"}],"wp:attachment":[{"href":"http:\/\/catolicasmexico.com\/blog\/wp-json\/wp\/v2\/media?parent=319"}],"wp:term":[{"taxonomy":"category","embeddable":true,"href":"http:\/\/catolicasmexico.com\/blog\/wp-json\/wp\/v2\/categories?post=319"},{"taxonomy":"post_tag","embeddable":true,"href":"http:\/\/catolicasmexico.com\/blog\/wp-json\/wp\/v2\/tags?post=319"}],"curies":[{"name":"wp","href":"https:\/\/api.w.org\/{rel}","templated":true}]}}