{"id":3151,"date":"2014-07-01T09:27:08","date_gmt":"2014-07-01T14:27:08","guid":{"rendered":"http:\/\/catolicasmexico.com\/blog\/?p=3151"},"modified":"2014-07-01T13:35:41","modified_gmt":"2014-07-01T18:35:41","slug":"el-femen-amenazan-con-apropiarse-de-una-iglesia-tras-su-expulsion-de-clichy","status":"publish","type":"post","link":"http:\/\/catolicasmexico.com\/blog\/el-femen-amenazan-con-apropiarse-de-una-iglesia-tras-su-expulsion-de-clichy\/","title":{"rendered":"Las Femen amenazan con apropiarse de una iglesia tras su expulsi\u00f3n de Clichy."},"content":{"rendered":"<p><a href=\"http:\/\/catolicasmexico.com\/blog\/wp-content\/uploads\/2014\/07\/20140701-144420.jpg\"><img src=\"http:\/\/catolicasmexico.com\/blog\/wp-content\/uploads\/2014\/07\/20140701-144420.jpg\" alt=\"20140701-144420.jpg\" class=\"alignnone size-full\"  \/> <\/a><\/p>\n<p>Del sitio www.medias-presse-info.com traducci\u00f3n y edici\u00f3n libre www.catolicas mexico.com<br \/>\nInna Shevchenko, presente en el tribunal de Asni\u00e8res para la audiencia de la sentencia, hizo una nueva amenaza  contra los cristianos: &#8216; vamos a utilizar una iglesia en Par\u00eds, o bien el Ayuntamiento de Par\u00eds.<br \/>\nLa Sentencia fue dada por el Tribunal de distrito de Asni\u00e8res este lunes, 30 de junio:  Las extremistas Femen deben ser expulsadas inmediatamente del edificio en Clichy (Hauts-de-Seine). Debe recordarse que el edificio pertenec\u00eda al Sindicato Interdepartamental para la asignaci\u00f3n de la zona metropolitana de Par\u00eds.<br \/>\n7 miembros de la Femen vivieron ilegalmente en este lugar por 6 meses, as\u00ed tambi\u00e9n deber\u00e1n pagar 7 398,94 euros al due\u00f1o del local y pagar las facturas de electricidad y 1.500 euros en honorarios de los abogados.<br \/>\nEl grupo extremista Femen tambi\u00e9n quieren contar con Anne Hidalgo, alcalde de Par\u00eds, ya que ella demostr\u00f3 su apoyo a las Femen, Inna Shevchenko, le hizo una llamada&#8230;., \u00abtal vez ella escuchar\u00e1&#8230;\u00bb.<\/p>\n","protected":false},"excerpt":{"rendered":"<p>Del sitio www.medias-presse-info.com traducci\u00f3n y edici\u00f3n libre www.catolicas mexico.com Inna Shevchenko, presente en el tribunal de Asni\u00e8res para la audiencia de la sentencia, hizo una nueva amenaza contra los cristianos: &#8216; vamos a utilizar una iglesia en Par\u00eds, o bien el Ayuntamiento de Par\u00eds. La Sentencia fue dada por el Tribunal de distrito de Asni\u00e8res [&hellip;]<\/p>\n","protected":false},"author":2,"featured_media":3158,"comment_status":"open","ping_status":"open","sticky":false,"template":"","format":"standard","meta":{"spay_email":"","jetpack_publicize_message":"","jetpack_is_tweetstorm":false},"categories":[335,78,71],"tags":[490,185,732],"aioseo_notices":[],"jetpack_featured_media_url":"http:\/\/catolicasmexico.com\/blog\/wp-content\/uploads\/2014\/07\/20140701-144420.jpg","jetpack_publicize_connections":[],"jetpack_shortlink":"https:\/\/wp.me\/p3B5XH-OP","jetpack-related-posts":[{"id":1290,"url":"http:\/\/catolicasmexico.com\/blog\/1290\/","url_meta":{"origin":3151,"position":0},"title":"La fundadora de FEMEN, sirvi\u00f3 de  modelo de Marianne en Francia.","date":"15 julio 2013","format":false,"excerpt":"Del sitio www.christianophobie.fr Traducci\u00f3n y edici\u00f3n libre www.catolicasmexico.com Para poner el dedo en la llaga este domingo 14 de julio desde el Palacio del El\u00edseo se revel\u00f3 el nuevo timbre postal de la \"Marianne\" tras dos meses de guardar muy bien el secreto. Uno de los dos dise\u00f1adores del timbre\u2026","rel":"","context":"En \u00abFe\u00bb","img":{"alt_text":"","src":"https:\/\/i1.wp.com\/catolicasmexico.com\/blog\/wp-content\/uploads\/2013\/07\/20130715-1616171.jpg?resize=350%2C200","width":350,"height":200},"classes":[]},{"id":1835,"url":"http:\/\/catolicasmexico.com\/blog\/kitti-green-directora-de-l%c2%b4ucraina-non-e-un-bordello-en-donde-su-fundador-admite-las-cree-para-tener-mujeres\/","url_meta":{"origin":3151,"position":1},"title":"Kitti green directora de \u00abL\u00b4Ucraina non \u00e8 un bordello\u00bb en donde el fundador de las Femen admite \"las cre\u00e9 para tener mujeres\".","date":"16 septiembre 2013","format":false,"excerpt":"FRANCIA.-(AGENCIALAVOZ) (...) Una \"multinacional\" con trapos sucios Las Femen son ya una multinacional, con escuelas de activistas en Francia, Alemania, Brasil, y un \u00edcono global del feminismo y de los nuevos derechos. O lo eran hasta que se present\u00f3 en el Festival de Venecia la pel\u00edcula \u00abL\u00b4Ucraina non \u00e8 un\u2026","rel":"","context":"En \u00abFeminismo\u00bb","img":{"alt_text":"","src":"","width":0,"height":0},"classes":[]},{"id":1938,"url":"http:\/\/catolicasmexico.com\/blog\/femen-llega-a-latinoamerica-protestas-al-desnudo-en-mexico\/","url_meta":{"origin":3151,"position":2},"title":"Femen llega a Latinoam\u00e9rica: protestas al desnudo en M\u00e9xico","date":"4 octubre 2013","format":false,"excerpt":"El movimiento\u00a0Femen, creado en Ucrania y presente en varios pa\u00edses europeos, anunci\u00f3 este lunes 9 de septiembre la adhesi\u00f3n de una\u00a0filial mexicana\u00a0al grupo. \u00a0 \"Me llamo Gisela. Tengo 24 a\u00f1os y soy de M\u00e9xico. Me un\u00ed a\u00a0Femen, porque en su marco, el cuerpo se convierte en una fuerza y no\u2026","rel":"","context":"En \u00abFeminismo\u00bb","img":{"alt_text":"","src":"https:\/\/i2.wp.com\/catolicasmexico.com\/blog\/wp-content\/uploads\/2013\/10\/giselafemenmexico.jpg?resize=350%2C200","width":350,"height":200},"classes":[]},{"id":587,"url":"http:\/\/catolicasmexico.com\/blog\/la-infiltracion-de-una-joven-en-la-organizacion-femen\/","url_meta":{"origin":3151,"position":3},"title":"La infiltraci\u00f3n de una j\u00f3ven en la organizaci\u00f3n Femen","date":"28 mayo 2013","format":false,"excerpt":"Una mujer se infiltra en la secta Femen. Fuente de informaci\u00f3n Valeurs actuelles Redacci\u00f3n y traducci\u00f3n libre para www.catolicasmexico.com Exclusif: une infiltr\u00e9e chez les Femen | Valeurs actuelles Informacion exclusiva. Iseul forma parte de las \"Antigonas\". La j\u00f3ven estudiante en derecho, tiene 21 a\u00f1os y logr\u00f3 infiltrar el movimiento <\u2026","rel":"","context":"En \u00abFeminismo\u00bb","img":{"alt_text":"","src":"","width":0,"height":0},"classes":[]},{"id":2520,"url":"http:\/\/catolicasmexico.com\/blog\/el-aborto-es-sagrado-corearon-a-la-entrada-de-la-misa\/","url_meta":{"origin":3151,"position":4},"title":"\u00abEl aborto es sagrado\u00bb, corearon a la entrada de la misa","date":"4 febrero 2014","format":false,"excerpt":"Del sitio Religi\u00f3n en Libertad. Editado por Alejandro P. para catolicasmexico.com Cinco activistas del\u00a0movimiento abortista Femen, con los pechos desnudos, han abordado al grito de \"el aborto es sagrado\" al cardenal Antonio Mar\u00eda Rouco, arzobispo de Madrid y presidente de los obispos espa\u00f1oles, cuando \u00e9l se dispon\u00eda a entrar en\u2026","rel":"","context":"En \u00abAborto\u00bb","img":{"alt_text":"","src":"https:\/\/i2.wp.com\/catolicasmexico.com\/blog\/wp-content\/uploads\/2014\/02\/femen_tetas_rouco.jpg?resize=350%2C200","width":350,"height":200},"classes":[]},{"id":837,"url":"http:\/\/catolicasmexico.com\/blog\/las-activistas-de-femen-condenadas-a-cuatro-meses-de-prision-en-tunez\/","url_meta":{"origin":3151,"position":5},"title":"Las activistas de Femen, condenadas a cuatro meses de prisi\u00f3n en T\u00fanez","date":"14 junio 2013","format":false,"excerpt":"Noticia del peri\u00f3dico el mundo. Comentario de P.G. De www.catolicasmexico.com Comentario: Las mujeres que forman parte de este grupo, saben que en occidente, no sufrir\u00e1n de ning\u00fan castigo, los ejemplos m\u00e1s recientes, los sacrilegios cometidos en la Catedral de Nantes o la infame agresi\u00f3n contra el arzobispo de Malines-Bruselas, Andr\u00e9\u2026","rel":"","context":"En \u00abFeminismo\u00bb","img":{"alt_text":"","src":"","width":0,"height":0},"classes":[]}],"jetpack_likes_enabled":false,"jetpack_sharing_enabled":true,"_links":{"self":[{"href":"http:\/\/catolicasmexico.com\/blog\/wp-json\/wp\/v2\/posts\/3151"}],"collection":[{"href":"http:\/\/catolicasmexico.com\/blog\/wp-json\/wp\/v2\/posts"}],"about":[{"href":"http:\/\/catolicasmexico.com\/blog\/wp-json\/wp\/v2\/types\/post"}],"author":[{"embeddable":true,"href":"http:\/\/catolicasmexico.com\/blog\/wp-json\/wp\/v2\/users\/2"}],"replies":[{"embeddable":true,"href":"http:\/\/catolicasmexico.com\/blog\/wp-json\/wp\/v2\/comments?post=3151"}],"version-history":[{"count":4,"href":"http:\/\/catolicasmexico.com\/blog\/wp-json\/wp\/v2\/posts\/3151\/revisions"}],"predecessor-version":[{"id":3160,"href":"http:\/\/catolicasmexico.com\/blog\/wp-json\/wp\/v2\/posts\/3151\/revisions\/3160"}],"wp:featuredmedia":[{"embeddable":true,"href":"http:\/\/catolicasmexico.com\/blog\/wp-json\/wp\/v2\/media\/3158"}],"wp:attachment":[{"href":"http:\/\/catolicasmexico.com\/blog\/wp-json\/wp\/v2\/media?parent=3151"}],"wp:term":[{"taxonomy":"category","embeddable":true,"href":"http:\/\/catolicasmexico.com\/blog\/wp-json\/wp\/v2\/categories?post=3151"},{"taxonomy":"post_tag","embeddable":true,"href":"http:\/\/catolicasmexico.com\/blog\/wp-json\/wp\/v2\/tags?post=3151"}],"curies":[{"name":"wp","href":"https:\/\/api.w.org\/{rel}","templated":true}]}}