{"id":315,"date":"2013-05-14T09:20:15","date_gmt":"2013-05-14T14:20:15","guid":{"rendered":"http:\/\/catolicasmexico.com\/blog\/?p=315"},"modified":"2013-05-13T15:22:42","modified_gmt":"2013-05-13T20:22:42","slug":"estados-unidos-critican-entrega-de-condones-a-menores-proyecto-viola-derecho-de-padres","status":"publish","type":"post","link":"http:\/\/catolicasmexico.com\/blog\/estados-unidos-critican-entrega-de-condones-a-menores-proyecto-viola-derecho-de-padres\/","title":{"rendered":"Estados Unidos: Critican  entrega de condones a menores: proyecto viola derecho de padres."},"content":{"rendered":"<p><a href=\"http:\/\/catolicasmexico.com\/blog\/wp-content\/uploads\/2013\/05\/image-16.jpeg\"><img data-attachment-id=\"316\" data-permalink=\"http:\/\/catolicasmexico.com\/blog\/estados-unidos-critican-entrega-de-condones-a-menores-proyecto-viola-derecho-de-padres\/image-16\/\" data-orig-file=\"http:\/\/catolicasmexico.com\/blog\/wp-content\/uploads\/2013\/05\/image-16.jpeg\" data-orig-size=\"500,340\" data-comments-opened=\"1\" data-image-meta=\"{&quot;aperture&quot;:&quot;0&quot;,&quot;credit&quot;:&quot;&quot;,&quot;camera&quot;:&quot;&quot;,&quot;caption&quot;:&quot;&quot;,&quot;created_timestamp&quot;:&quot;0&quot;,&quot;copyright&quot;:&quot;&quot;,&quot;focal_length&quot;:&quot;0&quot;,&quot;iso&quot;:&quot;0&quot;,&quot;shutter_speed&quot;:&quot;0&quot;,&quot;title&quot;:&quot;&quot;,&quot;orientation&quot;:&quot;0&quot;}\" data-image-title=\"image (16)\" data-image-description=\"\" data-medium-file=\"http:\/\/catolicasmexico.com\/blog\/wp-content\/uploads\/2013\/05\/image-16-300x204.jpeg\" data-large-file=\"http:\/\/catolicasmexico.com\/blog\/wp-content\/uploads\/2013\/05\/image-16.jpeg\" class=\"alignnone size-medium wp-image-316\" title=\"image (16)\" src=\"http:\/\/catolicasmexico.com\/blog\/wp-content\/uploads\/2013\/05\/image-16-300x204.jpg\" alt=\"\" width=\"300\" height=\"204\" srcset=\"http:\/\/catolicasmexico.com\/blog\/wp-content\/uploads\/2013\/05\/image-16-300x204.jpg 300w, http:\/\/catolicasmexico.com\/blog\/wp-content\/uploads\/2013\/05\/image-16-150x150.jpeg 150w\" sizes=\"100vw\" \/> <\/a><\/p>\n<p>WASHINGTON D.C., 13 May. 13 \/ 08:20 am (<a href=\"http:\/\/www.aciprensa.com\/\" target=\"_blank\"><strong>ACI\/EWTN Noticias<\/strong><\/a>).- El director ejecutivo del programa juvenil OneEighty, Jake McGregor, critic\u00f3 el Proyecto de Acceso a Condones que funciona en California y que entrega v\u00eda postal<a href=\"http:\/\/www.aciprensa.com\/sida\/preservativos.htm\" target=\"_blank\">preservativos<\/a>\u00a0a menores a partir de los doce a\u00f1os, pues no respeta el derecho de los padres sobre la crianza de sus hijos.<\/p>\n<p>\u201cEs como decirles \u2018vamos a hacer muy f\u00e1cil que tengas una\u00a0<a href=\"http:\/\/www.aciprensa.com\/vida\" target=\"_blank\">vida<\/a>\u00a0\u00a0sexual activa y vamos a hacer que puedas absolverte de la responsabilidad que trae esa vida \u00a0sexual\u2019. Esto saca a los padres del juego y no es una buena idea\u201d, expres\u00f3 McGregor, director ejecutivo de este programa de orientaci\u00f3n cristiana.<\/p>\n<p>El programa responde al Departamento de Salud P\u00fablica estatal fue lanzado como piloto en 2012 y desde entonces ha entregado 30.000 condones a menores que lo han solicitado desde un sitio web. Ahora se ha extendido a los condados californianos de San Diego y Fresno.<\/p>\n<p>El programa se ampara en la ley de este estado que establece que desde los 12 a\u00f1os no es necesario contar con el consentimiento de los padres para m\u00e9todos<a href=\"http:\/\/www.aciprensa.com\/vida\/control.htm\" target=\"_blank\">anticonceptivos<\/a>.<\/p>\n<p>As\u00ed como McGregor, la prensa inform\u00f3 que otras organizaciones defensoras de los derechos de los padres han criticado este proyecto porque es una injerencia gubernamental en el \u00e1mbito familiar.<\/p>\n","protected":false},"excerpt":{"rendered":"<p>WASHINGTON D.C., 13 May. 13 \/ 08:20 am (ACI\/EWTN Noticias).- El director ejecutivo del programa juvenil OneEighty, Jake McGregor, critic\u00f3 el Proyecto de Acceso a Condones que funciona en California y que entrega v\u00eda postalpreservativos\u00a0a menores a partir de los doce a\u00f1os, pues no respeta el derecho de los padres sobre la crianza de sus [&hellip;]<\/p>\n","protected":false},"author":2,"featured_media":316,"comment_status":"open","ping_status":"open","sticky":false,"template":"","format":"standard","meta":{"spay_email":"","jetpack_publicize_message":"","jetpack_is_tweetstorm":false},"categories":[16,17],"tags":[],"aioseo_notices":[],"jetpack_featured_media_url":"http:\/\/catolicasmexico.com\/blog\/wp-content\/uploads\/2013\/05\/image-16.jpeg","jetpack_publicize_connections":[],"jetpack_shortlink":"https:\/\/wp.me\/p3B5XH-55","jetpack-related-posts":[{"id":907,"url":"http:\/\/catolicasmexico.com\/blog\/triunfo-pro-vida-congreso-peruano-rechaza-reparto-de-anticonceptivos-a-menores\/","url_meta":{"origin":315,"position":0},"title":"Triunfo pro-vida: Congreso peruano rechaza reparto de anticonceptivos a menores","date":"19 junio 2013","format":false,"excerpt":"LIMA, 18 Jun. 13 \/ 01:45 pm (ACI).- La Comisi\u00f3n de la Mujer del Congreso de Per\u00fa rechaz\u00f3 ayer las presiones de organizaciones abortistas que buscaban que se inserte en el art\u00edculo 27 del C\u00f3digo del Ni\u00f1o y del Adolescente la entrega sin consentimiento paterno de anticonceptivos a menores desde\u2026","rel":"","context":"En \u00abContracepci\u00f3n\u00bb","img":{"alt_text":"","src":"","width":0,"height":0},"classes":[]},{"id":692,"url":"http:\/\/catolicasmexico.com\/blog\/peru-exigen-a-congresistas-no-aprobar-anticonceptivos-para-menores-sin-permiso-de-padres\/","url_meta":{"origin":315,"position":1},"title":"Per\u00fa: Exigen a congresistas no aprobar anticonceptivos para menores sin permiso de padres","date":"3 junio 2013","format":false,"excerpt":"Noticia ACI. LIMA, 29 May. 13 \/ 12:01 pm (ACI).- El Population Research Institute (PRI) lanz\u00f3 una campa\u00f1a para exigir a las congresistas peruanas Gladys Condori, Doris Oseda y Elsa Anicama que no aprueben hoy la inserci\u00f3n del \"art\u00edculo 27\" en el C\u00f3digo de la Ni\u00f1ez y la Adolescencia, pues\u2026","rel":"","context":"En \u00abContracepci\u00f3n\u00bb","img":{"alt_text":"","src":"","width":0,"height":0},"classes":[]},{"id":2058,"url":"http:\/\/catolicasmexico.com\/blog\/los-padres-y-no-el-estado-deben-ensenar-a-sus-hijos-una-recta-sexualidad-dice-experto\/","url_meta":{"origin":315,"position":2},"title":"Los padres y no el Estado deben ense\u00f1ar a sus hijos una recta sexualidad, dice experto","date":"12 noviembre 2013","format":false,"excerpt":"Jokin de Irala. Foto: ACI Prensa GUAYAQUIL, 11 Nov. 13 \/ 12:11 am (ACI).- Jokin de Irala, Investigador Principal del Proyecto de Investigaci\u00f3n Educaci\u00f3n de la Afectividad y Sexualidad Humana, del Instituto de Cultura y Sociedad de la Universidad de Navarra (Espa\u00f1a), asegur\u00f3 que es responsabilidad de los padres y\u2026","rel":"","context":"En \u00abEducaci\u00f3n\u00bb","img":{"alt_text":"","src":"https:\/\/i1.wp.com\/catolicasmexico.com\/blog\/wp-content\/uploads\/2013\/11\/20131112-184030.jpg?resize=350%2C200","width":350,"height":200},"classes":[]},{"id":1583,"url":"http:\/\/catolicasmexico.com\/blog\/el-colmo-de-la-perversion-los-padres-deben-dar-a-los-bebes-el-sentido-de-la-sexualidad-desde-su-nacimiento-planned-parenthood\/","url_meta":{"origin":315,"position":3},"title":"\u00a1El colmo de la perversi\u00f3n!: Los padres deben dar a los beb\u00e9s el sentido de la sexualidad desde su nacimiento: Planned Parenthood","date":"13 agosto 2013","format":false,"excerpt":"(LifeSiteNews.com)Por Kathleen Gilbert. Edici\u00f3n y traducci\u00f3n libre de Alejandro P. para catolicasmexico.com Un programa publicitado como \"audaz, a nivel nacional, como un \"esfuerzo de cambio social\" est\u00e1 siendo lanzado por Planned Parenthood para alterar el di\u00e1logo en la familia sobre la sexualidad y alentar a los padres para facilitar la\u2026","rel":"","context":"En \u00abAborto\u00bb","img":{"alt_text":"","src":"","width":0,"height":0},"classes":[]},{"id":3111,"url":"http:\/\/catolicasmexico.com\/blog\/nueva-ley-del-d-f-quita-a-padres-de-familia-su-potestad-de-educar-comision-mexicana-de-derechos-humanos-a-c\/","url_meta":{"origin":315,"position":4},"title":"NUEVA LEY DEL D.F. QUITA A PADRES DE FAMILIA SU POTESTAD DE EDUCAR: Comisi\u00f3n Mexicana de Derechos Humanos, A.C.","date":"24 junio 2014","format":false,"excerpt":"Presentamos el escrito que reproduce el portal CITIZENGO en el que se piden firmas para solicitar el veto a esta ley. El sitio para firmar dicha solicitud es el siguiente (haz click): http:\/\/www.citizengo.org\/es\/8642-vetar-ley-y-jovenes-del-distrito-federal COMUNICADO DE LA CMDH: LA CMDH DENUNCIA QUE -CON ESA LEY- DESDE LOS 12 A\u00d1OS, EN LA\u2026","rel":"","context":"En \u00abEducaci\u00f3n\u00bb","img":{"alt_text":"","src":"","width":0,"height":0},"classes":[]},{"id":468,"url":"http:\/\/catolicasmexico.com\/blog\/peru-expertos-desmienten-argumentos-de-promotores-del-aborto-en-congreso\/","url_meta":{"origin":315,"position":5},"title":"Per\u00fa: Expertos desmienten argumentos de promotores del aborto en Congreso","date":"24 mayo 2013","format":false,"excerpt":"En el marco de una mesa de trabajo sobre modificaciones al C\u00f3digo de la Ni\u00f1ez y Adolescencia en el Congreso de Per\u00fa, dieciocho expertos en defensa de la vida rebatieron los argumentos del lobby promotor del aborto, que pretend\u00eda introducir la anticoncepci\u00f3n y el aborto en la norma, usando t\u00e9rminos\u2026","rel":"","context":"En \u00abAborto\u00bb","img":{"alt_text":"","src":"https:\/\/i0.wp.com\/catolicasmexico.com\/blog\/wp-content\/uploads\/2013\/05\/image-61.jpeg?resize=350%2C200","width":350,"height":200},"classes":[]}],"jetpack_likes_enabled":false,"jetpack_sharing_enabled":true,"_links":{"self":[{"href":"http:\/\/catolicasmexico.com\/blog\/wp-json\/wp\/v2\/posts\/315"}],"collection":[{"href":"http:\/\/catolicasmexico.com\/blog\/wp-json\/wp\/v2\/posts"}],"about":[{"href":"http:\/\/catolicasmexico.com\/blog\/wp-json\/wp\/v2\/types\/post"}],"author":[{"embeddable":true,"href":"http:\/\/catolicasmexico.com\/blog\/wp-json\/wp\/v2\/users\/2"}],"replies":[{"embeddable":true,"href":"http:\/\/catolicasmexico.com\/blog\/wp-json\/wp\/v2\/comments?post=315"}],"version-history":[{"count":1,"href":"http:\/\/catolicasmexico.com\/blog\/wp-json\/wp\/v2\/posts\/315\/revisions"}],"predecessor-version":[{"id":317,"href":"http:\/\/catolicasmexico.com\/blog\/wp-json\/wp\/v2\/posts\/315\/revisions\/317"}],"wp:featuredmedia":[{"embeddable":true,"href":"http:\/\/catolicasmexico.com\/blog\/wp-json\/wp\/v2\/media\/316"}],"wp:attachment":[{"href":"http:\/\/catolicasmexico.com\/blog\/wp-json\/wp\/v2\/media?parent=315"}],"wp:term":[{"taxonomy":"category","embeddable":true,"href":"http:\/\/catolicasmexico.com\/blog\/wp-json\/wp\/v2\/categories?post=315"},{"taxonomy":"post_tag","embeddable":true,"href":"http:\/\/catolicasmexico.com\/blog\/wp-json\/wp\/v2\/tags?post=315"}],"curies":[{"name":"wp","href":"https:\/\/api.w.org\/{rel}","templated":true}]}}