{"id":3149,"date":"2014-07-01T08:21:51","date_gmt":"2014-07-01T13:21:51","guid":{"rendered":"http:\/\/catolicasmexico.com\/blog\/?p=3149"},"modified":"2017-07-21T23:37:51","modified_gmt":"2017-07-22T04:37:51","slug":"nuestra-senora-de-la-luz","status":"publish","type":"post","link":"http:\/\/catolicasmexico.com\/blog\/nuestra-senora-de-la-luz\/","title":{"rendered":"Nuestra Se\u00f1ora de La Luz."},"content":{"rendered":"<p><a href=\"http:\/\/catolicasmexico.com\/blog\/wp-content\/uploads\/2014\/07\/20140701-093454.jpg\"><img src=\"http:\/\/catolicasmexico.com\/blog\/wp-content\/uploads\/2014\/07\/20140701-093454.jpg\" alt=\"20140701-093454.jpg\" class=\"alignnone size-full\"  \/> <\/a><\/p>\n<p>Oraci\u00f3n  a Nuestra Se\u00f1ora de la Luz<br \/>\nMadre y se\u00f1ora, t\u00fa eres luz que disipas la sombra del enga\u00f1o;<br \/>\nt\u00fa eres la dulzura que deleita al coraz\u00f3n<br \/>\ny eres la poderosa madre en quien espero y conf\u00edo.<\/p>\n<p>Aleja de mi todo peligro; gu\u00e1rdame, se\u00f1ora,<br \/>\ny en estos ocho d\u00edas rec\u00edbeme por tuyo;<br \/>\nyo volver\u00e9, se\u00f1ora, a tus sant\u00edsimos pies;<br \/>\nyo dar\u00e9 a mi coraz\u00f3n la dicha de saludarte,<br \/>\ny yo renovar\u00e9 el amor que desde hoy te ofrezco.<\/p>\n<p>\u00c1ngeles de la patria celestial, alabad por mi<br \/>\na la madre sant\u00edsima de la luz;<br \/>\ndios y se\u00f1or de la majestad y grandeza,<br \/>\npues s\u00f3lo vos sab\u00e9is lo que es Mar\u00eda,<br \/>\nensalzadla y engrandecedla y t\u00fa,<br \/>\nmadre y se\u00f1ora, admite mi coraz\u00f3n;<br \/>\nlas necesidades que tiene t\u00fa lo sabes; rem\u00e9dialas;<br \/>\nderrama el b\u00e1lsamo suav\u00edsimo de tu amor;<br \/>\nhaz que en todas mis acciones te llame madre de la luz;<br \/>\nal\u00fambrame, compad\u00e9cete de mi, y no permitas<br \/>\nque sea presa del demonio; y haz que,<br \/>\npues te portas como mi madre, yo me porte<br \/>\ncomo tu hijo. Am\u00e9n.<\/p>\n<p>     La iconograf\u00eda de la Virgen de la Luz tiene su origen en la ciudad de Palermo (Italia) sobre el a\u00f1os 1722, cuando una monja vision\u00f3 una imagen de la Virgen Mar\u00eda evitando caer en las fauces de un monstruo maligno, mientras sostenie su alma.<\/p>\n<p>La imagen de esta visi\u00f3n plasmada por un pintor sobre esas fechas de 1722, fue conservada en la ciudad de Palermo hasta 1732, cuando fue sorteada por el padre Jos\u00e9 Genovesi para el traslado a alguna fundaci\u00f3n reciente de la Compa\u00f1\u00eda de Jes\u00fas, siendo en suerte trasladada el 2 de julio de 1732 a la iglesia jesuita de Le\u00f3n en Guanajuato (M\u00e9xico), que desde el a\u00f1o 2005 es denominada Bas\u00edlica-Catedral Metropolitana de Nuestra Madre Sant\u00edsima de la Luz. A partir de entonces, los jesuitas fueron quienes difundieron su culto por el continente americano. <\/p>\n<p>La Virgen Mar\u00eda aparece vestida con t\u00fanica blanca y su manto azul (semejante al de la iconograf\u00eda de la Inmaculada Concepci\u00f3n), que simbolizan su pureza y castidad, sobre un fondo de color amarillo dorado.<\/p>\n<p>En los brazos sostiene con su mano derecha la figura de un alma, y con su brazo izquierdo al Ni\u00f1o Jes\u00fas, el cual escoge un par de corazones ardientes que un \u00e1ngel porta y le ofrece en una cesta. Los corazones ardientes simbolizan la caridad y el amor a Dios.<\/p>\n<p>Sobre la cabeza de la Virgen Mar\u00eda est\u00e1n un par de \u00e1ngeles que la coronan como reina del cielo, mientras que a sus pies, le espera un monstruo (Leviat\u00e1n) con sus fauces abiertas.<br \/>\nDel sitio Santopedia.com<\/p>\n","protected":false},"excerpt":{"rendered":"<p>Oraci\u00f3n a Nuestra Se\u00f1ora de la Luz Madre y se\u00f1ora, t\u00fa eres luz que disipas la sombra del enga\u00f1o; t\u00fa eres la dulzura que deleita al coraz\u00f3n y eres la poderosa madre en quien espero y conf\u00edo. Aleja de mi todo peligro; gu\u00e1rdame, se\u00f1ora, y en estos ocho d\u00edas rec\u00edbeme por tuyo; yo volver\u00e9, se\u00f1ora, [&hellip;]<\/p>\n","protected":false},"author":2,"featured_media":3148,"comment_status":"open","ping_status":"open","sticky":false,"template":"","format":"standard","meta":{"spay_email":"","jetpack_publicize_message":"","jetpack_is_tweetstorm":false},"categories":[458],"tags":[],"aioseo_notices":[],"jetpack_featured_media_url":"http:\/\/catolicasmexico.com\/blog\/wp-content\/uploads\/2014\/07\/20140701-093454.jpg","jetpack_publicize_connections":[],"jetpack_shortlink":"https:\/\/wp.me\/p3B5XH-ON","jetpack-related-posts":[{"id":5044,"url":"http:\/\/catolicasmexico.com\/blog\/novena-a-nuestra-senora-de-la-salette\/","url_meta":{"origin":3149,"position":0},"title":"Novena a Nuestra Se\u00f1ora de la Salette.","date":"11 septiembre 2021","format":false,"excerpt":"Se aconseja rezarla del dia 11 al 19 de cada mes. Para la conversi\u00f3n de los pecadores. Para el perd\u00f3n de las blasfemias. Para la protecci\u00f3n de la Santa Iglesia. PRIMER DIA. Postrandome a vuestros pies, \u00a1oh tierna Madre! os pido (Aqui se dice lo que se desea obtener en\u2026","rel":"","context":"En \u00abNovenas\u00bb","img":{"alt_text":"","src":"https:\/\/i0.wp.com\/catolicasmexico.com\/blog\/wp-content\/uploads\/2021\/09\/salette-virgin4.jpg?resize=350%2C200","width":350,"height":200},"classes":[]},{"id":4188,"url":"http:\/\/catolicasmexico.com\/blog\/trisagio-al-sagrado-corazon-de-jesus\/","url_meta":{"origin":3149,"position":1},"title":"Trisagio al Sagrado Coraz\u00f3n de Jes\u00fas.","date":"14 enero 2016","format":false,"excerpt":"TRISAGIO AL SAGRADO CORAZON DE JESUS. \u2756 CREO en Dios, espero en Dios, amo a Dios sobre todas las cosas. Bendito adorado y tiernamente amado sea el dulc\u00edsimo coraz\u00f3n de JESUS, ahora y siempre y por infinitos siglos de los siglos Am\u00e9n. Dirigid sagrado coraz\u00f3n mis expresiones, y ellas publicar\u00e1n\u2026","rel":"","context":"En \u00abOraciones\u00bb","img":{"alt_text":"","src":"https:\/\/i1.wp.com\/catolicasmexico.com\/blog\/wp-content\/uploads\/2016\/01\/IMG_0244.jpg?resize=350%2C200","width":350,"height":200},"classes":[]},{"id":4952,"url":"http:\/\/catolicasmexico.com\/blog\/oracion-a-la-virgen-para-cuando-uno-va-salir\/","url_meta":{"origin":3149,"position":2},"title":"Oraci\u00f3n a la Virgen para cuando uno va salir.","date":"5 agosto 2020","format":false,"excerpt":"Consagraci\u00f3n a la Sant\u00edsima Virgen. Oh Se\u00f1ora y madre m\u00eda, yo me ofrezco toda a Vos y en prenda de mi filial afecto Os consagro en este d\u00eda mis ojos, mis o\u00eddos, mi lengua, mi coraz\u00f3n y en una palabra todo mi ser. Ya que soy todo Vuestro, o madre\u2026","rel":"","context":"En \u00abOraciones\u00bb","img":{"alt_text":"","src":"https:\/\/i1.wp.com\/catolicasmexico.com\/blog\/wp-content\/uploads\/2020\/08\/89f0dddd-2552-497b-825b-68b983c162c5-191-0000000bc6e38cf4.jpg?resize=350%2C200","width":350,"height":200},"classes":[]},{"id":2217,"url":"http:\/\/catolicasmexico.com\/blog\/hoy-la-iglesia-celebra-a-la-virgen-de-guadalupe-patrona-de-america\/","url_meta":{"origin":3149,"position":3},"title":"Hoy la Iglesia celebra a la Virgen de Guadalupe, Patrona de Am\u00e9rica","date":"12 diciembre 2013","format":false,"excerpt":"LIMA, 12 Dic. 13 \/ 12:04 am (ACI).- Hoy 12 de diciembre fieles en el mundo entero festejan a Nuestra Se\u00f1ora de Guadalupe, Patrona de M\u00e9xico y Emperatriz de Am\u00e9rica, y en el marco de esta fecha el Papa Francisco se\u00f1al\u00f3 que la aparici\u00f3n de la Madre de Dios en\u2026","rel":"","context":"En \u00abFe\u00bb","img":{"alt_text":"","src":"","width":0,"height":0},"classes":[]},{"id":4128,"url":"http:\/\/catolicasmexico.com\/blog\/trisagios-a-la-santma-trinidad-y-al-sagrado-corazon-de-jesus-con-el-ejercicio-del-via-crucis\/","url_meta":{"origin":3149,"position":4},"title":"Trisagios  a La  Santma. Trinidad  y al  Sagrado Coraz\u00f3n  de  Jes\u00fas .  Con el ejercicio del Via-Crucis","date":"17 diciembre 2015","format":false,"excerpt":"\u00a0 TRISAGIOS A LA SANTMA. TRINIDAD, Y AL SAGRADO CORAZON DE JESUS. CON EL EJERCICIO DEL VIA-CRUCIS. \u00a0 \u00a0 \u2756 \u00a0 \u00a0 TRISAGIO PARA ALABAR A LA SANTISIMA TRINIDAD. \u00a0 Vers.\u00a0\u00a0\u00a0 Domine labia mea aperies. Resp. Et os meum anuntiabit laudem tuam. Vers. Deus in adjutorium meum intende. Resp. Domime\u2026","rel":"","context":"En \u00abOraciones\u00bb","img":{"alt_text":"","src":"https:\/\/i2.wp.com\/catolicasmexico.com\/blog\/wp-content\/uploads\/2015\/12\/trisagios.png?resize=350%2C200","width":350,"height":200},"classes":[]},{"id":3009,"url":"http:\/\/catolicasmexico.com\/blog\/los-cinco-primeros-sabados-del-mes-de-reparacion-al-inmaculado-corazon-de-maria-santisima\/","url_meta":{"origin":3149,"position":5},"title":"Los cinco primeros s\u00e1bados del mes de reparaci\u00f3n  al Inmaculado Coraz\u00f3n de Maria Sant\u00edsima.","date":"7 junio 2014","format":false,"excerpt":"Del sitio www.sant\u00edsimavirgen.com Luc\u00eda, vidente de F\u00e1tima, era postulante en el Convento de las Doroteas en Pontevedra, Espa\u00f1a cuando tiene una aparici\u00f3n de la Virgen sobre una nube de luz, con el Ni\u00f1o Jes\u00fas a su lado. La Sant\u00edsima Virgen puso su mano sobre el hombro de Luc\u00eda, mientras en\u2026","rel":"","context":"En \u00abFe\u00bb","img":{"alt_text":"","src":"","width":0,"height":0},"classes":[]}],"jetpack_likes_enabled":false,"jetpack_sharing_enabled":true,"_links":{"self":[{"href":"http:\/\/catolicasmexico.com\/blog\/wp-json\/wp\/v2\/posts\/3149"}],"collection":[{"href":"http:\/\/catolicasmexico.com\/blog\/wp-json\/wp\/v2\/posts"}],"about":[{"href":"http:\/\/catolicasmexico.com\/blog\/wp-json\/wp\/v2\/types\/post"}],"author":[{"embeddable":true,"href":"http:\/\/catolicasmexico.com\/blog\/wp-json\/wp\/v2\/users\/2"}],"replies":[{"embeddable":true,"href":"http:\/\/catolicasmexico.com\/blog\/wp-json\/wp\/v2\/comments?post=3149"}],"version-history":[{"count":1,"href":"http:\/\/catolicasmexico.com\/blog\/wp-json\/wp\/v2\/posts\/3149\/revisions"}],"predecessor-version":[{"id":3150,"href":"http:\/\/catolicasmexico.com\/blog\/wp-json\/wp\/v2\/posts\/3149\/revisions\/3150"}],"wp:featuredmedia":[{"embeddable":true,"href":"http:\/\/catolicasmexico.com\/blog\/wp-json\/wp\/v2\/media\/3148"}],"wp:attachment":[{"href":"http:\/\/catolicasmexico.com\/blog\/wp-json\/wp\/v2\/media?parent=3149"}],"wp:term":[{"taxonomy":"category","embeddable":true,"href":"http:\/\/catolicasmexico.com\/blog\/wp-json\/wp\/v2\/categories?post=3149"},{"taxonomy":"post_tag","embeddable":true,"href":"http:\/\/catolicasmexico.com\/blog\/wp-json\/wp\/v2\/tags?post=3149"}],"curies":[{"name":"wp","href":"https:\/\/api.w.org\/{rel}","templated":true}]}}