{"id":313,"date":"2013-05-14T08:45:51","date_gmt":"2013-05-14T13:45:51","guid":{"rendered":"http:\/\/catolicasmexico.com\/blog\/?p=313"},"modified":"2017-07-24T11:45:44","modified_gmt":"2017-07-24T16:45:44","slug":"sacerdote-espanol-salva-vida-de-un-hombre-ante-inminente-suicidio","status":"publish","type":"post","link":"http:\/\/catolicasmexico.com\/blog\/sacerdote-espanol-salva-vida-de-un-hombre-ante-inminente-suicidio\/","title":{"rendered":"Sacerdote espa\u00f1ol salva vida de un hombre ante inminente suicidio"},"content":{"rendered":"<p><a href=\"http:\/\/catolicasmexico.com\/blog\/wp-content\/uploads\/2013\/05\/sacerdote.jpg\"><img data-attachment-id=\"4741\" data-permalink=\"http:\/\/catolicasmexico.com\/blog\/sacerdote-espanol-salva-vida-de-un-hombre-ante-inminente-suicidio\/sacerdote\/\" data-orig-file=\"http:\/\/catolicasmexico.com\/blog\/wp-content\/uploads\/2013\/05\/sacerdote.jpg\" data-orig-size=\"275,183\" data-comments-opened=\"1\" data-image-meta=\"{&quot;aperture&quot;:&quot;0&quot;,&quot;credit&quot;:&quot;&quot;,&quot;camera&quot;:&quot;&quot;,&quot;caption&quot;:&quot;&quot;,&quot;created_timestamp&quot;:&quot;0&quot;,&quot;copyright&quot;:&quot;&quot;,&quot;focal_length&quot;:&quot;0&quot;,&quot;iso&quot;:&quot;0&quot;,&quot;shutter_speed&quot;:&quot;0&quot;,&quot;title&quot;:&quot;&quot;,&quot;orientation&quot;:&quot;0&quot;}\" data-image-title=\"sacerdote\" data-image-description=\"\" data-medium-file=\"http:\/\/catolicasmexico.com\/blog\/wp-content\/uploads\/2013\/05\/sacerdote.jpg\" data-large-file=\"http:\/\/catolicasmexico.com\/blog\/wp-content\/uploads\/2013\/05\/sacerdote.jpg\" src=\"http:\/\/catolicasmexico.com\/blog\/wp-content\/uploads\/2013\/05\/sacerdote.jpg\" alt=\"\" width=\"275\" height=\"183\" class=\"alignleft size-full wp-image-4741\" srcset=\"http:\/\/catolicasmexico.com\/blog\/wp-content\/uploads\/2013\/05\/sacerdote.jpg 275w, http:\/\/catolicasmexico.com\/blog\/wp-content\/uploads\/2013\/05\/sacerdote-150x150.jpg 150w\" sizes=\"100vw\" \/> <\/a><\/p>\n<p><object width=\"560\" height=\"315\" classid=\"clsid:d27cdb6e-ae6d-11cf-96b8-444553540000\" codebase=\"http:\/\/download.macromedia.com\/pub\/shockwave\/cabs\/flash\/swflash.cab#version=6,0,40,0\"><param name=\"allowFullScreen\" value=\"true\" \/><param name=\"allowscriptaccess\" value=\"always\" \/><param name=\"src\" value=\"http:\/\/www.youtube.com\/v\/KXNTG-pRHZg?version=3&amp;hl=en_GB&amp;rel=0\" \/><param name=\"allowfullscreen\" value=\"true\" \/><\/object><\/p>\n<p>MADRID, 13 May. 13 \/ 04:35 am (<a href=\"http:\/\/www.aciprensa.com\/\" target=\"_self\"><strong>ACI\/EWTN Noticias<\/strong><\/a>).- El sacerdote Ismael Rojo salv\u00f3 la\u00a0<a href=\"http:\/\/www.aciprensa.com\/vida\">vida<\/a>\u00a0de un hombre que pretend\u00eda suicidarse lanz\u00e1ndose por un viaducto de 23 metros de altura situado en pleno centro de Madrid (Espa\u00f1a).<\/p>\n<p>El sacerdote \u2013que fue ordenado presb\u00edtero hace menos de dos semanas\u2013 caminaba rezando el pasado jueves por el viaducto, cuando advirti\u00f3 que el hombre se hab\u00eda colado entre la barandilla del puente y la mampara de vidrio que protege a los viandantes.<\/p>\n<p>\u201cPens\u00e9 que eso solo pod\u00eda significar una cosa, que se quer\u00eda quitar la vida\u00bb, refiri\u00f3 al programa de televisi\u00f3n Espejo P\u00fablico de Antena 3.<\/p>\n<p>El P. Rojo intent\u00f3 distraer al hombre de su objetivo con peque\u00f1os golpes en el cristal que los separaba. El hombre se gir\u00f3 y le dijo: \u201cPadre, he pecado. Mi vida no tiene sentido he hecho algo muy gordo y me voy a matar\u201d.<\/p>\n<p>\u201cYo le dije que eso no ten\u00eda sentido y que en la vida todo ten\u00eda remedio\u2026 Tuve la suerte de que ven\u00edan unos seminaristas y les hice un gesto de que llamaran al 112 porque este hombre se tiraba\u201d, explic\u00f3.<\/p>\n<p>En ese lapso de tiempo el sacerdote aprovech\u00f3 para restituir un billete de 10 euros que hab\u00edan ca\u00eddo del bolsillo del hombre, e intent\u00f3 establecer una conversaci\u00f3n mientras rezaba para ganar algo de tiempo.<\/p>\n<p>Un joven seminarista, Ismael, y un repartidor llamado Ernesto, llegaron en sufragio del sacerdote para salvar al hombre. Ambos saltaron la valla y \u201clograron sujetarlo antes de que se tirara, porque \u2013asegura-, ya ten\u00eda medio cuerpo fuera\u201d.<\/p>\n<p>El P. Rojo\u00a0 est\u00e1 intentando localizar al suicida para hablar con \u00e9l y darle atenci\u00f3n espiritual.<\/p>\n<p>\u201cCreo que esta persona est\u00e1 mal. Est\u00e1 muy triste. Para llegar a ese extremo tiene que haberle pasado algo muy gordo\u201d, lament\u00f3.<\/p>\n","protected":false},"excerpt":{"rendered":"<p>MADRID, 13 May. 13 \/ 04:35 am (ACI\/EWTN Noticias).- El sacerdote Ismael Rojo salv\u00f3 la\u00a0vida\u00a0de un hombre que pretend\u00eda suicidarse lanz\u00e1ndose por un viaducto de 23 metros de altura situado en pleno centro de Madrid (Espa\u00f1a). El sacerdote \u2013que fue ordenado presb\u00edtero hace menos de dos semanas\u2013 caminaba rezando el pasado jueves por el viaducto, [&hellip;]<\/p>\n","protected":false},"author":2,"featured_media":4741,"comment_status":"open","ping_status":"open","sticky":false,"template":"","format":"standard","meta":{"spay_email":"","jetpack_publicize_message":"","jetpack_is_tweetstorm":false},"categories":[13],"tags":[],"aioseo_notices":[],"jetpack_featured_media_url":"http:\/\/catolicasmexico.com\/blog\/wp-content\/uploads\/2013\/05\/sacerdote.jpg","jetpack_publicize_connections":[],"jetpack_shortlink":"https:\/\/wp.me\/p3B5XH-53","jetpack-related-posts":[{"id":157,"url":"http:\/\/catolicasmexico.com\/blog\/obispos-de-uruguay-alientan-referendum-contra-el-aborto\/","url_meta":{"origin":313,"position":0},"title":"Obispos de Uruguay alientan refer\u00e9ndum contra el aborto","date":"7 mayo 2013","format":false,"excerpt":"MONTEVIDEO, 03 May. 13 \/ 05:38 pm (ACI\/EWTN Noticias) .- En un comunicado emitido hoy, la Conferencia Episcopal del Uruguay (CEU) expres\u00f3 su apoyo a la realizaci\u00f3n de un referendo que permita la derogaci\u00f3n de la legislaci\u00f3n abortista en el pa\u00eds. Los Obispos uruguayos aseguraron que con el referendo, los\u2026","rel":"","context":"En \u00abAborto\u00bb","img":{"alt_text":"","src":"","width":0,"height":0},"classes":[]},{"id":184,"url":"http:\/\/catolicasmexico.com\/blog\/padre-asesinado-en-barranquilla\/","url_meta":{"origin":313,"position":1},"title":"Padre asesinado en barranquilla.","date":"8 mayo 2013","format":false,"excerpt":"BOGOT\u00c1, 07 May. 13 \/ 04:05 pm (ACI\/EWTN Noticias).- La Conferencia Episcopal de Colombia (CEC) lament\u00f3 el \"atroz\" asesinato del P. Jos\u00e9 Antonio Valle Bayona, que recibi\u00f3 17 pu\u00f1aladas -la mayor\u00eda en la cara y el cuello- y cuyo cuerpo fue encontrado en una acequia en una zona rural de\u2026","rel":"","context":"En \u00abIglesia cat\u00f3lica\u00bb","img":{"alt_text":"","src":"https:\/\/i2.wp.com\/catolicasmexico.com\/blog\/wp-content\/uploads\/2013\/05\/image-4.jpeg?resize=350%2C200","width":350,"height":200},"classes":[]},{"id":2364,"url":"http:\/\/catolicasmexico.com\/blog\/convocan-a-vigilia-de-adoracion-y-reparacion-por-un-ecuador-libre-de-aborto\/","url_meta":{"origin":313,"position":2},"title":"Convocan a Vigilia de adoraci\u00f3n y reparaci\u00f3n por un Ecuador libre de aborto","date":"13 enero 2014","format":false,"excerpt":"Imagen referencial. Foto: Raphael Lopes Bernardino (CC BY-NC-SA 2.0) Noticia de ACI PRENSA, Si vives en Ecuador participa, sino por favor, no te olvides de rezar por este pa\u00eds. Dios los bendiga. GUAYAQUIL, 12 Ene. 14 \/ 07:28 pm (ACI\/EWTN Noticias).- Una vigilia masiva de adoraci\u00f3n y reparaci\u00f3n con el\u2026","rel":"","context":"En \u00abAborto\u00bb","img":{"alt_text":"","src":"https:\/\/i2.wp.com\/catolicasmexico.com\/blog\/wp-content\/uploads\/2014\/01\/20140113-144822.jpg?resize=350%2C200","width":350,"height":200},"classes":[]},{"id":896,"url":"http:\/\/catolicasmexico.com\/blog\/repudian-asedio-de-promotores-del-aborto-a-catedral-de-santiago-de-compostela-promovido-por-el-psoe\/","url_meta":{"origin":313,"position":3},"title":"Repudian asedio de promotores del aborto a Catedral de Santiago de Compostela promovido por el PSOE","date":"18 junio 2013","format":false,"excerpt":"REDACCI\u00d3N CENTRAL, 17 Jun. 13 \/ 12:42 pm (ACI\/EWTN Noticias).- Miguel Vidal, portavoz de la plataforma M\u00e1s Libres, que defiende la libertad religiosa y de expresi\u00f3n en Europa, critic\u00f3 el \"totalitarismo\" expuesto por los grupos que asediaron el 16 de junio la Catedral de Santiago de Compostela (Espa\u00f1a) defendiendo el\u2026","rel":"","context":"En \u00abEspa\u00f1a\u00bb","img":{"alt_text":"","src":"","width":0,"height":0},"classes":[]},{"id":2721,"url":"http:\/\/catolicasmexico.com\/blog\/espana-promotores-del-aborto-apoyados-por-el-psoe-alientan-a-quemar-conferencia-episcopal\/","url_meta":{"origin":313,"position":4},"title":"Espa\u00f1a: Promotores del aborto apoyados por el PSOE alientan a quemar Conferencia Episcopal","date":"13 marzo 2014","format":false,"excerpt":"Captura de pantalla del blog Contando Estrellas MADRID, 12 Mar. 14 \/ 09:02 pm (ACI\/EWTN Noticias).- El blog Contando Estrellas denunci\u00f3 que en una marcha realizada el 9 de marzo, en Santiago de Compostela (Espa\u00f1a), la Plataforma Gallega por el Derecho al Aborto, que cuenta con el ex gobernante Partido\u2026","rel":"","context":"En \u00abAborto\u00bb","img":{"alt_text":"","src":"https:\/\/i0.wp.com\/catolicasmexico.com\/blog\/wp-content\/uploads\/2014\/03\/20140313-131335.jpg?resize=350%2C200","width":350,"height":200},"classes":[]},{"id":449,"url":"http:\/\/catolicasmexico.com\/blog\/lanzan-campana-para-liberar-al-obispo-de-shanghai-en-china\/","url_meta":{"origin":313,"position":5},"title":"Lanzan campa\u00f1a para liberar al Obispo de Shanghai en China","date":"23 mayo 2013","format":false,"excerpt":"MADRID, 22 May. 13 \/ 11:38 am (ACI\/Europa Press).- La asociaci\u00f3n Enraizados y el Observatorio para la Libertad Religiosa y de Conciencia han lanzado una campa\u00f1a para pedir la liberaci\u00f3n del Obispo cat\u00f3lico chino Mons. Tadeo Ma Daqin que fue recluido hace diez meses, al d\u00eda siguiente de ser ordenado\u2026","rel":"","context":"En \u00abFe\u00bb","img":{"alt_text":"","src":"https:\/\/i1.wp.com\/catolicasmexico.com\/blog\/wp-content\/uploads\/2013\/05\/image-34.jpeg?resize=350%2C200","width":350,"height":200},"classes":[]}],"jetpack_likes_enabled":false,"jetpack_sharing_enabled":true,"_links":{"self":[{"href":"http:\/\/catolicasmexico.com\/blog\/wp-json\/wp\/v2\/posts\/313"}],"collection":[{"href":"http:\/\/catolicasmexico.com\/blog\/wp-json\/wp\/v2\/posts"}],"about":[{"href":"http:\/\/catolicasmexico.com\/blog\/wp-json\/wp\/v2\/types\/post"}],"author":[{"embeddable":true,"href":"http:\/\/catolicasmexico.com\/blog\/wp-json\/wp\/v2\/users\/2"}],"replies":[{"embeddable":true,"href":"http:\/\/catolicasmexico.com\/blog\/wp-json\/wp\/v2\/comments?post=313"}],"version-history":[{"count":4,"href":"http:\/\/catolicasmexico.com\/blog\/wp-json\/wp\/v2\/posts\/313\/revisions"}],"predecessor-version":[{"id":4742,"href":"http:\/\/catolicasmexico.com\/blog\/wp-json\/wp\/v2\/posts\/313\/revisions\/4742"}],"wp:featuredmedia":[{"embeddable":true,"href":"http:\/\/catolicasmexico.com\/blog\/wp-json\/wp\/v2\/media\/4741"}],"wp:attachment":[{"href":"http:\/\/catolicasmexico.com\/blog\/wp-json\/wp\/v2\/media?parent=313"}],"wp:term":[{"taxonomy":"category","embeddable":true,"href":"http:\/\/catolicasmexico.com\/blog\/wp-json\/wp\/v2\/categories?post=313"},{"taxonomy":"post_tag","embeddable":true,"href":"http:\/\/catolicasmexico.com\/blog\/wp-json\/wp\/v2\/tags?post=313"}],"curies":[{"name":"wp","href":"https:\/\/api.w.org\/{rel}","templated":true}]}}