{"id":311,"date":"2013-05-14T08:30:19","date_gmt":"2013-05-14T13:30:19","guid":{"rendered":"http:\/\/catolicasmexico.com\/blog\/?p=311"},"modified":"2017-07-24T11:32:35","modified_gmt":"2017-07-24T16:32:35","slug":"20-mil-marcharon-en-roma-por-la-vida-y-contra-el-aborto","status":"publish","type":"post","link":"http:\/\/catolicasmexico.com\/blog\/20-mil-marcharon-en-roma-por-la-vida-y-contra-el-aborto\/","title":{"rendered":"20 mil marcharon en Roma por la vida y contra el aborto"},"content":{"rendered":"<p><object width=\"560\" height=\"315\" classid=\"clsid:d27cdb6e-ae6d-11cf-96b8-444553540000\" codebase=\"http:\/\/download.macromedia.com\/pub\/shockwave\/cabs\/flash\/swflash.cab#version=6,0,40,0\"><param name=\"allowFullScreen\" value=\"true\" \/><param name=\"allowscriptaccess\" value=\"always\" \/><param name=\"src\" value=\"http:\/\/www.youtube.com\/v\/0CUCwS2_ZWc?hl=en_GB&amp;version=3&amp;rel=0\" \/><param name=\"allowfullscreen\" value=\"true\" \/><\/object><\/p>\n<p>ROMA, 13 May. 13 \/ 12:29 pm (<a href=\"http:\/\/www.aciprensa.com\/\" target=\"_self\"><strong>ACI\/EWTN Noticias<\/strong><\/a>).- M\u00e1s de 20 mil personas, entre italianos y extranjeros, salieron ayer a las calles de Roma (Italia) en un ambiente festivo para participar de la tercera Marcha por la\u00a0<a href=\"http:\/\/www.aciprensa.com\/vida\">Vida<\/a>, en la que se pidi\u00f3 respetar este derecho humano inalienable y para protestar por la legalizaci\u00f3n del\u00a0<a href=\"http:\/\/www.aciprensa.com\/aborto\/index.html\">aborto<\/a>\u00a0en el pa\u00eds que desde 1978 ha causado la muerte de m\u00e1s de 6 millones de beb\u00e9s en el vientre materno.<\/p>\n<p>Desde muy temprano en la ma\u00f1ana del domingo 12 de mayo, los participantes de todas las edades, entre ellos familias enteras, se congregaron a las afueras del Coliseo Romano con pancartas y globos para alzar la voz por los m\u00e1s indefensos.<\/p>\n<p>Este evento que fue organizado por diferentes grupos provida italianos, cont\u00f3 con la participaci\u00f3n de la Presidenta de Marcha por la Vida USA, Jeanne Monahan; la activista\u00a0<a href=\"http:\/\/www.aciprensa.com\/vida\/\">pro-vida<\/a>\u00a0Lila Rose, y el Alcalde de Roma, Giovanni Alemanno, algunos parlamentarios italianos, y grupos provenientes de Estados Unidos, Polonia, Francia, B\u00e9lgica, Irlanda, Espa\u00f1a, Albania y Nigeria.<\/p>\n<p>La joven polaca, Alicia Kanselarcik, que acompa\u00f1aba a Szczecin, el grupo provida m\u00e1s activo en su pa\u00eds y que tambi\u00e9n marcharon el a\u00f1o pasado en Italia, explic\u00f3 a\u00a0<a href=\"http:\/\/www.aciprensa.com\/\">ACI<\/a>\u00a0Prensa que su presencia en la marcha se da porque \u00abnosotros no deber\u00edamos mostrar s\u00f3lo la defensa de la vida en Polonia sino tambi\u00e9n en el mundo entero porque la vida es el valor m\u00e1s importante, es global y universal\u00bb. ?<\/p>\n<p>Durante la marcha ACI Prensa tambi\u00e9n convers\u00f3 con la vocera de Marcha por la Vida, Virginia Coda Nunziante, quien expres\u00f3 que \u00abqueremos expandir la cultura de la vida en Italia, por eso esta es una ocasi\u00f3n para juntar a todos las asociaciones italianas y dem\u00e1s grupos para decir s\u00ed a la vida y no al aborto\u00bb.<\/p>\n<p>Sobre la participaci\u00f3n de personas llegadas de otras partes del mundo, Coda dijo que \u00abesto es muy importante para que los italianos entiendan que el aborto es un problema mundial, as\u00ed que nosotros tenemos que estar juntos para tener un mejor impacto\u00bb, y resalt\u00f3 que al realizarse la marcha en Roma cuna del cristianismo se est\u00e1 enviando \u00abun mensaje a todos los cristianos del mundo entero\u00bb.<\/p>\n<p>Al finalizar la marcha los participantes tuvieron la oportunidad de saludar al Papa Francisco que se encontraba haciendo su recorrido en el papam\u00f3vil luego de celebrar la ceremonia de canonizaci\u00f3n y el rezo del Regina Coeli en la Plaza de San Pedro y que coincidi\u00f3 al final de la V\u00eda de la conciliaziones.<\/p>\n<p>El Santo Padre incluso en su mensaje previo al recorrido envi\u00f3 un saludo a los participantes de la marcha exhortando a todos a defender la vida desde la concepci\u00f3n.<\/p>\n","protected":false},"excerpt":{"rendered":"<p>ROMA, 13 May. 13 \/ 12:29 pm (ACI\/EWTN Noticias).- M\u00e1s de 20 mil personas, entre italianos y extranjeros, salieron ayer a las calles de Roma (Italia) en un ambiente festivo para participar de la tercera Marcha por la\u00a0Vida, en la que se pidi\u00f3 respetar este derecho humano inalienable y para protestar por la legalizaci\u00f3n del\u00a0aborto\u00a0en [&hellip;]<\/p>\n","protected":false},"author":2,"featured_media":348,"comment_status":"open","ping_status":"open","sticky":false,"template":"","format":"standard","meta":{"spay_email":"","jetpack_publicize_message":"","jetpack_is_tweetstorm":false},"categories":[9,19,26],"tags":[],"aioseo_notices":[],"jetpack_featured_media_url":"http:\/\/catolicasmexico.com\/blog\/wp-content\/uploads\/2013\/05\/ppbebevientre03042013.jpg","jetpack_publicize_connections":[],"jetpack_shortlink":"https:\/\/wp.me\/p3B5XH-51","jetpack-related-posts":[{"id":334,"url":"http:\/\/catolicasmexico.com\/blog\/papa-sorprende-a-los-participantes-de-la-marcha-por-la-vida-en-roma\/","url_meta":{"origin":311,"position":0},"title":"Papa sorprende a los participantes de la marcha por la vida en Roma","date":"15 mayo 2013","format":false,"excerpt":"VATICANO, 13 May. 13 \/ 08:19 pm (ACI\/EWTN Noticias).- Gran sorpresa se llevaron los participantes de la tercera Marcha por la\u00a0Vida\u00a0en Roma, el domingo 12 de mayo, cuando al finalizar su recorrido hasta el Castillo San Angelo, vieron aproximarse hasta la primera cuadra de la Via della Conciliazione al Papa\u2026","rel":"","context":"En \u00abAborto\u00bb","img":{"alt_text":"","src":"https:\/\/i2.wp.com\/catolicasmexico.com\/blog\/wp-content\/uploads\/2013\/05\/image-20.jpeg?resize=350%2C200","width":350,"height":200},"classes":[]},{"id":278,"url":"http:\/\/catolicasmexico.com\/blog\/marcha-por-la-vida-en-italia\/","url_meta":{"origin":311,"position":1},"title":"Marcha por la vida en Italia.","date":"12 mayo 2013","format":false,"excerpt":"Este domingo 12 de mayo, en Roma, los italianos, cada vez en mayor n\u00famero, salen a la calle y alzan su voz por los m\u00e1s indefensos. Si est\u00e1s en Roma esos d\u00edas suma tu voz por los ni\u00f1os en el seno materno y por sus madres. \u00a0 REDACCI\u00d3N HO.- La\u2026","rel":"","context":"En \u00abAborto\u00bb","img":{"alt_text":"","src":"https:\/\/i2.wp.com\/catolicasmexico.com\/blog\/wp-content\/uploads\/2013\/05\/image-131.jpeg?resize=350%2C200","width":350,"height":200},"classes":[]},{"id":2839,"url":"http:\/\/catolicasmexico.com\/blog\/marcha-por-la-vida-en-colombia-este-17-de-mayo\/","url_meta":{"origin":311,"position":2},"title":"Marcha por la vida en Colombia este 17 de mayo.","date":"21 abril 2014","format":false,"excerpt":"Colombia: Anuncian Marcha por la Vida a ocho a\u00f1os de despenalizaci\u00f3n del aborto BOGOT\u00c1, 21 Abr. 14 \/ 03:40 am (ACI\/EWTN Noticias).- Las organizaciones defensoras de la vida en Colombia anunciaron para el 17 de mayo la realizaci\u00f3n de la 8 Marcha por la Vida, conmemorando los 8 a\u00f1os de\u2026","rel":"","context":"En \u00abAborto\u00bb","img":{"alt_text":"","src":"https:\/\/i1.wp.com\/catolicasmexico.com\/blog\/wp-content\/uploads\/2014\/04\/20140421-120317.jpg?resize=350%2C200","width":350,"height":200},"classes":[]},{"id":402,"url":"http:\/\/catolicasmexico.com\/blog\/el-vaticano-ofrecera-conferencia-mundial-provida-y-misa-papal\/","url_meta":{"origin":311,"position":3},"title":"El Vaticano ofrecer\u00e1 conferencia mundial provida y misa papal","date":"20 mayo 2013","format":false,"excerpt":"Por Austin Ruse ROMA, 17 de mayo (C-FAM) Los provida contuvieron el aliento el d\u00eda en el que el mundo recibi\u00f3 al nuevo Papa. No cuestionaban sus credenciales a favor de la vida, pero se preguntaban si su discurso ser\u00eda en\u00e9rgico. Pronto surgi\u00f3 una vieja cita y las inquietudes se\u2026","rel":"","context":"En \u00abAborto\u00bb","img":{"alt_text":"","src":"https:\/\/i2.wp.com\/catolicasmexico.com\/blog\/wp-content\/uploads\/2013\/05\/image-30.jpeg?resize=350%2C200","width":350,"height":200},"classes":[]},{"id":2777,"url":"http:\/\/catolicasmexico.com\/blog\/onu-y-oea-son-titeres-de-la-agenda-pro-gay-y-pro-aborto-denuncia-experta\/","url_meta":{"origin":311,"position":4},"title":"ONU y OEA son t\u00edteres de la agenda pro gay y pro aborto, denuncia experta","date":"27 marzo 2014","format":false,"excerpt":"Neydi Casillas. Foto: adfmedia.org ROMA, 26 Mar. 14 \/ 01:35 pm (ACI\/EWTN Noticias).- La abogada Neydi Casillas Padr\u00f3n, experta en monitoreo de organizaciones internacionales en temas de vida, libertad religiosa y familia, asegur\u00f3 que tanto la Organizaci\u00f3n de Naciones Unidas (ONU) y la Organizaci\u00f3n de los Estados Americanos (OEA), son\u2026","rel":"","context":"En \u00abAborto\u00bb","img":{"alt_text":"","src":"https:\/\/i1.wp.com\/catolicasmexico.com\/blog\/wp-content\/uploads\/2014\/03\/20140327-172131.jpg?resize=350%2C200","width":350,"height":200},"classes":[]},{"id":910,"url":"http:\/\/catolicasmexico.com\/blog\/en-italia-80-de-ginecologos-recurren-a-la-objecion-de-conciencia-para-no-realizar-un-aborto\/","url_meta":{"origin":311,"position":5},"title":"En Italia 80% de ginec\u00f3logos, recurren a la objeci\u00f3n de conciencia , para no realizar un aborto.","date":"19 junio 2013","format":false,"excerpt":"Del sitio de www.cqv.qc.ca original del sitio chercheurs de v\u00e9rit\u00e9 del 12 junio2013 Traducci\u00f3n y edici\u00f3n libre www.catolicasmexico.com Mientras que en 2005, el promedio nacional de ginec\u00f3logos y anestesistas que recurr\u00edan a la objeci\u00f3n de conciencia para negarse a realizar el aborto era de 58.7%, en 2013, este promedio subi\u00f3\u2026","rel":"","context":"En \u00abAborto\u00bb","img":{"alt_text":"","src":"","width":0,"height":0},"classes":[]}],"jetpack_likes_enabled":false,"jetpack_sharing_enabled":true,"_links":{"self":[{"href":"http:\/\/catolicasmexico.com\/blog\/wp-json\/wp\/v2\/posts\/311"}],"collection":[{"href":"http:\/\/catolicasmexico.com\/blog\/wp-json\/wp\/v2\/posts"}],"about":[{"href":"http:\/\/catolicasmexico.com\/blog\/wp-json\/wp\/v2\/types\/post"}],"author":[{"embeddable":true,"href":"http:\/\/catolicasmexico.com\/blog\/wp-json\/wp\/v2\/users\/2"}],"replies":[{"embeddable":true,"href":"http:\/\/catolicasmexico.com\/blog\/wp-json\/wp\/v2\/comments?post=311"}],"version-history":[{"count":2,"href":"http:\/\/catolicasmexico.com\/blog\/wp-json\/wp\/v2\/posts\/311\/revisions"}],"predecessor-version":[{"id":4727,"href":"http:\/\/catolicasmexico.com\/blog\/wp-json\/wp\/v2\/posts\/311\/revisions\/4727"}],"wp:featuredmedia":[{"embeddable":true,"href":"http:\/\/catolicasmexico.com\/blog\/wp-json\/wp\/v2\/media\/348"}],"wp:attachment":[{"href":"http:\/\/catolicasmexico.com\/blog\/wp-json\/wp\/v2\/media?parent=311"}],"wp:term":[{"taxonomy":"category","embeddable":true,"href":"http:\/\/catolicasmexico.com\/blog\/wp-json\/wp\/v2\/categories?post=311"},{"taxonomy":"post_tag","embeddable":true,"href":"http:\/\/catolicasmexico.com\/blog\/wp-json\/wp\/v2\/tags?post=311"}],"curies":[{"name":"wp","href":"https:\/\/api.w.org\/{rel}","templated":true}]}}