{"id":3104,"date":"2014-06-24T11:00:48","date_gmt":"2014-06-24T16:00:48","guid":{"rendered":"http:\/\/catolicasmexico.com\/blog\/?p=3104"},"modified":"2014-06-24T11:02:00","modified_gmt":"2014-06-24T16:02:00","slug":"s-s-pio-ix-seamos-firmes-nada-de-conciliacion-nada-de-transaccion-vedada-e-imposible","status":"publish","type":"post","link":"http:\/\/catolicasmexico.com\/blog\/s-s-pio-ix-seamos-firmes-nada-de-conciliacion-nada-de-transaccion-vedada-e-imposible\/","title":{"rendered":"S.S Pio IX :seamos firmes nada de conciliaci\u00f3n; nada de transacci\u00f3n vedada e imposible\u00bb."},"content":{"rendered":"<p><a href=\"http:\/\/catolicasmexico.com\/blog\/wp-content\/uploads\/2014\/06\/20140624-121101.jpg\"><img src=\"http:\/\/catolicasmexico.com\/blog\/wp-content\/uploads\/2014\/06\/20140624-121101.jpg\" alt=\"20140624-121101.jpg\" class=\"alignnone size-full\"  \/> <\/a><\/p>\n<p>Art\u00edculo de Catolicidad.com El 17 de septiembre de 1861 despu\u00e9s del decreto relativo a la canonizaci\u00f3n de los veintitr\u00e9s m\u00e1rtires franciscanos del Jap\u00f3n, dijo S.S. P\u00edo IX lo siguiente:<\/p>\n<p>\u00abEn estos tiempos de confusi\u00f3n y desorden, no es raro ver a cristianos, a cat\u00f3licos \u2013tambi\u00e9n los hay en el clero- que tienen siempre las palabras de t\u00e9rmino medio, conciliaci\u00f3n, y transacci\u00f3n. Pues bien, yo no titubeo en declararlo: estos hombres est\u00e1n en un error, y no los tengo por los enemigos menos peligrosos de la Iglesia\u2026 As\u00ed como no es posible la conciliaci\u00f3n entre Dios y Belial, tampoco lo es entre la Iglesia y los que meditan su perdici\u00f3n. Sin duda es menester que nuestra fuerza vaya acompa\u00f1ada de prudencia, pero no es menester igualmente, que una falta de prudencia nos lleve a pactar con la impiedad\u2026 No, seamos firmes: nada de conciliaci\u00f3n; nada de transacci\u00f3n vedada e imposible\u00bb.<\/p>\n<p>El mismo P\u00edo IX dirigi\u00f3 al presidente y socios del C\u00edrculo de San Ambrosio de Mil\u00e1n el 6 de marzo de 1873, el siguiente mensaje:<\/p>\n<p>\u00abSi bien los hijos del siglo son m\u00e1s astutos que los hijos de la luz, ser\u00edan sin embargo menos nocivos sus fraudes y violencias, si muchos que se dicen cat\u00f3licos no les tendiesen una mano amiga. Porque no faltan personas que, como para conservarse en amistad con ellos, se esfuerzan en establecer estrecha sociedad entre la luz y las tinieblas, y mancomunidad entre la justicia y la iniquidad, por medio de doctrinas que llaman cat\u00f3lico-liberales, las cuales basadas sobre principios pernicios\u00edsimos adulan a la potestad civil que invade las cosas espirituales, y arrastran los \u00e1nimos a someterse, o a lo menos, a tolerar las m\u00e1s inicuas leyes, como si no estuviese escrito: ninguno puede servir a dos se\u00f1ores. Estos son mucho m\u00e1s peligrosos y funestos que los enemigos declarados, ya porque sin ser notados, y quiz\u00e1 sin advertirlo ellos mismos, secundan las tentativas de los malos, ya tambi\u00e9n porque se muestran con apariencias de probidad y sana doctrina, que alucina a los imprudentes amadores de conciliaci\u00f3n, y trae a enga\u00f1o a los honrados, que se opondr\u00edan al error manifiesto.<\/p>\n<p>\u00abO CATOLICISMO O LIBERALISMO\u00bb<\/p>\n<p>Refiri\u00e9ndose a estos dos textos, San Ezequiel Moreno, coment\u00f3 el 29 de octubre de 1897:<\/p>\n<p>San Ezequiel Moreno<br \/>\n\u00ab(\u2026) Yo, haciendo m\u00edas las palabras de P\u00edo IX, y aplic\u00e1ndolas a nuestra actual situaci\u00f3n, concluyo este apartado diciendo: Nos hallamos en d\u00edas de confusi\u00f3n y desorden, y en estos d\u00edas se han presentado hombres cristianos, cat\u00f3licos \u2013tambi\u00e9n un sacerdote- lanzando a los cuatro vientos palabras de t\u00e9rmino medio, de transigencia, de conciliaci\u00f3n. Pues bien, yo tampoco titubeo en declararlo: esos hombres est\u00e1n en un error, y no los tengo por los enemigos menos peligrosos de la Iglesia. No es posible la conciliaci\u00f3n entre Jesucristo y el diablo, entre la Iglesia y sus enemigos, entre catolicismo y liberalismo. No, seamos firmes: nada de conciliaci\u00f3n; nada de transacci\u00f3n vedada e imposible. O catolicismo o liberalismo. No es posible la conciliaci\u00f3n.\u201d<\/p>\n<p>Por algo el Syllabus del mismo Papa P\u00edo IX conden\u00f3 la proposici\u00f3n (LXXX) que dec\u00eda que la Iglesia -a trav\u00e9s del Romano Pont\u00edfice- deb\u00eda reconciliarse con el liberalismo. Sin embargo, hoy en d\u00eda, los modernistas resucitan y practican este viejo y sobado error, y lo enarbolan como bandera de dizque \u00abprogreso\u00bb, cuando en realidad todos los viejos errores son retardatarios.<\/p>\n","protected":false},"excerpt":{"rendered":"<p>Art\u00edculo de Catolicidad.com El 17 de septiembre de 1861 despu\u00e9s del decreto relativo a la canonizaci\u00f3n de los veintitr\u00e9s m\u00e1rtires franciscanos del Jap\u00f3n, dijo S.S. P\u00edo IX lo siguiente: \u00abEn estos tiempos de confusi\u00f3n y desorden, no es raro ver a cristianos, a cat\u00f3licos \u2013tambi\u00e9n los hay en el clero- que tienen siempre las palabras [&hellip;]<\/p>\n","protected":false},"author":2,"featured_media":3103,"comment_status":"open","ping_status":"open","sticky":false,"template":"","format":"standard","meta":{"spay_email":"","jetpack_publicize_message":"","jetpack_is_tweetstorm":false},"categories":[25,13,208,197],"tags":[485],"aioseo_notices":[],"jetpack_featured_media_url":"http:\/\/catolicasmexico.com\/blog\/wp-content\/uploads\/2014\/06\/20140624-121101.jpg","jetpack_publicize_connections":[],"jetpack_shortlink":"https:\/\/wp.me\/p3B5XH-O4","jetpack-related-posts":[{"id":3469,"url":"http:\/\/catolicasmexico.com\/blog\/plan-masonico-corromper-el-corazon-de-la-mujer\/","url_meta":{"origin":3104,"position":0},"title":"Plan mas\u00f3nico :Corromper el coraz\u00f3n de la mujer","date":"14 octubre 2014","format":false,"excerpt":"El Santo padre Pio IX enter\u00e1ndose de la existencia de un documento redactado por los carboneros (sociedad secreta italiana) en donde se planeaba la destrucci\u00f3n de la iglesia, orden\u00f3 su publicaci\u00f3n la cual revelaba lo siguiente: ....\"fabriquen corazones viles y de este modo desaparecer\u00e1 la iglesia cat\u00f3lica\"...\u00bfc\u00f3mo podemos envilecer el\u2026","rel":"","context":"En \u00abataques contra la Iglesia Catolica\u00bb","img":{"alt_text":"","src":"https:\/\/i1.wp.com\/catolicasmexico.com\/blog\/wp-content\/uploads\/2014\/10\/abortistas.jpg?resize=350%2C200","width":350,"height":200},"classes":[]},{"id":4544,"url":"http:\/\/catolicasmexico.com\/blog\/indulgencias-concedidas-a-la-archicofrodia-de-la-guardia-de-honor-del-sagrado-corazon-de-jesus\/","url_meta":{"origin":3104,"position":1},"title":"Indulgencias concedidas a la archicofrod\u00eda de la Guardia de Honor del Sagrado Coraz\u00f3n de Jes\u00fas.","date":"13 julio 2017","format":false,"excerpt":"\u00a0 \u00a0 \u00a0 \u00a0 \u00a0 \u00a0 \u00a0 INDULGENCIAS CONCEDIDAS A LA ARCHICOFRADIA DE LA GUARDIA DE HONOR.Y a todas las cofrad\u00edas que est\u00e9n agregadas. La Guardia de Honor del Sagrado Coraz\u00f3n de Jes\u00fas es una de las asociaciones m\u00e1s enriquecidas con indulgencias. Estas se dividen en dos partes Parte I\u2026","rel":"","context":"En \u00abIndulgencias Sagrado Corazon\u00bb","img":{"alt_text":"","src":"https:\/\/i2.wp.com\/catolicasmexico.com\/blog\/wp-content\/uploads\/2017\/05\/2017-05-16-20.38.55-1-e1494988508856.jpg?resize=350%2C200","width":350,"height":200},"classes":[]},{"id":5124,"url":"http:\/\/catolicasmexico.com\/blog\/el-comunismo-y-la-excomunion-cuando-la-iglesia-tenia-claro-a-quien-condenar\/","url_meta":{"origin":3104,"position":2},"title":"El comunismo y la excomuni\u00f3n: Cuando la Iglesia ten\u00eda claro a qui\u00e9n condenar","date":"18 febrero 2025","format":false,"excerpt":"Fuente : https:\/\/infovaticana.com\/2025\/02\/04\/el-comunismo-y-la-excomunion-cuando-la-iglesia-tenia-claro-a-quien-condenar\/ por Jaime Gurpegui\u00a0|\u00a0InfoVaticana |\u00a004 febrero, 2025 En un tiempo no tan lejano, la Iglesia Cat\u00f3lica hablaba con claridad sobre ciertas ideolog\u00edas que hoy parecen camuflarse bajo nuevas etiquetas pero mantienen su esencia corrosiva. Un ejemplo de esa claridad es el decreto de la Suprema Sagrada Congregaci\u00f3n del\u2026","rel":"","context":"En \u00abIglesia cat\u00f3lica\u00bb","img":{"alt_text":"","src":"https:\/\/i2.wp.com\/catolicasmexico.com\/blog\/wp-content\/uploads\/2025\/02\/image.jpg?resize=350%2C200","width":350,"height":200},"classes":[]},{"id":2746,"url":"http:\/\/catolicasmexico.com\/blog\/demanda-contra-obispo-de-malaga-responderia-a-voluntad-de-mantener-popularidad-en-el-caso-de-nino-transexual\/","url_meta":{"origin":3104,"position":3},"title":"Demanda contra Obispo de M\u00e1laga responder\u00eda a voluntad de mantener popularidad en el caso de \u201cni\u00f1o transexual\u201d","date":"19 marzo 2014","format":false,"excerpt":"Mons. Jes\u00fas Catal\u00e1. Foto: Sitio web diocesismalaga.es MADRID, 19 Mar. 14 \/ 06:17 am (ACI\/EWTN Noticias).- La familia del ni\u00f1o de seis a\u00f1os \u201cque se siente ni\u00f1a\u201d present\u00f3 el viernes una \u201cdemanda de conciliaci\u00f3n\u201d, paso previo a la \u201cquerella\u201d contra la directora del colegio San Patricio y contra el Obispo\u2026","rel":"","context":"En \u00abataques contra la Iglesia Catolica\u00bb","img":{"alt_text":"","src":"https:\/\/i0.wp.com\/catolicasmexico.com\/blog\/wp-content\/uploads\/2014\/03\/20140319-115445.jpg?resize=350%2C200","width":350,"height":200},"classes":[]},{"id":2544,"url":"http:\/\/catolicasmexico.com\/blog\/acto-de-desagravio-de-s-s-pio-xi\/","url_meta":{"origin":3104,"position":4},"title":"ACTO DE DESAGRAVIO DE S.S. P\u00cdO XI","date":"7 febrero 2014","format":false,"excerpt":"\u00a1Oh dulc\u00edsimo Jes\u00fas, cuyo inmenso amor a los hombres no ha recibido en pago, de los ingratos, m\u00e1s que olvido, negligencia y menosprecio! Vednos postrados ante vuestro altar, para reparar, con especiales homenajes de honor, la frialdad indigna de los hombres y las injurias con que, en todas partes, hieren\u2026","rel":"","context":"En \u00abOraciones\u00bb","img":{"alt_text":"","src":"https:\/\/i1.wp.com\/catolicasmexico.com\/blog\/wp-content\/uploads\/2016\/03\/IMG_0088.jpg?resize=350%2C200","width":350,"height":200},"classes":[]},{"id":628,"url":"http:\/\/catolicasmexico.com\/blog\/628\/","url_meta":{"origin":3104,"position":5},"title":"La Iglesia ha sido vital para evitar m\u00e1s violencia en Venezuela, responde periodista a ministro","date":"31 mayo 2013","format":false,"excerpt":"Noticia de EWTN. Comentario www.catolicasmexico.com La columnista venezolana Mar\u00eda Denisse Fanianos de Capriles respondi\u00f3 al ministro del Interior Rodr\u00edguez Torres, que acus\u00f3 la semana pasada a la Iglesia de ignorar el tema de la delincuencia, y le record\u00f3 que es la Iglesia la que ha evitado que los niveles de\u2026","rel":"","context":"En \u00abFamilia\u00bb","img":{"alt_text":"","src":"","width":0,"height":0},"classes":[]}],"jetpack_likes_enabled":false,"jetpack_sharing_enabled":true,"_links":{"self":[{"href":"http:\/\/catolicasmexico.com\/blog\/wp-json\/wp\/v2\/posts\/3104"}],"collection":[{"href":"http:\/\/catolicasmexico.com\/blog\/wp-json\/wp\/v2\/posts"}],"about":[{"href":"http:\/\/catolicasmexico.com\/blog\/wp-json\/wp\/v2\/types\/post"}],"author":[{"embeddable":true,"href":"http:\/\/catolicasmexico.com\/blog\/wp-json\/wp\/v2\/users\/2"}],"replies":[{"embeddable":true,"href":"http:\/\/catolicasmexico.com\/blog\/wp-json\/wp\/v2\/comments?post=3104"}],"version-history":[{"count":2,"href":"http:\/\/catolicasmexico.com\/blog\/wp-json\/wp\/v2\/posts\/3104\/revisions"}],"predecessor-version":[{"id":3106,"href":"http:\/\/catolicasmexico.com\/blog\/wp-json\/wp\/v2\/posts\/3104\/revisions\/3106"}],"wp:featuredmedia":[{"embeddable":true,"href":"http:\/\/catolicasmexico.com\/blog\/wp-json\/wp\/v2\/media\/3103"}],"wp:attachment":[{"href":"http:\/\/catolicasmexico.com\/blog\/wp-json\/wp\/v2\/media?parent=3104"}],"wp:term":[{"taxonomy":"category","embeddable":true,"href":"http:\/\/catolicasmexico.com\/blog\/wp-json\/wp\/v2\/categories?post=3104"},{"taxonomy":"post_tag","embeddable":true,"href":"http:\/\/catolicasmexico.com\/blog\/wp-json\/wp\/v2\/tags?post=3104"}],"curies":[{"name":"wp","href":"https:\/\/api.w.org\/{rel}","templated":true}]}}