{"id":31,"date":"2013-04-21T02:02:23","date_gmt":"2013-04-21T02:02:23","guid":{"rendered":"http:\/\/catolicasmexico.com\/blog\/?p=31"},"modified":"2013-04-25T20:56:45","modified_gmt":"2013-04-26T01:56:45","slug":"31","status":"publish","type":"post","link":"http:\/\/catolicasmexico.com\/blog\/31\/","title":{"rendered":"Juicio contra el m\u00e9dico Kermit Gosnell"},"content":{"rendered":"<p>&nbsp;<\/p>\n<p><a href=\"http:\/\/catolicasmexico.com\/blog\/wp-content\/uploads\/2013\/04\/image.jpeg\"><img data-attachment-id=\"62\" data-permalink=\"http:\/\/catolicasmexico.com\/blog\/31\/image\/\" data-orig-file=\"http:\/\/catolicasmexico.com\/blog\/wp-content\/uploads\/2013\/04\/image.jpeg\" data-orig-size=\"500,340\" data-comments-opened=\"1\" data-image-meta=\"{&quot;aperture&quot;:&quot;0&quot;,&quot;credit&quot;:&quot;&quot;,&quot;camera&quot;:&quot;&quot;,&quot;caption&quot;:&quot;&quot;,&quot;created_timestamp&quot;:&quot;0&quot;,&quot;copyright&quot;:&quot;&quot;,&quot;focal_length&quot;:&quot;0&quot;,&quot;iso&quot;:&quot;0&quot;,&quot;shutter_speed&quot;:&quot;0&quot;,&quot;title&quot;:&quot;&quot;,&quot;orientation&quot;:&quot;0&quot;}\" data-image-title=\"image\" data-image-description=\"\" data-medium-file=\"http:\/\/catolicasmexico.com\/blog\/wp-content\/uploads\/2013\/04\/image-300x204.jpeg\" data-large-file=\"http:\/\/catolicasmexico.com\/blog\/wp-content\/uploads\/2013\/04\/image.jpeg\" class=\"alignnone size-medium wp-image-62\" title=\"image\" src=\"http:\/\/catolicasmexico.com\/blog\/wp-content\/uploads\/2013\/04\/image-300x204.jpg\" alt=\"\" width=\"300\" height=\"204\" srcset=\"http:\/\/catolicasmexico.com\/blog\/wp-content\/uploads\/2013\/04\/image-300x204.jpg 300w, http:\/\/catolicasmexico.com\/blog\/wp-content\/uploads\/2013\/04\/image-150x150.jpeg 150w\" sizes=\"100vw\" \/> <\/a><\/p>\n<p>Filadelfia.12 Abr. 13 \/ 06:37 pm (<a href=\"http:\/\/www.aciprensa.com\/\" target=\"_blank\"><strong>ACI\/EWTN Noticias<\/strong><\/a>).- El juicio contra el m\u00e9dico Kermit Gosnell, acusado de asesinar a beb\u00e9s que sobrevivieron a los abortos tard\u00edos que practic\u00f3 en su cl\u00ednica de Filadelfia, ha destapado el horror del negocio del\u00a0<a href=\"http:\/\/www.aciprensa.com\/aborto\/index.html\" target=\"_blank\">aborto<\/a>\u00a0con la aparici\u00f3n de fotograf\u00edas de beb\u00e9s decapitados y cuerpos cercenados en su ahora llamada \u201ccasa del terror\u201d.<\/p>\n<p>Durante el juicio se han escuchado terribles testimonios de ex trabajadores y hasta c\u00f3mplices de Gosnell que aseguran haberlo visto matar beb\u00e9s reci\u00e9n nacidos con m\u00e1s de 24 semanas de gestaci\u00f3n \u2013unos 7 meses- para \u201cterminar\u201d los que consideraba abortos inconclusos.<\/p>\n<p>En el juicio se han presentado diversas pruebas gr\u00e1ficas que confirman la decapitaci\u00f3n de estos beb\u00e9s que sobreviven a los abortos, ante el silencio prolongado de los grandes medios de comunicaci\u00f3n que han optado por no informar a la opini\u00f3n p\u00fablica sobre estos hechos.<\/p>\n<p>La falta de cobertura en los medios de alcance nacional ha generado protestas y cr\u00edticas de l\u00edderes pro-<a href=\"http:\/\/www.aciprensa.com\/vida\" target=\"_blank\">vida<\/a>, congresistas y periodistas profesionales.<\/p>\n<p>El congresista republicano Chris Smith llev\u00f3 el caso al Pleno de la C\u00e1mara de Representantes el jueves 11 de abril, denunciando lo que \u00e9l llam\u00f3 un \u00abencubrimiento de los medios nacionales \u00bb del juicio de Gosnell, quien est\u00e1 acusado de los asesinatos en primer grado de siete ni\u00f1os nacidos vivos despu\u00e9s de un aborto fallido.<\/p>\n<p>\u00abA d\u00eda de hoy, los medios de comunicaci\u00f3n nacionales siguen desinteresados, indiferentes. \u00bfPor qu\u00e9 la censura?\u201d El juicio sobre la \u2018casa de los horrores\u2019 de Gosnell\u00a0 \u00abno atrae\u201d a la prensa.<\/p>\n<p>El congresista describi\u00f3 c\u00f3mo el juicio Gosnell est\u00e1 plagado de \u00abtestimonios impactante de decapitaciones, abusos, muerte y partes humanas envasadas\u201d.<\/p>\n<p>Gosnell est\u00e1 acusado de siete cargos de asesinato en primer grado por la muerte de los ni\u00f1os que presuntamente fueron asesinados despu\u00e9s de abortos que sobreviven en su cl\u00ednica de Filadelfia.<\/p>\n<p>El abortista tambi\u00e9n enfrenta un cargo de asesinato en tercer grado por la muerte de 2009 de una mujer de Virginia que muri\u00f3 despu\u00e9s de que sus empleados de la cl\u00ednica le administraran una sobredosis de un medicamento.<\/p>\n<p>Nueve empleados de la cl\u00ednica tambi\u00e9n enfrentan cargos estatales y federales por sus acciones en la cl\u00ednica. Algunos han confesado asesinato en tercer grado y el uso de prescripciones firmadas por Gosnell para vender medicamentos en las calles.<\/p>\n<p>El juicio de Gosnell comenz\u00f3 19 de marzo y podr\u00eda enfrentar la pena de muerte si es declarado culpable.<\/p>\n<p>El ex empleado Stephen Massof brind\u00f3 su testimonio en la corte a principios de abril, y dijo haber visto a unos 100 beb\u00e9s nacer vivos. Dijo que los trabajadores de la cl\u00ednica cortaron la parte posterior del cuello de los beb\u00e9s para asegurar su \u00abdesaparici\u00f3n\u00bb.<\/p>\n<p>Massof le dijo al jurado que el procedimiento era \u00abliteralmente una decapitaci\u00f3n\u00bb para separar \u201cel cerebro del cuerpo\u00bb.<\/p>\n<p>A Massof se le declar\u00f3 culpable de asesinato en tercer grado de dos reci\u00e9n nacidos.<\/p>\n","protected":false},"excerpt":{"rendered":"<p>&nbsp; Filadelfia.12 Abr. 13 \/ 06:37 pm (ACI\/EWTN Noticias).- El juicio contra el m\u00e9dico Kermit Gosnell, acusado de asesinar a beb\u00e9s que sobrevivieron a los abortos tard\u00edos que practic\u00f3 en su cl\u00ednica de Filadelfia, ha destapado el horror del negocio del\u00a0aborto\u00a0con la aparici\u00f3n de fotograf\u00edas de beb\u00e9s decapitados y cuerpos cercenados en su ahora llamada [&hellip;]<\/p>\n","protected":false},"author":2,"featured_media":62,"comment_status":"open","ping_status":"open","sticky":false,"template":"","format":"standard","meta":{"spay_email":"","jetpack_publicize_message":"","jetpack_is_tweetstorm":false},"categories":[9],"tags":[],"aioseo_notices":[],"jetpack_featured_media_url":"http:\/\/catolicasmexico.com\/blog\/wp-content\/uploads\/2013\/04\/image.jpeg","jetpack_publicize_connections":[],"jetpack_shortlink":"https:\/\/wp.me\/s3B5XH-31","jetpack-related-posts":[{"id":325,"url":"http:\/\/catolicasmexico.com\/blog\/abortista-gosnell-declarado-culpable-por-el-homicidio-de-tres-bebes\/","url_meta":{"origin":31,"position":0},"title":"Abortista Gosnell, declarado culpable por el homicidio de tres bebes","date":"14 mayo 2013","format":false,"excerpt":"FILADELFIA, 13 May. 13 \/ 05:34 pm (ACI\/EWTN Noticias).- El m\u00e9dico abortista de Filadelfia (Estados Unidos) Kermit Gosnell fue declarado culpable de tres de las cuatro acusaciones de asesinar beb\u00e9s que nacieron vivos tras abortos fallidos. Gosnell, de 72 a\u00f1os, podr\u00eda enfrentar la pena de muerte por las acusaciones de\u2026","rel":"","context":"En \u00abAborto\u00bb","img":{"alt_text":"","src":"","width":0,"height":0},"classes":[]},{"id":353,"url":"http:\/\/catolicasmexico.com\/blog\/abortista-gosnell-es-sentenciado-a-cadena-perpetua\/","url_meta":{"origin":31,"position":1},"title":"Abortista Gosnell es sentenciado a cadena perpetua","date":"15 mayo 2013","format":false,"excerpt":"FILADELFIA, 15 May. 13 \/ 06:13 am (ACI\/EWTN Noticias).- Tras ser condenado por el asesinato de tres beb\u00e9s nacidos vivos, el abortista Kermit Gosnell fue sentenciado el 14 de mayo a dos cadenas perpetuas sin derecho a libertad condicional por dos de las tres acusaciones que enfrent\u00f3. Al no apelar\u2026","rel":"","context":"En \u00abAborto\u00bb","img":{"alt_text":"","src":"https:\/\/i2.wp.com\/catolicasmexico.com\/blog\/wp-content\/uploads\/2013\/05\/image-22.jpeg?resize=350%2C200","width":350,"height":200},"classes":[]},{"id":331,"url":"http:\/\/catolicasmexico.com\/blog\/mike-huckabee-entrevisto-para-fox-news-a-un-reportero-con-experiencia-de-26-anos-en-tribunales-y-que-confiesa-que-es-lo-peor-que-ha-vivido\/","url_meta":{"origin":31,"position":2},"title":"Mike Huckabee entrevist\u00f3 para Fox News a un reportero con experiencia de 26 a\u00f1os en tribunales, y que confiesa que es \u00ablo peor\u00bb que ha vivido","date":"15 mayo 2013","format":false,"excerpt":"Articulo de Religi\u00f3n en\u00a0Libertad.com C.L. \/ ReL A pesar del escandaloso silencio de los grandes medios, el\u00a0establishment\u00a0proabortista no ha podido evitar que se siga el\u00a0juicio contra el doctor Kermit Gosnell, propietario de una cl\u00ednica donde se asesin\u00f3 a m\u00e1s de un centenar de beb\u00e9s\u00a0nacidos vivos del aborto. Tras agon\u00edas de\u2026","rel":"","context":"En \u00abAborto\u00bb","img":{"alt_text":"","src":"https:\/\/i1.wp.com\/catolicasmexico.com\/blog\/wp-content\/uploads\/2013\/05\/image-41.jpeg?resize=350%2C200","width":350,"height":200},"classes":[]},{"id":41,"url":"http:\/\/catolicasmexico.com\/blog\/41\/","url_meta":{"origin":31,"position":3},"title":"Los horrores del abortorio de Gosnell","date":"23 abril 2013","format":false,"excerpt":"Sigue el juicio contra el aborto convertido en infanticidio en EEUU, los cr\u00edmenes de Kermit Gosnell cada d\u00eda que pasa se muestran m\u00e1s espeluznantes. \u00a0 REDACCI\u00d3N HO.- Una antigua trabajadora del abortorio,\u00a0Kareema Cross, declar\u00f3 en el juicio contra Gosnell, acusado de infanticidio y de provocar la muerte de mujeres, que\u2026","rel":"","context":"En \u00abAborto\u00bb","img":{"alt_text":"","src":"https:\/\/i1.wp.com\/catolicasmexico.com\/blog\/wp-content\/uploads\/2013\/04\/image-4.jpeg?resize=350%2C200","width":350,"height":200},"classes":[]},{"id":953,"url":"http:\/\/catolicasmexico.com\/blog\/el-abogado-de-un-abortista-quien-tuerce-el-cuellos-de-los-bebes-dice-es-inocente\/","url_meta":{"origin":31,"position":4},"title":"EL ABOGADO DE UN ABORTISTA QUIEN TUERCE El CUELLOS DE LOS BEBES DICE: \"ES INOCENTE\".","date":"25 junio 2013","format":false,"excerpt":"Del sitio Lifenews. Traducido y editado por www.catolicasmexico.com Cerca de 20 activistas se presentaron a una conferencia de prensa celebrada ayer por varios grupos de pro-vida nacionales, en frente de una de las cl\u00ednicas de aborto de Douglas Karpen en Houston donde unas ex-trabajadoras contaron las atrocidades cometidas. El Dr.\u2026","rel":"","context":"En \u00abAborto\u00bb","img":{"alt_text":"","src":"","width":0,"height":0},"classes":[]},{"id":2932,"url":"http:\/\/catolicasmexico.com\/blog\/el-documental-del-abortero-kermit-gosnell-es-solo-la-punta-del-iceberg-cuando-atraparan-al-resto\/","url_meta":{"origin":31,"position":5},"title":"El documental del abortero Kermit Gosnell es s\u00f3lo la punta del iceberg. \u00bfCu\u00e1ndo atrapar\u00e1n al resto?","date":"23 mayo 2014","format":false,"excerpt":"por Dave Andrusko LifeNews.com Traducci\u00f3n de Alejandro P. para catolicasmexico.com \"No tengo ninguna duda que hay gente all\u00e1 afuera haciendo abortos tard\u00edos y probablemente haciendo lo mismo que \u00e9l [Kermit Gosnell]. La cuesti\u00f3n es si alguien va a decir algo y los atrapar\u00e1n en alg\u00fan momento\". Estas son la palabras\u2026","rel":"","context":"En \u00abAborto\u00bb","img":{"alt_text":"","src":"https:\/\/i1.wp.com\/catolicasmexico.com\/blog\/wp-content\/uploads\/2014\/05\/Abortion_Clinic_Deaths.JPEG-0eb01.jpg?resize=350%2C200","width":350,"height":200},"classes":[]}],"jetpack_likes_enabled":false,"jetpack_sharing_enabled":true,"_links":{"self":[{"href":"http:\/\/catolicasmexico.com\/blog\/wp-json\/wp\/v2\/posts\/31"}],"collection":[{"href":"http:\/\/catolicasmexico.com\/blog\/wp-json\/wp\/v2\/posts"}],"about":[{"href":"http:\/\/catolicasmexico.com\/blog\/wp-json\/wp\/v2\/types\/post"}],"author":[{"embeddable":true,"href":"http:\/\/catolicasmexico.com\/blog\/wp-json\/wp\/v2\/users\/2"}],"replies":[{"embeddable":true,"href":"http:\/\/catolicasmexico.com\/blog\/wp-json\/wp\/v2\/comments?post=31"}],"version-history":[{"count":5,"href":"http:\/\/catolicasmexico.com\/blog\/wp-json\/wp\/v2\/posts\/31\/revisions"}],"predecessor-version":[{"id":79,"href":"http:\/\/catolicasmexico.com\/blog\/wp-json\/wp\/v2\/posts\/31\/revisions\/79"}],"wp:featuredmedia":[{"embeddable":true,"href":"http:\/\/catolicasmexico.com\/blog\/wp-json\/wp\/v2\/media\/62"}],"wp:attachment":[{"href":"http:\/\/catolicasmexico.com\/blog\/wp-json\/wp\/v2\/media?parent=31"}],"wp:term":[{"taxonomy":"category","embeddable":true,"href":"http:\/\/catolicasmexico.com\/blog\/wp-json\/wp\/v2\/categories?post=31"},{"taxonomy":"post_tag","embeddable":true,"href":"http:\/\/catolicasmexico.com\/blog\/wp-json\/wp\/v2\/tags?post=31"}],"curies":[{"name":"wp","href":"https:\/\/api.w.org\/{rel}","templated":true}]}}