{"id":3096,"date":"2014-06-23T12:29:54","date_gmt":"2014-06-23T17:29:54","guid":{"rendered":"http:\/\/catolicasmexico.com\/blog\/?p=3096"},"modified":"2014-07-03T07:49:20","modified_gmt":"2014-07-03T12:49:20","slug":"devocion-de-las-7-avemarias-las-gracias-que-concede-la-santisima-virgen-maria","status":"publish","type":"post","link":"http:\/\/catolicasmexico.com\/blog\/devocion-de-las-7-avemarias-las-gracias-que-concede-la-santisima-virgen-maria\/","title":{"rendered":"Devoci\u00f3n de las 7 Avemarias: las gracias que concede la Sant\u00edsima Virgen Mar\u00eda."},"content":{"rendered":"<p><a href=\"http:\/\/catolicasmexico.com\/blog\/wp-content\/uploads\/2014\/07\/20140703-090344.jpg\"><img src=\"http:\/\/catolicasmexico.com\/blog\/wp-content\/uploads\/2014\/07\/20140703-090344.jpg\" alt=\"20140703-090344.jpg\" class=\"alignnone size-full\"  \/> <\/a><\/p>\n<p>Mensaje de la Sant\u00edsima Virgen dado a Santa Brigida.<\/p>\n<p>Promesas.<br \/>\n1.Pondr\u00e9 paz en sus familias.<br \/>\n2.Ser\u00e1n iluminados en los Divinos Misterios.<br \/>\n3.Los consolar\u00e9 en us penas y los acompa\u00f1ar\u00e9 en sus trabajos.<br \/>\n4.Les dar\u00e9 cuanto me pidan con tal que no se opongan a la vountad adorable de mi divino hijo y a la santificai\u00f3n de sus almas.<br \/>\n5. Les defender\u00e9 en los combates espirituales  contra el enemigo infernal y los proteger\u00e9 en todos los instantes de la vida.<br \/>\n6. Los asistir\u00e9 visiblemente: en el momento de la muerte ver\u00e1n el rostro de su madre.<br \/>\n7. He conseguido de mi Divino Hijo: que cuantos propaguen esta devoci\u00f3n ser\u00e1n trasladados a la felicidad eterna directamente, pues ser\u00e1n borrados todos sus pecados y mi Hijo y Yo seremos su eterna alegria.<br \/>\nMeditacion.<br \/>\nPrimer dolor. La aflicci\u00f3n que caus\u00f3 a su tierno corazon, la profec\u00eda del anciano Simeon cuando le dijo: Una espada traspasar\u00e1 tu alma. Dios te salve Mar\u00eda&#8230;.<br \/>\nSegundo dolor. La angustia que padeci\u00f3 su sensibil\u00edsimo coraz\u00f3n en la huida y permanencia  en Egipto, porque Herodes quer\u00eda matar al ni\u00f1o Jesus.Dios te salve Mar\u00eda&#8230;.<br \/>\nTercer dolor. Las congojas que experiment\u00f3 su sol\u00edcito corazon, en la perdida de su hijo Jes\u00fas.Dios te salve Mar\u00eda&#8230;.<br \/>\nCuarto dolor. La consternaci\u00f3n que sinti\u00f3 su maternal coraz\u00f3n al encontrar a su hijo Jes\u00fas llevando la cruz a cuestas. Dios te salve Mar\u00eda&#8230;.<br \/>\nQuinto dolor. El martirio de su generoso coraz\u00f3n asistiendo a su Hijo Jes\u00fas en la agon\u00eda. Dios te salve Mar\u00eda&#8230;.<br \/>\nSexto dolor. La herida que sufri\u00f3 su piadoso coraz\u00f3n por la lanza que abri\u00f3 el costado de su hijo Jes\u00fas. Dios te salve Mar\u00eda&#8230;.<br \/>\nS\u00e9ptimo dolor.el desconsuelo y desamparo que padeci\u00f3 su amant\u00edsimo coraz\u00f3n en la sepultura de su hijo Jes\u00fas.Dios te salve Mar\u00eda&#8230;.<br \/>\nVirgen Doloros\u00edsima, Rogad por nosotros para que seamos dignos de las promesas de Cristo.<\/p>\n<p><a href=\"http:\/\/catolicasmexico.com\/blog\/wp-content\/uploads\/2014\/07\/20140703-090421.jpg\"><img src=\"http:\/\/catolicasmexico.com\/blog\/wp-content\/uploads\/2014\/07\/20140703-090421.jpg\" alt=\"20140703-090421.jpg\" class=\"alignnone size-full\"  \/> <\/a><\/p>\n","protected":false},"excerpt":{"rendered":"<p>Mensaje de la Sant\u00edsima Virgen dado a Santa Brigida. Promesas. 1.Pondr\u00e9 paz en sus familias. 2.Ser\u00e1n iluminados en los Divinos Misterios. 3.Los consolar\u00e9 en us penas y los acompa\u00f1ar\u00e9 en sus trabajos. 4.Les dar\u00e9 cuanto me pidan con tal que no se opongan a la vountad adorable de mi divino hijo y a la santificai\u00f3n [&hellip;]<\/p>\n","protected":false},"author":2,"featured_media":3165,"comment_status":"open","ping_status":"open","sticky":false,"template":"","format":"standard","meta":{"spay_email":"","jetpack_publicize_message":"","jetpack_is_tweetstorm":false},"categories":[25,13,197],"tags":[482,483,481],"aioseo_notices":[],"jetpack_featured_media_url":"http:\/\/catolicasmexico.com\/blog\/wp-content\/uploads\/2014\/07\/20140703-090344.jpg","jetpack_publicize_connections":[],"jetpack_shortlink":"https:\/\/wp.me\/p3B5XH-NW","jetpack-related-posts":[{"id":3229,"url":"http:\/\/catolicasmexico.com\/blog\/devocion-de-las-7-avemarias-las-gracias-que-concede-la-santisima-virgen-maria-2\/","url_meta":{"origin":3096,"position":0},"title":"Devoci\u00f3n de las 7 Avemarias: las gracias que concede la Sant\u00edsima Virgen Mar\u00eda.","date":"13 julio 2014","format":false,"excerpt":"Mensaje de la Sant\u00edsima Virgen dado a Santa Brigida. Promesas. 1.Pondr\u00e9 paz en sus familias. 2.Ser\u00e1n iluminados en los Divinos Misterios. 3.Los consolar\u00e9 en sus penas y los acompa\u00f1ar\u00e9 en sus trabajos. 4.Les dar\u00e9 cuanto me pidan con tal que no se opongan a la vountad adorable de mi divino\u2026","rel":"","context":"En \u00abOraciones\u00bb","img":{"alt_text":"","src":"","width":0,"height":0},"classes":[]},{"id":3311,"url":"http:\/\/catolicasmexico.com\/blog\/novena-a-la-esclarecida-santa-brigida\/","url_meta":{"origin":3096,"position":1},"title":"Novena a la esclarecida Santa Br\u00edgida.","date":"2 agosto 2014","format":false,"excerpt":"Oraci\u00f3n para todos los d\u00edas. Gloriosa princesa y Madre Santa Br\u00edgida, modelo perfect\u00edsimo de todas las mujeres en los estados de virgen, casada, viuda y religiosa; si es para mayor gloria de Dios y de mi alma que yo consiga lo que deseo y pido en esta Novena, alcanzadme de\u2026","rel":"","context":"En \u00abNovenas\u00bb","img":{"alt_text":"","src":"https:\/\/i0.wp.com\/catolicasmexico.com\/blog\/wp-content\/uploads\/2014\/08\/20140802-083324.jpg?resize=350%2C200","width":350,"height":200},"classes":[]},{"id":1300,"url":"http:\/\/catolicasmexico.com\/blog\/hoy-celebramos-a-la-virgen-del-carmen\/","url_meta":{"origin":3096,"position":2},"title":"Hoy celebramos a la Virgen del Carmen.","date":"16 julio 2013","format":false,"excerpt":"Fuente de informacion.wwwcorazones.org Historia Desde los antiguos ermita\u00f1os que se establecieron en el Monte Carmelo, Los Carmelitas han sido conocidos por su profunda devoci\u00f3n a la Sant\u00edsima Virgen. Ellos interpretaron la nube de la visi\u00f3n de El\u00edas (1 Reyes 18, 44) como un s\u00edmbolo de la Virgen Mar\u00eda Inmaculada. Ya\u2026","rel":"","context":"En \u00abFe\u00bb","img":{"alt_text":"","src":"https:\/\/i2.wp.com\/catolicasmexico.com\/blog\/wp-content\/uploads\/2013\/07\/20130716-101725.jpg?resize=350%2C200","width":350,"height":200},"classes":[]},{"id":3009,"url":"http:\/\/catolicasmexico.com\/blog\/los-cinco-primeros-sabados-del-mes-de-reparacion-al-inmaculado-corazon-de-maria-santisima\/","url_meta":{"origin":3096,"position":3},"title":"Los cinco primeros s\u00e1bados del mes de reparaci\u00f3n  al Inmaculado Coraz\u00f3n de Maria Sant\u00edsima.","date":"7 junio 2014","format":false,"excerpt":"Del sitio www.sant\u00edsimavirgen.com Luc\u00eda, vidente de F\u00e1tima, era postulante en el Convento de las Doroteas en Pontevedra, Espa\u00f1a cuando tiene una aparici\u00f3n de la Virgen sobre una nube de luz, con el Ni\u00f1o Jes\u00fas a su lado. La Sant\u00edsima Virgen puso su mano sobre el hombro de Luc\u00eda, mientras en\u2026","rel":"","context":"En \u00abFe\u00bb","img":{"alt_text":"","src":"","width":0,"height":0},"classes":[]},{"id":4981,"url":"http:\/\/catolicasmexico.com\/blog\/pequeno-oficio-de-la-virgen\/","url_meta":{"origin":3096,"position":4},"title":"PEQUE\u00d1O OFICIO DE LA VIRGEN.","date":"16 agosto 2021","format":"image","excerpt":"El peque\u00f1o oficio de La Inmaculada Concepci\u00f3n. Permito con gusto la impresi\u00f3n del op\u00fasculo intitulado el peque\u00f1o oficio de la Inmaculada Concepci\u00f3n, que es una compilaci\u00f3n de oraciones y de pr\u00e1cticas piadosas indulgenciadas en honor a Mar\u00eda Inmaculada. En Santa Ana de Beaupr\u00e9 2 de febrero de 1928.Imprimatur: Fr. R.M.\u2026","rel":"","context":"En \u00abOraciones\u00bb","img":{"alt_text":"","src":"https:\/\/i2.wp.com\/catolicasmexico.com\/blog\/wp-content\/uploads\/2014\/02\/20140210-194830.jpg?resize=350%2C200","width":350,"height":200},"classes":[]},{"id":3522,"url":"http:\/\/catolicasmexico.com\/blog\/recorrido-por-el-purgatorio-en-compania-del-sagrado-corazon-de-jesus\/","url_meta":{"origin":3096,"position":5},"title":"Recorrido por el Purgatorio, en compa\u00f1\u00eda del Sagrado Coraz\u00f3n de Jes\u00fas.","date":"10 noviembre 2014","format":false,"excerpt":"Actos Preparatorios. Oraci\u00f3n - Santa Margarita, que Nuestro Se\u00f1or escogi\u00f3 para establecer por el mundo, como fuente inagotable de gracias, la devoci\u00f3n a su Divino Coraz\u00f3n; vos que escuchaste las almas del Purgatorio pedir este remedio nuevo, tan bueno y que hab\u00e9is librado una multitud de esas pobres prisioneras. Obtenedme,\u2026","rel":"","context":"En \u00abFe\u00bb","img":{"alt_text":"","src":"https:\/\/i0.wp.com\/catolicasmexico.com\/blog\/wp-content\/uploads\/2014\/11\/IMG_0126-0.jpg?resize=350%2C200","width":350,"height":200},"classes":[]}],"jetpack_likes_enabled":false,"jetpack_sharing_enabled":true,"_links":{"self":[{"href":"http:\/\/catolicasmexico.com\/blog\/wp-json\/wp\/v2\/posts\/3096"}],"collection":[{"href":"http:\/\/catolicasmexico.com\/blog\/wp-json\/wp\/v2\/posts"}],"about":[{"href":"http:\/\/catolicasmexico.com\/blog\/wp-json\/wp\/v2\/types\/post"}],"author":[{"embeddable":true,"href":"http:\/\/catolicasmexico.com\/blog\/wp-json\/wp\/v2\/users\/2"}],"replies":[{"embeddable":true,"href":"http:\/\/catolicasmexico.com\/blog\/wp-json\/wp\/v2\/comments?post=3096"}],"version-history":[{"count":2,"href":"http:\/\/catolicasmexico.com\/blog\/wp-json\/wp\/v2\/posts\/3096\/revisions"}],"predecessor-version":[{"id":3167,"href":"http:\/\/catolicasmexico.com\/blog\/wp-json\/wp\/v2\/posts\/3096\/revisions\/3167"}],"wp:featuredmedia":[{"embeddable":true,"href":"http:\/\/catolicasmexico.com\/blog\/wp-json\/wp\/v2\/media\/3165"}],"wp:attachment":[{"href":"http:\/\/catolicasmexico.com\/blog\/wp-json\/wp\/v2\/media?parent=3096"}],"wp:term":[{"taxonomy":"category","embeddable":true,"href":"http:\/\/catolicasmexico.com\/blog\/wp-json\/wp\/v2\/categories?post=3096"},{"taxonomy":"post_tag","embeddable":true,"href":"http:\/\/catolicasmexico.com\/blog\/wp-json\/wp\/v2\/tags?post=3096"}],"curies":[{"name":"wp","href":"https:\/\/api.w.org\/{rel}","templated":true}]}}