{"id":300,"date":"2013-05-14T08:15:50","date_gmt":"2013-05-14T13:15:50","guid":{"rendered":"http:\/\/catolicasmexico.com\/blog\/?p=300"},"modified":"2017-07-24T11:46:48","modified_gmt":"2017-07-24T16:46:48","slug":"los-sanitarios-y-medicos-andaluces-objetores-al-aborto-acuden-al-tribunal-constitucional","status":"publish","type":"post","link":"http:\/\/catolicasmexico.com\/blog\/los-sanitarios-y-medicos-andaluces-objetores-al-aborto-acuden-al-tribunal-constitucional\/","title":{"rendered":"Los Sanitarios y m\u00e9dicos andaluces objetores al aborto, acuden al Tribunal Constitucional"},"content":{"rendered":"<p><a href=\"http:\/\/catolicasmexico.com\/blog\/wp-content\/uploads\/2013\/05\/espagna.png\"><img data-attachment-id=\"4744\" data-permalink=\"http:\/\/catolicasmexico.com\/blog\/los-sanitarios-y-medicos-andaluces-objetores-al-aborto-acuden-al-tribunal-constitucional\/espagna\/\" data-orig-file=\"http:\/\/catolicasmexico.com\/blog\/wp-content\/uploads\/2013\/05\/espagna.png\" data-orig-size=\"280,160\" data-comments-opened=\"1\" data-image-meta=\"{&quot;aperture&quot;:&quot;0&quot;,&quot;credit&quot;:&quot;&quot;,&quot;camera&quot;:&quot;&quot;,&quot;caption&quot;:&quot;&quot;,&quot;created_timestamp&quot;:&quot;0&quot;,&quot;copyright&quot;:&quot;&quot;,&quot;focal_length&quot;:&quot;0&quot;,&quot;iso&quot;:&quot;0&quot;,&quot;shutter_speed&quot;:&quot;0&quot;,&quot;title&quot;:&quot;&quot;,&quot;orientation&quot;:&quot;0&quot;}\" data-image-title=\"espagna\" data-image-description=\"\" data-medium-file=\"http:\/\/catolicasmexico.com\/blog\/wp-content\/uploads\/2013\/05\/espagna.png\" data-large-file=\"http:\/\/catolicasmexico.com\/blog\/wp-content\/uploads\/2013\/05\/espagna.png\" src=\"http:\/\/catolicasmexico.com\/blog\/wp-content\/uploads\/2013\/05\/espagna.png\" alt=\"\" width=\"280\" height=\"160\" class=\"alignleft size-full wp-image-4744\" srcset=\"http:\/\/catolicasmexico.com\/blog\/wp-content\/uploads\/2013\/05\/espagna.png 280w, http:\/\/catolicasmexico.com\/blog\/wp-content\/uploads\/2013\/05\/espagna-150x150.png 150w\" sizes=\"100vw\" \/> <\/a><\/p>\n<p>Articulo de Religi\u00f3n en\u00a0<a href=\"http:\/\/libertad.com\/\" target=\"_blank\">libertad.com<\/a><br \/>\nEl litigio que mantiene un grupo de m\u00e9dicos de familia frente al Servicio Andaluz de Salud<strong><\/strong>(SAS), al que\u00a0<strong>exigen que les exima de los tr\u00e1mites previos de informaci\u00f3n y derivaci\u00f3n de pacientes<\/strong>\u00a0que solicitan la pr\u00e1ctica de un aborto por motivos de conciencia, ser\u00e1 analizado y resuelto por el Tribunal Constitucional (TC).<\/p>\n<p>Es un caso similar al que recientemente ganaron\u00a0<strong><a href=\"http:\/\/www.religionenlibertad.com\/articulo.asp?idarticulo=28864\" target=\"_blank\">las 2 comadronas escocesas cat\u00f3licas que se negaban a participar de ninguna manera en el aborto<\/a><\/strong>, ni informando ni derivando, porque repugnaba a su conciencia.<\/p>\n<p>Tras la sentencia del Tribunal Superior de Justicia de Andaluc\u00eda (TSJA) denegando la objeci\u00f3n a estos profesionales el colectivo ha decidido plantear hoy mismo un recurso de amparo por lo que considera una vulneraci\u00f3n de sus derechos fundamentales.<\/p>\n<p>El recurso ser\u00e1 planteado a ra\u00edz de la resoluci\u00f3n dictada en abril por la Secci\u00f3n Segunda de la Sala de lo Contencioso-Administrativo del TSJA, que revoc\u00f3 una sentencia del Juzgado de lo Contencioso n\u00famero 1 de M\u00e1laga.<\/p>\n<p>Este \u00f3rgano judicial hab\u00eda dado la raz\u00f3n a una de las profesionales del distrito sanitario de la zona norte de la provincia, considerando\u00a0<strong>leg\u00edtimo que se abstuviera por motivos de conciencia de los tr\u00e1mites previos ligados a la pr\u00e1ctica del aborto<\/strong>.<\/p>\n<p>Los argumentos de dicha sentencia, sin embargo, fueron objeto de un\u00a0<strong>recurso por parte de la Consejer\u00eda de Salud y Bienestar Social de la Junta de Andaluc\u00eda<\/strong>[controlada por el Gobierno de\u00a0<strong>socialistas y post-comunistas de IU<\/strong>], que entend\u00eda que la Ley de Salud Sexual y Reproductiva aprobada en 2010 por el Gobierno de Jos\u00e9 Luis Rodr\u00edguez Zapatero s\u00f3lo permit\u00eda la objeci\u00f3n en el caso de los m\u00e9dicos que participaran \u00abdirectamente\u00bb en la ejecuci\u00f3n del aborto, es decir, ginec\u00f3logos y cirujanos, y no de otros profesionales de la sanidad como los m\u00e9dicos de familia.<\/p>\n<p>Otros juzgados, como el de lo Contencioso n\u00famero 3 de M\u00e1laga, se pronunciaron adem\u00e1s en casos similares de manera contraria a lo establecido por el Juzgado de lo Contencioso n\u00famero 1,\u00a0<strong>fallando a favor de Servicio Andaluz de Salud, que consideraba que los m\u00e9dicos de familia no pod\u00edan eludir su funci\u00f3n de informaci\u00f3n y derivaci\u00f3n<\/strong>\u00a0de pacientes hacia las cl\u00ednicas donde se practican los abortos.<\/p>\n<p>Frente a la disparidad de criterios en la primera instancia, el TSJA consider\u00f3 que el derecho a la objeci\u00f3n de conciencia no era un derecho absoluto, y que en estos casos deb\u00eda prevalecer el derecho de la paciente a ser informada frente a la pretensi\u00f3n de los m\u00e9dicos de familia de conducirse en su labor profesional de acuerdo con sus creencias.<\/p>\n<p>En su nuevo recurso, esta vez de amparo al Constitucional, la profesional de atenci\u00f3n primaria afectada considera que la sentencia del TSJA es \u00abun paso atr\u00e1s en el reconocimiento de los derechos fundamentales de los sanitarios\u00bb, y sostiene que aunque, efectivamente, el derecho a la objeci\u00f3n de conciencia no es absoluto, \u00abla protecci\u00f3n de las ideas de cada uno ha de hacerse enjuiciando la seriedad y consecuencias de las mismas\u00bb, de forma que la tarea del juzgador no radicar\u00eda \u00fanicamente en determinar si la libertad ideol\u00f3gica es o no protegible, sino en por qu\u00e9 debe protegerla.<\/p>\n<p>\u00abLas respuestas son diferentes si se atiende a lo que la objeci\u00f3n sirve de instrumento: en el caso de la objeci\u00f3n de conciencia frente al aborto late un hondo respeto al derecho sustancial a la vida\u00bb, un derecho recogido en el art\u00edculo 15 de la Constituci\u00f3n espa\u00f1ola, y consagrado por normas de rango internacional como la Declaraci\u00f3n Universal de Derechos Humanos; el Pacto Internacional de Derechos Civiles y Pol\u00edticos; el Convenio Europeo para la Protecci\u00f3n de los Derechos Humanos y de las Libertades P\u00fablicas; el Convenio Europeo para la protecci\u00f3n de los derechos humanos y la dignidad del ser humano respecto de las aplicaciones de la biolog\u00eda y la medicina de 4 de abril de 1997; y la Carta de los derechos fundamentales de la Uni\u00f3n Europea, seg\u00fan argumentan los m\u00e9dicos.<\/p>\n<p>El recurso se\u00f1ala que en este caso no debe equipararse la objeci\u00f3n a lo recogido para \u00e1mbitos como el educativo o el militar, donde si la libertad religiosa o ideol\u00f3gica era aceptada por encima incluso del cumplimiento de la ley, el Estado de Derecho quedar\u00eda sin efecto, y el ordenamiento se convertir\u00eda en una especie de jungla, donde cada cual actuar\u00eda conforme a sus propios criterios morales.<\/p>\n<p>\u00abEl derecho a la objeci\u00f3n de conciencia debe enjuiciarse de forma mediata, esto es, teniendo en cuenta el sustrato que le sirve de base\u00bb, razona el recurso de los m\u00e9dicos de familia, quienes no plantean despojar a las pacientes de su derecho a la informaci\u00f3n, sino ofrecerles informaci\u00f3n m\u00e1s amplia que la facilitada por el SAS, incluyendo tambi\u00e9n alternativas a la pr\u00e1ctica abortiva.<\/p>\n<p>En cualquier caso ser\u00e1 ahora el Constitucional quien determine qu\u00e9 derechos deben primar y como armonizar entre s\u00ed la libertad de conciencia de los m\u00e9dicos con la necesaria atenci\u00f3n a las pacientes.<\/p>\n","protected":false},"excerpt":{"rendered":"<p>Articulo de Religi\u00f3n en\u00a0libertad.com El litigio que mantiene un grupo de m\u00e9dicos de familia frente al Servicio Andaluz de Salud(SAS), al que\u00a0exigen que les exima de los tr\u00e1mites previos de informaci\u00f3n y derivaci\u00f3n de pacientes\u00a0que solicitan la pr\u00e1ctica de un aborto por motivos de conciencia, ser\u00e1 analizado y resuelto por el Tribunal Constitucional (TC). Es [&hellip;]<\/p>\n","protected":false},"author":2,"featured_media":4744,"comment_status":"open","ping_status":"open","sticky":false,"template":"","format":"standard","meta":{"spay_email":"","jetpack_publicize_message":"","jetpack_is_tweetstorm":false},"categories":[9],"tags":[],"aioseo_notices":[],"jetpack_featured_media_url":"http:\/\/catolicasmexico.com\/blog\/wp-content\/uploads\/2013\/05\/espagna.png","jetpack_publicize_connections":[],"jetpack_shortlink":"https:\/\/wp.me\/p3B5XH-4Q","jetpack-related-posts":[{"id":2610,"url":"http:\/\/catolicasmexico.com\/blog\/el-tribunal-constitucional-rechaza-la-despenalizacion-del-aborto-en-bolivia\/","url_meta":{"origin":300,"position":0},"title":"El Tribunal Constitucional rechaza la despenalizaci\u00f3n del aborto en Bolivia.","date":"17 febrero 2014","format":false,"excerpt":"BOLIVIA.-(AGENCIALAVOZ) El Tribunal Constitucional de Bolivia rechaz\u00f3 de facto la despenalizaci\u00f3n del aborto en este pa\u00eds, al ratificar en una sentencia la constitucionalidad del respeto a la vida desde la concepci\u00f3n, informaron hoy fuentes judiciales. En su dictamen, adelantado este jueves a la prensa pero que no se har\u00e1 p\u00fablico\u2026","rel":"","context":"En \u00abAborto\u00bb","img":{"alt_text":"","src":"https:\/\/i1.wp.com\/catolicasmexico.com\/blog\/wp-content\/uploads\/2014\/02\/20140217-140011.jpg?resize=350%2C200","width":350,"height":200},"classes":[]},{"id":1693,"url":"http:\/\/catolicasmexico.com\/blog\/bolivia-podria-despenalizar-el-aborto-los-pro-vida-y-pro-familias-salen-a-las-calles-en-forma-masiva\/","url_meta":{"origin":300,"position":1},"title":"Bolivia podr\u00eda despenalizar el aborto los pro-vida y pro-familias salen a las calles en forma masiva","date":"26 agosto 2013","format":false,"excerpt":"Noticia de AGENCIALA VOZ. Edici\u00f3n www.catolicasmexico.com LA PAZ, BOLIVIA .- (AGENCIALAVOZ) Miles de personas se manifestaron el jueves en cuatro regiones de Bolivia en contra del aborto despu\u00e9s que una legisladora present\u00f3 un proyecto para su despenalizaci\u00f3n. La protesta, denominada \"En defensa de la vida\", uni\u00f3 a personas en los\u2026","rel":"","context":"En \u00abAborto\u00bb","img":{"alt_text":"","src":"https:\/\/i0.wp.com\/catolicasmexico.com\/blog\/wp-content\/uploads\/2013\/08\/20130826-121724.jpg?resize=350%2C200","width":350,"height":200},"classes":[]},{"id":2804,"url":"http:\/\/catolicasmexico.com\/blog\/triunfo-pro-vida-en-eeuu\/","url_meta":{"origin":300,"position":2},"title":"Triunfo pro vida en EEUU","date":"3 abril 2014","format":false,"excerpt":"Marzo 27, fuente La voz de Houston. AUSTIN - Un tribunal federal de apelaciones ha confirmado las nuevas restricciones al aborto que han causado el cierre de muchas cl\u00ednicas que brindan este servicio en Texas. La Corte Federal de Quinto Circuito, con sede en Nueva Orleans, determin\u00f3 el jueves revocar\u2026","rel":"","context":"En \u00abAborto\u00bb","img":{"alt_text":"","src":"","width":0,"height":0},"classes":[]},{"id":1559,"url":"http:\/\/catolicasmexico.com\/blog\/pro-vidas-convocan-marcha-en-rechazo-al-aborto-en-bolivia\/","url_meta":{"origin":300,"position":3},"title":"Pro-vidas convocan marcha en rechazo al aborto en Bolivia","date":"9 agosto 2013","format":false,"excerpt":"Unidos en oraci\u00f3n por la causa de la vida. LA PAZ, 08 Ago. 13 \/ 11:17 pm (ACI\/EWTN Noticias).- La Plataforma por La Vida, que re\u00fane a varias entidades y personalidades de Santa Cruz (Bolivia), convoc\u00f3 para el 22 de agosto a una marcha en rechazo a la posible despenalizaci\u00f3n\u2026","rel":"","context":"En \u00abAborto\u00bb","img":{"alt_text":"","src":"","width":0,"height":0},"classes":[]},{"id":2614,"url":"http:\/\/catolicasmexico.com\/blog\/el-aborto-no-es-derecho-de-la-mujer-precisa-ministro-gallardon\/","url_meta":{"origin":300,"position":4},"title":"El Aborto no es derecho de la mujer, precisa Ministro Gallard\u00f3n","date":"19 febrero 2014","format":false,"excerpt":"MADRID, 19 Feb. 14 \/ 08:02 am (ACI\/Europa Press).- El ministro de Justicia, Alberto Ruiz Gallard\u00f3n, ha dado la raz\u00f3n al senador de la Entesa, Carlos Mart\u00ed, y ha asegurado en el Sendado, durante la sesi\u00f3n de control al Gobierno, que, efectivamente, su reforma no reconoce el aborto como un\u2026","rel":"","context":"En \u00abAborto\u00bb","img":{"alt_text":"","src":"https:\/\/i2.wp.com\/catolicasmexico.com\/blog\/wp-content\/uploads\/2014\/02\/20140219-120041.jpg?resize=350%2C200","width":350,"height":200},"classes":[]},{"id":2393,"url":"http:\/\/catolicasmexico.com\/blog\/tribunal-constitucional-plurinacional-emitira-una-resolucion-para-autorizar-o-rechazar-el-aborto-en-bolivia\/","url_meta":{"origin":300,"position":5},"title":"Tribunal Constitucional Plurinacional emitir\u00e1 una resoluci\u00f3n para autorizar o rechazar el aborto en Bolivia","date":"16 enero 2014","format":false,"excerpt":"BOLIVIA.-(AGENCIALAVOZ)El debate del aborto se da luego de que la diputada del oficialista MAS, Patricia Mancilla, presentara el a\u00f1o 2012 una acci\u00f3n de inconstitucionalidad ante el TCP, en contra de 12 art\u00edculos del C\u00f3digo Penal. El presidente del Tribunal Constitucional Plurinacional (TCP), Rudy Flores, inform\u00f3 este martes que en el\u2026","rel":"","context":"En \u00abAborto\u00bb","img":{"alt_text":"","src":"","width":0,"height":0},"classes":[]}],"jetpack_likes_enabled":false,"jetpack_sharing_enabled":true,"_links":{"self":[{"href":"http:\/\/catolicasmexico.com\/blog\/wp-json\/wp\/v2\/posts\/300"}],"collection":[{"href":"http:\/\/catolicasmexico.com\/blog\/wp-json\/wp\/v2\/posts"}],"about":[{"href":"http:\/\/catolicasmexico.com\/blog\/wp-json\/wp\/v2\/types\/post"}],"author":[{"embeddable":true,"href":"http:\/\/catolicasmexico.com\/blog\/wp-json\/wp\/v2\/users\/2"}],"replies":[{"embeddable":true,"href":"http:\/\/catolicasmexico.com\/blog\/wp-json\/wp\/v2\/comments?post=300"}],"version-history":[{"count":5,"href":"http:\/\/catolicasmexico.com\/blog\/wp-json\/wp\/v2\/posts\/300\/revisions"}],"predecessor-version":[{"id":4745,"href":"http:\/\/catolicasmexico.com\/blog\/wp-json\/wp\/v2\/posts\/300\/revisions\/4745"}],"wp:featuredmedia":[{"embeddable":true,"href":"http:\/\/catolicasmexico.com\/blog\/wp-json\/wp\/v2\/media\/4744"}],"wp:attachment":[{"href":"http:\/\/catolicasmexico.com\/blog\/wp-json\/wp\/v2\/media?parent=300"}],"wp:term":[{"taxonomy":"category","embeddable":true,"href":"http:\/\/catolicasmexico.com\/blog\/wp-json\/wp\/v2\/categories?post=300"},{"taxonomy":"post_tag","embeddable":true,"href":"http:\/\/catolicasmexico.com\/blog\/wp-json\/wp\/v2\/tags?post=300"}],"curies":[{"name":"wp","href":"https:\/\/api.w.org\/{rel}","templated":true}]}}