{"id":2966,"date":"2014-05-29T10:02:31","date_gmt":"2014-05-29T15:02:31","guid":{"rendered":"http:\/\/catolicasmexico.com\/blog\/?p=2966"},"modified":"2014-05-29T10:02:31","modified_gmt":"2014-05-29T15:02:31","slug":"arzobispo-de-montreal-exhorta-a-pronunciarse-contra-la-ley-que-aprobara-la-eutanasia","status":"publish","type":"post","link":"http:\/\/catolicasmexico.com\/blog\/arzobispo-de-montreal-exhorta-a-pronunciarse-contra-la-ley-que-aprobara-la-eutanasia\/","title":{"rendered":"Arzobispo de Montreal exhorta a pronunciarse contra la ley que aprobar\u00e1 la eutanasia."},"content":{"rendered":"<p><a href=\"http:\/\/catolicasmexico.com\/blog\/wp-content\/uploads\/2014\/05\/20140529-110806.jpg\"><img src=\"http:\/\/catolicasmexico.com\/blog\/wp-content\/uploads\/2014\/05\/20140529-110806.jpg\" alt=\"20140529-110806.jpg\" class=\"alignnone size-full\"  \/> <\/a><\/p>\n<p>En el sitio web de la di\u00f3cesis de Montreal del 28 de mayo de 2014:<br \/>\nDel sitio www.cqv.cq.ca original del sitio Di\u00f3cesis de Montreal  traducci\u00f3n y edici\u00f3n libre www.catolicas mexico.com<br \/>\nLlamado  del arzobispo de Montreal, obispo Christian L\u00e9pine, a negarse al Bill 52 (eutanasia)<br \/>\nUna cuesti\u00f3n de vida o muerte: un llamado a la conciencia<\/p>\n<p> De manera Inminente, en la Asamblea Nacional se votar\u00e1 el proyecto de Ley 52: Ley sobre los cuidados del fin de la vida. Si se aprueba, la eutanasia se convertir\u00e1 en una pr\u00e1ctica legal bajo la denominaci\u00f3n de \u00abmuerte asistida\u00bb.<\/p>\n<p>Sin embargo, anticipar la muerte no es ayuda para morir sino dar la muerte. Es darle a los m\u00e9dicos el poder para matar a los pacientes m\u00e1s vulnerables en determinadas circunstancias.<\/p>\n<p>Nosotros queremos a los vulnerables, y alg\u00fan d\u00eda nosotros tambi\u00e9n seremos vulnerables. Es importante que sepamos que toda nuestra familia y que  la sociedad no acelerar\u00e1 nuestra muerte, sino que estar\u00e1n all\u00ed para apoyarnos hasta el final.<\/p>\n<p>Estamos llamados a elegir incondicionalmente el respeto a la vida hasta la muerte natural. El ser humano est\u00e1 hecho para respetar y servir a la vida en todas las situaciones de fragilidad. No se puede poner en juego la vida de gente inocente &#8211; sin da\u00f1arse a s\u00ed mismo en la conciencia de la dignidad propia.<\/p>\n<p>Cuando se mata a un ser humano inocente, tambi\u00e9n nos damos muerte a nosotros mismos.<\/p>\n<p>\u2020 Christian L\u00e9pine<br \/>\nArzobispo de Montreal.<\/p>\n","protected":false},"excerpt":{"rendered":"<p>En el sitio web de la di\u00f3cesis de Montreal del 28 de mayo de 2014: Del sitio www.cqv.cq.ca original del sitio Di\u00f3cesis de Montreal traducci\u00f3n y edici\u00f3n libre www.catolicas mexico.com Llamado del arzobispo de Montreal, obispo Christian L\u00e9pine, a negarse al Bill 52 (eutanasia) Una cuesti\u00f3n de vida o muerte: un llamado a la conciencia [&hellip;]<\/p>\n","protected":false},"author":2,"featured_media":2965,"comment_status":"open","ping_status":"open","sticky":false,"template":"","format":"standard","meta":{"spay_email":"","jetpack_publicize_message":"","jetpack_is_tweetstorm":false},"categories":[84,10,25,13,70,197],"tags":[437,88,229],"aioseo_notices":[],"jetpack_featured_media_url":"http:\/\/catolicasmexico.com\/blog\/wp-content\/uploads\/2014\/05\/20140529-110806.jpg","jetpack_publicize_connections":[],"jetpack_shortlink":"https:\/\/wp.me\/p3B5XH-LQ","jetpack-related-posts":[{"id":2021,"url":"http:\/\/catolicasmexico.com\/blog\/en-belgica-se-esta-tratando-el-tema-de-la-eutanasia-para-los-ninos\/","url_meta":{"origin":2966,"position":0},"title":"En B\u00e9lgica se est\u00e1 tratando el tema de la eutanasia para los ni\u00f1os.","date":"5 noviembre 2013","format":false,"excerpt":"Traducci\u00f3n y edici\u00f3n libre www.catolicasmexico.com Del sitio de campagne quebec-vie original del Sitio web de Radio-Canada de 02 de noviembre de 2013. (Foto: Fr\u00e9d\u00e9rique Laporte en flickr.com de Creative Commons) Mientras que en Quebec se ha comenzado a hablar de la ayuda a morir , B\u00e9lgica evoca la posibilidad de\u2026","rel":"","context":"En \u00abEutanasia\u00bb","img":{"alt_text":"","src":"https:\/\/i0.wp.com\/catolicasmexico.com\/blog\/wp-content\/uploads\/2013\/11\/20131105-125149.jpg?resize=350%2C200","width":350,"height":200},"classes":[]},{"id":2599,"url":"http:\/\/catolicasmexico.com\/blog\/belgica-aprueba-la-eutanasia-a-ninos-en-cualquier-edad-con-capacidad-de-discernimiento-y-aun-quiere-ampliarla-mas\/","url_meta":{"origin":2966,"position":1},"title":"B\u00e9lgica aprueba la eutanasia a ni\u00f1os en cualquier edad con \"capacidad de discernimiento\" y a\u00fan quiere ampliarla m\u00e1s.","date":"14 febrero 2014","format":false,"excerpt":"Traducci\u00f3n de Helena Faccia Serrano, Alcal\u00e1 de Henares Articulo de Religi\u00f3n en libertad edici\u00f3n www.catolicasmexico.com Con 86 votos a favor, 44 en contra y 12 abstenciones, la c\u00e1mara de los diputados en B\u00e9lgica ha votado este 13 de febrero el \u00abproyecto de ley que modifica la ley del 28 de\u2026","rel":"","context":"En \u00abEutanasia\u00bb","img":{"alt_text":"","src":"","width":0,"height":0},"classes":[]},{"id":940,"url":"http:\/\/catolicasmexico.com\/blog\/la-eutanasia-infantil-en-belgica-y-los-paises-bajos-70-anos-despues-del-regimen-nazi\/","url_meta":{"origin":2966,"position":2},"title":"La eutanasia infantil en B\u00e9lgica y los Pa\u00edses Bajos 70 a\u00f1os despu\u00e9s del r\u00e9gimen Nazi","date":"21 junio 2013","format":false,"excerpt":"POR PETER SAUNDERS \u00a0 18 De junio del 2013 (PJSaunders) - La semana pasada B\u00e9lgica y Holanda han tomado pasos importantes para la legalizacion de la eutanasia para los ni\u00f1os. \u00a0 Seg\u00fan los informes, un acuerdo se ha formado entre los miembros del Parlamento Federal belga en apoyo a la\u2026","rel":"","context":"En \u00abEutanasia\u00bb","img":{"alt_text":"","src":"https:\/\/i1.wp.com\/catolicasmexico.com\/blog\/wp-content\/uploads\/2013\/06\/Karl_Brandt_SS-Arzt.jpg?resize=350%2C200","width":350,"height":200},"classes":[]},{"id":2565,"url":"http:\/\/catolicasmexico.com\/blog\/unete-a-la-jornada-de-ayuno-y-de-oracion-por-quebec\/","url_meta":{"origin":2966,"position":3},"title":"\u00a1Unete a la jornada de ayuno y de oraci\u00f3n por Quebec!","date":"10 febrero 2014","format":false,"excerpt":"Monse\u00f1or Lepine hizo un llamado a la oraci\u00f3n y al ayuno para evitar la adopci\u00f3n de la ley que permite la eutanasia. Este 11 de febrero d\u00eda de la Virgen de Lourdes y d\u00eda mundial de los enfermos un\u00e1monos por medio de la oraci\u00f3n y el ayuno con todos aquellos\u2026","rel":"","context":"En \u00abCanada.\u00bb","img":{"alt_text":"","src":"https:\/\/i2.wp.com\/catolicasmexico.com\/blog\/wp-content\/uploads\/2014\/02\/20140210-194830.jpg?resize=350%2C200","width":350,"height":200},"classes":[]},{"id":2667,"url":"http:\/\/catolicasmexico.com\/blog\/criminales-con-batas-practican-la-eutanasia-pasiva-de-recien-nacidos-en-francia\/","url_meta":{"origin":2966,"position":4},"title":"Criminales con batas  practican la eutanasia pasiva de reci\u00e9n nacidos en Francia.","date":"6 marzo 2014","format":false,"excerpt":"Del sitio www.cqv.cq.ca original del sitio www.actusoins.com del 06 de marzo de 2014 traducci\u00f3n y edici\u00f3n libre www.catolicas mexico.com las diferentes maneras de matar de hambre a los beb\u00e9s son explicadas: (...) El segundo modelo es mucho m\u00e1s activo. El equipo detiene todo cuidado, nutrici\u00f3n e hidrataci\u00f3n, pero acompa\u00f1a al\u2026","rel":"","context":"En \u00abEutanasia\u00bb","img":{"alt_text":"","src":"","width":0,"height":0},"classes":[]},{"id":2736,"url":"http:\/\/catolicasmexico.com\/blog\/medicos-belgas-piden-la-legalizacion-de-la-eutanasia-aun-para-los-pacientes-que-no-la-piden\/","url_meta":{"origin":2966,"position":5},"title":"Medicos belgas piden la legalizaci\u00f3n de la eutanasia, aun para los pacientes que no la piden.","date":"14 marzo 2014","format":false,"excerpt":"Del sitio www.cqv.cq.ca original del peri\u00f3dico Le Soir traducci\u00f3n, comentario y edici\u00f3n libre www.catolicas mexico.com Como es una costumbre, el hecho de que existen practicas indeseables es una raz\u00f3n para legalizarlas. Pensamos que esto deriva de una l\u00f3gica simplista y absurda, que nos llevar\u00e1 sin lugar a dudas a nuestra\u2026","rel":"","context":"En \u00abEutanasia\u00bb","img":{"alt_text":"","src":"https:\/\/i2.wp.com\/catolicasmexico.com\/blog\/wp-content\/uploads\/2014\/03\/20140314-153859.jpg?resize=350%2C200","width":350,"height":200},"classes":[]}],"jetpack_likes_enabled":false,"jetpack_sharing_enabled":true,"_links":{"self":[{"href":"http:\/\/catolicasmexico.com\/blog\/wp-json\/wp\/v2\/posts\/2966"}],"collection":[{"href":"http:\/\/catolicasmexico.com\/blog\/wp-json\/wp\/v2\/posts"}],"about":[{"href":"http:\/\/catolicasmexico.com\/blog\/wp-json\/wp\/v2\/types\/post"}],"author":[{"embeddable":true,"href":"http:\/\/catolicasmexico.com\/blog\/wp-json\/wp\/v2\/users\/2"}],"replies":[{"embeddable":true,"href":"http:\/\/catolicasmexico.com\/blog\/wp-json\/wp\/v2\/comments?post=2966"}],"version-history":[{"count":1,"href":"http:\/\/catolicasmexico.com\/blog\/wp-json\/wp\/v2\/posts\/2966\/revisions"}],"predecessor-version":[{"id":2967,"href":"http:\/\/catolicasmexico.com\/blog\/wp-json\/wp\/v2\/posts\/2966\/revisions\/2967"}],"wp:featuredmedia":[{"embeddable":true,"href":"http:\/\/catolicasmexico.com\/blog\/wp-json\/wp\/v2\/media\/2965"}],"wp:attachment":[{"href":"http:\/\/catolicasmexico.com\/blog\/wp-json\/wp\/v2\/media?parent=2966"}],"wp:term":[{"taxonomy":"category","embeddable":true,"href":"http:\/\/catolicasmexico.com\/blog\/wp-json\/wp\/v2\/categories?post=2966"},{"taxonomy":"post_tag","embeddable":true,"href":"http:\/\/catolicasmexico.com\/blog\/wp-json\/wp\/v2\/tags?post=2966"}],"curies":[{"name":"wp","href":"https:\/\/api.w.org\/{rel}","templated":true}]}}