{"id":2951,"date":"2014-05-28T10:43:14","date_gmt":"2014-05-28T15:43:14","guid":{"rendered":"http:\/\/catolicasmexico.com\/blog\/?p=2951"},"modified":"2014-05-28T10:43:14","modified_gmt":"2014-05-28T15:43:14","slug":"la-joven-mujer-condenada-a-muerte-por-no-querer-renunciar-a-su-fe-cristiana-dio-a-luz-en-prision","status":"publish","type":"post","link":"http:\/\/catolicasmexico.com\/blog\/la-joven-mujer-condenada-a-muerte-por-no-querer-renunciar-a-su-fe-cristiana-dio-a-luz-en-prision\/","title":{"rendered":"La joven mujer condenada a muerte por no querer renunciar a su fe cristiana dio a luz en prisi\u00f3n."},"content":{"rendered":"<p><a href=\"http:\/\/catolicasmexico.com\/blog\/wp-content\/uploads\/2014\/05\/20140528-115459.jpg\"><img src=\"http:\/\/catolicasmexico.com\/blog\/wp-content\/uploads\/2014\/05\/20140528-115459.jpg\" alt=\"20140528-115459.jpg\" class=\"alignnone size-full\"  \/> <\/a><\/p>\n<p>Del sitio valeursactuelles traducci\u00f3n y edici\u00f3n libre www.catolicas mexico.com<\/p>\n<p>En prisi\u00f3n y condenada a muerte, Meriam ha dado a luz. <\/p>\n<p>Meriam Yahia Ibrahim Ishag, 27 a\u00f1os, nacido de un padre musulm\u00e1n y madre cristiana, fue condenada a muerte por apostas\u00eda en el Sud\u00e1n. Un diplom\u00e1tico occidental dijo a la AFP que Meiram dio a luz a una ni\u00f1a en la c\u00e1rcel y que \u00abla madre y el ni\u00f1o parecen estar bien\u00bb. La joven ser\u00e1 ejecutada por apostas\u00eda, &#8216;crimen&#8217;,  de la ley Sharia (en vigor en el Sud\u00e1n desde 1983).<\/p>\n<p>Condenado por ser cristiana.<\/p>\n<p>Mariam fue condenado a muerte el 15 de mayo porque se neg\u00f3 a renunciar a su fe cristiana. (&#8230;)<br \/>\nEl 26 mayo por la tarde, cientos de personas se reunieron en Par\u00eds las afueras de la Embajada de Sud\u00e1n en apoyo a  Meriam para exigir su liberaci\u00f3n.<\/p>\n","protected":false},"excerpt":{"rendered":"<p>Del sitio valeursactuelles traducci\u00f3n y edici\u00f3n libre www.catolicas mexico.com En prisi\u00f3n y condenada a muerte, Meriam ha dado a luz. Meriam Yahia Ibrahim Ishag, 27 a\u00f1os, nacido de un padre musulm\u00e1n y madre cristiana, fue condenada a muerte por apostas\u00eda en el Sud\u00e1n. Un diplom\u00e1tico occidental dijo a la AFP que Meiram dio a luz [&hellip;]<\/p>\n","protected":false},"author":2,"featured_media":2950,"comment_status":"open","ping_status":"open","sticky":false,"template":"","format":"standard","meta":{"spay_email":"","jetpack_publicize_message":"","jetpack_is_tweetstorm":false},"categories":[27,346,19,197],"tags":[430,428,431,427,429],"aioseo_notices":[],"jetpack_featured_media_url":"http:\/\/catolicasmexico.com\/blog\/wp-content\/uploads\/2014\/05\/20140528-115459.jpg","jetpack_publicize_connections":[],"jetpack_shortlink":"https:\/\/wp.me\/p3B5XH-LB","jetpack-related-posts":[{"id":2704,"url":"http:\/\/catolicasmexico.com\/blog\/valerie-gatto-miss-pennsylvania-naci-de-una-violacion-y-doy-gracias-a-dios-por-estar-aqui\/","url_meta":{"origin":2951,"position":0},"title":"Valerie Gatto, Miss Pennsylvania: \u00abNac\u00ed de una violaci\u00f3n y doy gracias a Dios por estar aqu\u00ed\u00bb","date":"12 marzo 2014","format":false,"excerpt":"Miss Pennsylvania 2014 se ha licenciado cum laude en la universidad de Pittsburgh, pero esta no es la noticia. Valerie Gatto, nacida en 1989, es una cristiana practicante que ha asombrado a los Estados Unidos cuando ha dicho que: \u00abDios es la raz\u00f3n de mi estar en el mundo\u00bb. Y\u2026","rel":"","context":"En \u00abAborto\u00bb","img":{"alt_text":"","src":"https:\/\/i1.wp.com\/catolicasmexico.com\/blog\/wp-content\/uploads\/2014\/03\/20140312-125007.jpg?resize=350%2C200","width":350,"height":200},"classes":[]},{"id":785,"url":"http:\/\/catolicasmexico.com\/blog\/obispo-resalta-coraje-de-madre-catolica-asesinada-por-joven-gay-en-eeuu\/","url_meta":{"origin":2951,"position":1},"title":"Obispo resalta coraje de madre cat\u00f3lica asesinada por joven gay en EEUU","date":"10 junio 2013","format":false,"excerpt":"PHOENIX, 07 Jun. 13 \/ 08:14 pm (ACI\/EWTN Noticias).- Mons. John Paprocki, Obispo de Springfield en Estados Unidos, record\u00f3 el testimonio de una madre de familia que fue asesinada por un joven gay en el a\u00f1o 2002, y explic\u00f3Obispo resalta coraje de madre cat\u00f3lica asesinada por joven gay en EEUU\u2026","rel":"","context":"En \u00abFamilia\u00bb","img":{"alt_text":"","src":"","width":0,"height":0},"classes":[]},{"id":3755,"url":"http:\/\/catolicasmexico.com\/blog\/diez-meses-de-prision-en-canada-por-intentar-salvar-vidas-la-ley-canadiense-permite-abortos-a-la-demanda-hasta-el-nacimiento-por-lo-tanto-la-vispera-de-su-nacimiento-un-nino-en-canada-puede-ser-as\/","url_meta":{"origin":2951,"position":2},"title":"Diez meses de prisi\u00f3n en Canad\u00e1 por intentar salvar vidas. La Ley canadiense permite abortos a la demanda hasta el nacimiento. Por lo tanto, la v\u00edspera de su nacimiento, un ni\u00f1o en Canad\u00e1 puede ser asesinado legalmente en una \"cl\u00ednica\"","date":"12 mayo 2015","format":false,"excerpt":"La canadiense Mary Wagner, quien ya hab\u00eda pasado 134 d\u00edas bajo custodia tras ser detenida ,el 23 de diciembre por introducirse en una cl\u00ednica para disuadir a las mujeres de un aborto, fue condenada el 5 de mayo por un tribunal en Toronto a 10 meses de prisi\u00f3n y le\u2026","rel":"","context":"En \u00abAborto\u00bb","img":{"alt_text":"","src":"https:\/\/i0.wp.com\/catolicasmexico.com\/blog\/wp-content\/uploads\/2015\/05\/20150512-105632.jpg?resize=350%2C200","width":350,"height":200},"classes":[]},{"id":721,"url":"http:\/\/catolicasmexico.com\/blog\/el-salvador-beatriz-no-aborto-y-dio-a-luz-a-su-hija-con-anencefalia\/","url_meta":{"origin":2951,"position":3},"title":"El Salvador: \"Beatriz\" no abort\u00f3 y dio a luz a su hija con anencefalia","date":"4 junio 2013","format":false,"excerpt":"SAN SALVADOR, 04 Jun. 13 \/ 12:15 pm (ACI\/EWTN Noticias).- \"Beatriz\" -nombre ficticio- una joven de 22 a\u00f1os que padece lupus y estaba embarazada de una ni\u00f1a con anencefalia, no se someti\u00f3 a un aborto y dio a luz a trav\u00e9s de una ces\u00e1rea ayer, alrededor del mediod\u00eda (hora de\u2026","rel":"","context":"En \u00abAborto\u00bb","img":{"alt_text":"","src":"","width":0,"height":0},"classes":[]},{"id":3224,"url":"http:\/\/catolicasmexico.com\/blog\/10-de-julio-festividad-de-los-siete-hermanos-martires\/","url_meta":{"origin":2951,"position":4},"title":"10 de Julio, Festividad de los siete hermanos m\u00e1rtires","date":"10 julio 2014","format":false,"excerpt":"Del sitio El Cruzamante. El tema de hoy ocurri\u00f3 unos doscientos a\u00f1os despu\u00e9s del nacimiento de Cristo. En esa \u00e9poca viv\u00eda en Roma una noble viuda cristiana, llamada Felicitas, que ten\u00eda tambi\u00e9n siete hijos, guapos muchachos y fervorosos disc\u00edpulos de Cristo. Todos ellos fueron encarcelados por la fe. Siguiendo el\u2026","rel":"","context":"En \u00abFe\u00bb","img":{"alt_text":"","src":"","width":0,"height":0},"classes":[]},{"id":353,"url":"http:\/\/catolicasmexico.com\/blog\/abortista-gosnell-es-sentenciado-a-cadena-perpetua\/","url_meta":{"origin":2951,"position":5},"title":"Abortista Gosnell es sentenciado a cadena perpetua","date":"15 mayo 2013","format":false,"excerpt":"FILADELFIA, 15 May. 13 \/ 06:13 am (ACI\/EWTN Noticias).- Tras ser condenado por el asesinato de tres beb\u00e9s nacidos vivos, el abortista Kermit Gosnell fue sentenciado el 14 de mayo a dos cadenas perpetuas sin derecho a libertad condicional por dos de las tres acusaciones que enfrent\u00f3. Al no apelar\u2026","rel":"","context":"En \u00abAborto\u00bb","img":{"alt_text":"","src":"https:\/\/i2.wp.com\/catolicasmexico.com\/blog\/wp-content\/uploads\/2013\/05\/image-22.jpeg?resize=350%2C200","width":350,"height":200},"classes":[]}],"jetpack_likes_enabled":false,"jetpack_sharing_enabled":true,"_links":{"self":[{"href":"http:\/\/catolicasmexico.com\/blog\/wp-json\/wp\/v2\/posts\/2951"}],"collection":[{"href":"http:\/\/catolicasmexico.com\/blog\/wp-json\/wp\/v2\/posts"}],"about":[{"href":"http:\/\/catolicasmexico.com\/blog\/wp-json\/wp\/v2\/types\/post"}],"author":[{"embeddable":true,"href":"http:\/\/catolicasmexico.com\/blog\/wp-json\/wp\/v2\/users\/2"}],"replies":[{"embeddable":true,"href":"http:\/\/catolicasmexico.com\/blog\/wp-json\/wp\/v2\/comments?post=2951"}],"version-history":[{"count":1,"href":"http:\/\/catolicasmexico.com\/blog\/wp-json\/wp\/v2\/posts\/2951\/revisions"}],"predecessor-version":[{"id":2952,"href":"http:\/\/catolicasmexico.com\/blog\/wp-json\/wp\/v2\/posts\/2951\/revisions\/2952"}],"wp:featuredmedia":[{"embeddable":true,"href":"http:\/\/catolicasmexico.com\/blog\/wp-json\/wp\/v2\/media\/2950"}],"wp:attachment":[{"href":"http:\/\/catolicasmexico.com\/blog\/wp-json\/wp\/v2\/media?parent=2951"}],"wp:term":[{"taxonomy":"category","embeddable":true,"href":"http:\/\/catolicasmexico.com\/blog\/wp-json\/wp\/v2\/categories?post=2951"},{"taxonomy":"post_tag","embeddable":true,"href":"http:\/\/catolicasmexico.com\/blog\/wp-json\/wp\/v2\/tags?post=2951"}],"curies":[{"name":"wp","href":"https:\/\/api.w.org\/{rel}","templated":true}]}}