{"id":2945,"date":"2014-05-26T11:07:15","date_gmt":"2014-05-26T16:07:15","guid":{"rendered":"http:\/\/catolicasmexico.com\/blog\/?p=2945"},"modified":"2014-05-26T11:07:15","modified_gmt":"2014-05-26T16:07:15","slug":"hoy-celebramos-a-san-felipe-neri","status":"publish","type":"post","link":"http:\/\/catolicasmexico.com\/blog\/hoy-celebramos-a-san-felipe-neri\/","title":{"rendered":"Hoy celebramos a San Felipe Neri."},"content":{"rendered":"<p><a href=\"http:\/\/catolicasmexico.com\/blog\/wp-content\/uploads\/2014\/05\/20140526-1211521.jpg\"><img src=\"http:\/\/catolicasmexico.com\/blog\/wp-content\/uploads\/2014\/05\/20140526-1211521.jpg\" alt=\"20140526-121152.jpg\" class=\"alignnone size-full\"  \/> <\/a><\/p>\n<p>Fuente www. corazones.org <\/p>\n<p>San Felipe Neri<br \/>\n1515-1595<br \/>\nAp\u00f3stol de Roma<br \/>\n26 de Mayo<br \/>\nPatr\u00f3n de educadores y humoristas.<br \/>\nFundador del oratorio en Roma.<br \/>\nDICHOS DE SAN FELIPE<\/p>\n<p>\u00abQuien quiera algo que no sea Cristo,<br \/>\nno sabe lo que quiere;<br \/>\nquien pida algo que no sea Cristo,<br \/>\nno sabe lo que pide;<br \/>\nquien no trabaje por Cristo,<br \/>\nno sabe lo que hace\u00bb<br \/>\n -San Felipe Neri<\/p>\n<p>\u00abComo es posible que alguien que cree en Dios<br \/>\npueda amar algo fuera de \u00c9l\u00bb.<br \/>\n  -San Felipe Neri<\/p>\n<p>\u00ab\u00bfOh Se\u00f1or que eres tan adorable<br \/>\ny me has mandado a amarte,<br \/>\npor qu\u00e9 me diste tan solo un coraz\u00f3n.<\/p>\n<p>El cuerpo incorrupto de San Felipe se encuentra en la iglesia de Santa Mar\u00eda en Vallicella, bajo un hermoso mosaico de su visi\u00f3n de la Virgen Mar\u00eda de 1594.<\/p>\n","protected":false},"excerpt":{"rendered":"<p>Fuente www. corazones.org San Felipe Neri 1515-1595 Ap\u00f3stol de Roma 26 de Mayo Patr\u00f3n de educadores y humoristas. Fundador del oratorio en Roma. DICHOS DE SAN FELIPE \u00abQuien quiera algo que no sea Cristo, no sabe lo que quiere; quien pida algo que no sea Cristo, no sabe lo que pide; quien no trabaje por [&hellip;]<\/p>\n","protected":false},"author":2,"featured_media":2944,"comment_status":"open","ping_status":"open","sticky":false,"template":"","format":"standard","meta":{"spay_email":"","jetpack_publicize_message":"","jetpack_is_tweetstorm":false},"categories":[25,13],"tags":[425],"aioseo_notices":[],"jetpack_featured_media_url":"http:\/\/catolicasmexico.com\/blog\/wp-content\/uploads\/2014\/05\/20140526-1211521.jpg","jetpack_publicize_connections":[],"jetpack_shortlink":"https:\/\/wp.me\/p3B5XH-Lv","jetpack-related-posts":[{"id":1615,"url":"http:\/\/catolicasmexico.com\/blog\/sorprendente-historia-de-confianza-en-dios-gemelos-que-se-salvaron-de-morir-en-un-aborto-ahora-son-sacerdotes\/","url_meta":{"origin":2945,"position":0},"title":"\u00a1Sorprendente historia de confianza en Dios! : Gemelos que se salvaron de morir en un aborto ahora son sacerdotes.","date":"15 agosto 2013","format":false,"excerpt":"Edici\u00f3n www.catolicasmexico.com Por Paulo y Felipe Lizama REDACCI\u00d3N CENTRAL, 15 Ago. 13 \/ 05:21 am (ACI).- A inicios de 1984 una ecograf\u00eda mostraba que en el vientre de la chilena Rosa Silva se gestaba un beb\u00e9 con tres brazos y dos cabezas. Los m\u00e9dicos insistieron en que se practique un\u2026","rel":"","context":"En \u00abAborto\u00bb","img":{"alt_text":"","src":"","width":0,"height":0},"classes":[]},{"id":1574,"url":"http:\/\/catolicasmexico.com\/blog\/dia-de-san-lorenzo-martir\/","url_meta":{"origin":2945,"position":1},"title":"D\u00eda de San Lorenzo Martir.","date":"10 agosto 2013","format":false,"excerpt":"Queremos compartir este hermoso serm\u00f3n de San Agust\u00edn, obispo, sobre el martirio de San Lorenzo y del como seguir su ejemplo. San Lorenzo, Rogad por Nosotros. Del sitio de catholic.net La Iglesia de Roma nos invita hoy a celebrar el triunfo de san Lorenzo, que super\u00f3 las amenazas y seducciones\u2026","rel":"","context":"En \u00abSantoral\u00bb","img":{"alt_text":"","src":"","width":0,"height":0},"classes":[]},{"id":1703,"url":"http:\/\/catolicasmexico.com\/blog\/los-cristeros-y-su-viril-ideal\/","url_meta":{"origin":2945,"position":2},"title":"LOS CRISTEROS Y SU VIRIL IDEAL","date":"27 agosto 2013","format":false,"excerpt":"Art\u00edculo original de\u00a0http:\/\/radiocristiandad.wordpress.com\u00a0comentario de Alejandro P. para catolicasmexico.com NECESITAMOS QUE \u00c9L REINE Aqu\u00e9l por el que M\u00e9xico luch\u00f3 y muri\u00f3 hace 84 a\u00f1os. Sus enemigos los llamaron \u201cCristeros\u201d por su grito de guerra:\u00a0\u00a1Viva Cristo Rey!\u00a0Ese bendito grito que empez\u00f3 a o\u00edrse en nuestra Patria por primera vez en 1854, cuando\u2026","rel":"","context":"En \u00abFe\u00bb","img":{"alt_text":"","src":"https:\/\/i1.wp.com\/catolicasmexico.com\/blog\/wp-content\/uploads\/2013\/08\/christusrex.jpg?resize=350%2C200","width":350,"height":200},"classes":[]},{"id":1632,"url":"http:\/\/catolicasmexico.com\/blog\/los-medios-y-los-politicos-ultra-democraticos-silencian-el-drama-que-viven-los-cristianos-en-egipto\/","url_meta":{"origin":2945,"position":3},"title":"LOS MEDIOS Y LOS POLITICOS \"ULTRA DEMOCRATICOS\", SILENCIAN EL DRAMA QUE VIVEN LOS CRISTIANOS EN EGIPTO","date":"19 agosto 2013","format":false,"excerpt":"Los cristianos de Egipto est\u00e1n siendo perseguidos y martirizados brutalmente por los seguidores de Mursi. Hasta 60 Iglesias (que se sepa) han sido profanadas, saqueadas y destruidas a fecha de hoy \u00bfCu\u00e1ntos cristianos est\u00e1n siendo asesinados por su fe en Egipto? La quema de sus iglesias representa un drama inenarrable\u2026","rel":"","context":"En \u00abFe\u00bb","img":{"alt_text":"","src":"https:\/\/i1.wp.com\/catolicasmexico.com\/blog\/wp-content\/uploads\/2013\/08\/20130819-093723.jpg?resize=350%2C200","width":350,"height":200},"classes":[]},{"id":4098,"url":"http:\/\/catolicasmexico.com\/blog\/el-adviento-un-repaso\/","url_meta":{"origin":2945,"position":4},"title":"El Adviento: un repaso","date":"26 noviembre 2015","format":false,"excerpt":"Traducci\u00f3n realizada por Jules para Cat\u00f3licas M\u00e9xico, el 22 de noviembre de 2015. Tema La venida de Cristo, tanto hist\u00f3rica como futura Color Morado Sentimiento Anticipaci\u00f3n sombr\u00eda, gozosa pero restringida, en aumento cada d\u00eda hasta Navidad; como el esperar de una madre encinta, inseguro y humilde hasta que d\u00e9 a\u2026","rel":"","context":"En \u00abEducaci\u00f3n\u00bb","img":{"alt_text":"","src":"https:\/\/i1.wp.com\/catolicasmexico.com\/blog\/wp-content\/uploads\/2015\/11\/St_John_the_baptist_-_Leonardo_Da_Vinci.jpg?resize=350%2C200","width":350,"height":200},"classes":[]},{"id":2750,"url":"http:\/\/catolicasmexico.com\/blog\/hoy-la-iglesia-celebra-a-san-jose-el-castisimo-esposo-de-la-virgen-maria\/","url_meta":{"origin":2945,"position":5},"title":"Hoy la Iglesia celebra a San Jos\u00e9, el cast\u00edsimo esposo de la Virgen Mar\u00eda","date":"19 marzo 2014","format":false,"excerpt":"LIMA, 19 Mar. 14 \/ 12:04 am (ACI).- Hoy 19 de marzo la Iglesia Universal celebra la fiesta del verdadero esposo virginal de la Madre de Dios, San Jos\u00e9, el padre adoptivo de Jesucristo, el var\u00f3n prudente y justo que con paternal amor cuida al mundo entero. San Jos\u00e9 desde\u2026","rel":"","context":"En \u00abFamilia\u00bb","img":{"alt_text":"","src":"https:\/\/i1.wp.com\/catolicasmexico.com\/blog\/wp-content\/uploads\/2014\/03\/20140319-1202221.jpg?resize=350%2C200","width":350,"height":200},"classes":[]}],"jetpack_likes_enabled":false,"jetpack_sharing_enabled":true,"_links":{"self":[{"href":"http:\/\/catolicasmexico.com\/blog\/wp-json\/wp\/v2\/posts\/2945"}],"collection":[{"href":"http:\/\/catolicasmexico.com\/blog\/wp-json\/wp\/v2\/posts"}],"about":[{"href":"http:\/\/catolicasmexico.com\/blog\/wp-json\/wp\/v2\/types\/post"}],"author":[{"embeddable":true,"href":"http:\/\/catolicasmexico.com\/blog\/wp-json\/wp\/v2\/users\/2"}],"replies":[{"embeddable":true,"href":"http:\/\/catolicasmexico.com\/blog\/wp-json\/wp\/v2\/comments?post=2945"}],"version-history":[{"count":1,"href":"http:\/\/catolicasmexico.com\/blog\/wp-json\/wp\/v2\/posts\/2945\/revisions"}],"predecessor-version":[{"id":2946,"href":"http:\/\/catolicasmexico.com\/blog\/wp-json\/wp\/v2\/posts\/2945\/revisions\/2946"}],"wp:featuredmedia":[{"embeddable":true,"href":"http:\/\/catolicasmexico.com\/blog\/wp-json\/wp\/v2\/media\/2944"}],"wp:attachment":[{"href":"http:\/\/catolicasmexico.com\/blog\/wp-json\/wp\/v2\/media?parent=2945"}],"wp:term":[{"taxonomy":"category","embeddable":true,"href":"http:\/\/catolicasmexico.com\/blog\/wp-json\/wp\/v2\/categories?post=2945"},{"taxonomy":"post_tag","embeddable":true,"href":"http:\/\/catolicasmexico.com\/blog\/wp-json\/wp\/v2\/tags?post=2945"}],"curies":[{"name":"wp","href":"https:\/\/api.w.org\/{rel}","templated":true}]}}