{"id":2941,"date":"2014-05-26T08:36:47","date_gmt":"2014-05-26T13:36:47","guid":{"rendered":"http:\/\/catolicasmexico.com\/blog\/?p=2941"},"modified":"2014-05-26T08:36:47","modified_gmt":"2014-05-26T13:36:47","slug":"europa-bajo-la-influencia-del-lobby-gay-el-lgbt-posee-un-poderoso-lobby-en-estrasburgo","status":"publish","type":"post","link":"http:\/\/catolicasmexico.com\/blog\/europa-bajo-la-influencia-del-lobby-gay-el-lgbt-posee-un-poderoso-lobby-en-estrasburgo\/","title":{"rendered":"Europa bajo la influencia del lobby gay. El  LGBT posee un poderoso lobby en Estrasburgo"},"content":{"rendered":"<p><a href=\"http:\/\/catolicasmexico.com\/blog\/wp-content\/uploads\/2014\/05\/20140526-094750.jpg\"><img src=\"http:\/\/catolicasmexico.com\/blog\/wp-content\/uploads\/2014\/05\/20140526-094750.jpg\" alt=\"20140526-094750.jpg\" class=\"alignnone size-full\"  \/> <\/a><\/p>\n<p> En la foto el eurodiputado Michael Cashman miembro del LGTB como la cuarta parte de los parlamentarios europeos.<br \/>\nDel sitio www.valeurs actuelles traducci\u00f3n y edici\u00f3n libre www.catolicas mexico.com<br \/>\n(&#8230;) Casi una cuarta parte de los diputados es miembro del Intergrupo LGTB (lesbianas, gays, bisexuales y transexuales), que defiende los intereses de los lobbies homosexuales en Europa: 174 de 766 elegido, convirti\u00e9ndolo en el m\u00e1s grande Intergrupo del Parlamento Europeo en Estrasburgo. Veinti\u00fan diputados franceses son miembros,  de las filas socialistas (10) y \u00abecologistas\u00bb (8).<br \/>\nSu objetivo: influir en las decisiones del Parlamento y \u00abvigilar las propuestas, las opiniones y la actividad de la Comisi\u00f3n\u00bb para que sus reclamos sean tomados en cuenta. Este activismo es muy eficaz: en cinco a\u00f1os, los miembros del Parlamento Europeo participaron en m\u00e1s de 250 votos relacionados con la orientaci\u00f3n sexual y \u00abidentidad de g\u00e9nero\u00bb, \u00abm\u00e1s de 100 informes contienen  t\u00e9rminos positivos sobre estas cuestiones\u00bbel informe Lunaceck fue aprobado. (&#8230;) el Parlamento Europeo ha respaldado ampliamente su informe sobre el \u00abplan de la UE contra la homofobia\u00bb, inspirados en la asociaci\u00f3n internacional de lesbianas y de Gays , ILGA-Europa. Creado en 1996, este lobby de un poder insospechado, tiene su sede en Bruselas y recibe subvenciones de la Comisi\u00f3n Europea (1,4 millones del \u20ac en 2012!), adem\u00e1s recibe dinero del Ministerio de Educaci\u00f3n de los Pa\u00edses Bajos, varias organizaciones no gubernamentales (incluyendo la Open Society Foundation, creada por George Soros) e incluso del Departamento de estado de Estados Unidos.<\/p>\n<p>As\u00ed los diputados instan a la Comisi\u00f3n a elaborar una estrategia global para proteger \u00ablos derechos humanos de las personas LGBTI\u00bb (I de intersexual). En la neolengua propia de los activistas gay, alientan a \u00abpromover la igualdad y la lucha contra la discriminaci\u00f3n por orientaci\u00f3n sexual e identidad de g\u00e9nero en todos los  programas para la juventud y la educaci\u00f3n\u00bb. (&#8230;)<\/p>\n<p>Sin embargo la ofensiva de los grupos de presi\u00f3n no es todo poderosa. El 11 de marzo, los diputados  rechazaron la propuesta de la  portuguesa comunista  In\u00e9s Cristina Zuber, donde se debilitaba  el papel educativo de los padres  so pretexto de la lucha contra \u00ablos estereotipos de g\u00e9nero\u00bb. El a\u00f1o pasado,  el Parlamento rechaz\u00f3 tambi\u00e9n el informe Estrela, que quiso hacer obligatoria la ense\u00f1anza de la teor\u00eda de genero  en la escuela y pidi\u00f3 que la Union europea pag\u00e1se los abortos en e mundo y promovi\u00e9se  la investigaci\u00f3n destructiva con embriones humanos.<\/p>\n","protected":false},"excerpt":{"rendered":"<p>En la foto el eurodiputado Michael Cashman miembro del LGTB como la cuarta parte de los parlamentarios europeos. Del sitio www.valeurs actuelles traducci\u00f3n y edici\u00f3n libre www.catolicas mexico.com (&#8230;) Casi una cuarta parte de los diputados es miembro del Intergrupo LGTB (lesbianas, gays, bisexuales y transexuales), que defiende los intereses de los lobbies homosexuales en [&hellip;]<\/p>\n","protected":false},"author":2,"featured_media":2940,"comment_status":"open","ping_status":"open","sticky":false,"template":"","format":"standard","meta":{"spay_email":"","jetpack_publicize_message":"","jetpack_is_tweetstorm":false},"categories":[9,16,17,32,15,12,70,21],"tags":[423,724,315,424],"aioseo_notices":[],"jetpack_featured_media_url":"http:\/\/catolicasmexico.com\/blog\/wp-content\/uploads\/2014\/05\/20140526-094750.jpg","jetpack_publicize_connections":[],"jetpack_shortlink":"https:\/\/wp.me\/p3B5XH-Lr","jetpack-related-posts":[{"id":2383,"url":"http:\/\/catolicasmexico.com\/blog\/el-informe-estrela-vuelve-a-la-carga-quiere-el-derecho-al-aborto-y-adoctrinar-sexualmente-a-los-ninos\/","url_meta":{"origin":2941,"position":0},"title":"El Informe Estrela vuelve a la carga: quiere el \u2018derecho\u2019 al aborto y adoctrinar sexualmente a los ni\u00f1os","date":"15 enero 2014","format":false,"excerpt":"ESPA\u00d1A-.(AGENCIALAVOZ) Los activistas del lobby abortista han sufrido una reciente derrota en la Uni\u00f3n Europea con el rechazo del llamado \u201cproyecto Estrela\u201d, que pretend\u00eda consagrar el aborto como un derecho humano. Una de las cr\u00edticas m\u00e1s fuertes al resultado de la votaci\u00f3n fue la de Ulrike Lunacek, parlamentaria europea del\u2026","rel":"","context":"En \u00abAborto\u00bb","img":{"alt_text":"","src":"","width":0,"height":0},"classes":[]},{"id":1164,"url":"http:\/\/catolicasmexico.com\/blog\/peru-resiste-a-las-presiones-del-lobby-lgtb\/","url_meta":{"origin":2941,"position":1},"title":"Per\u00fa resiste a las presiones del lobby LGTB.","date":"9 julio 2013","format":false,"excerpt":"Del blog de www.cqv.qc.ca del blog de Jeanne Smits. Traducci\u00f3n y edici\u00f3n libre www.catolicasmexico.com La propuesta de incluir una causa agravante al delito de discriminaci\u00f3n debido a la \"orientaci\u00f3n sexual\" y la \"identidad de g\u00e9nero\" en el Congreso de Per\u00fa fue rechazada este 4 de julio. Cabe se\u00f1alar que Per\u00fa\u2026","rel":"","context":"En \u00abLegislaci\u00f3n\u00bb","img":{"alt_text":"","src":"","width":0,"height":0},"classes":[]},{"id":2479,"url":"http:\/\/catolicasmexico.com\/blog\/detengamos-el-informe-lunacek\/","url_meta":{"origin":2941,"position":2},"title":"\u00a1Detengamos el informe Lunacek!","date":"28 enero 2014","format":false,"excerpt":"El grupo de Hazteoir.org nos envi\u00f3 esta petici\u00f3n que pusimos en nuestro muro de Facebook. Les pedimos que firmen y que detengamos as\u00ed la mordaza que quieren imponer los lobbys gays. La pr\u00f3xima semana, se votar\u00e1 en el Parlamento Europeo el Informe Lunacek (as\u00ed llamado por su promotora, la eurodiputada\u2026","rel":"","context":"En \u00abEspa\u00f1a\u00bb","img":{"alt_text":"","src":"https:\/\/i2.wp.com\/catolicasmexico.com\/blog\/wp-content\/uploads\/2014\/01\/20140128-1317121.jpg?resize=350%2C200","width":350,"height":200},"classes":[]},{"id":2603,"url":"http:\/\/catolicasmexico.com\/blog\/miles-exigen-detener-adoctrinamiento-gay-en-escuelas-de-colombia\/","url_meta":{"origin":2941,"position":3},"title":"Miles exigen detener adoctrinamiento gay en escuelas de Colombia.","date":"14 febrero 2014","format":false,"excerpt":"BOGOT\u00c1, 14 Feb. 14 \/ 08:30 am (ACI\/EWTN Noticias).- A trav\u00e9s de la plataforma CitizenGO, m\u00e1s de dos millares de ciudadanos han exigido al secretario de Educaci\u00f3n de Bogot\u00e1 (Colombia), Oscar Gustavo S\u00e1nchez Jaramillo, que se detenga el adoctrinamiento LGTB (lesbianas, gay, transexuales y bisexuales) en las escuelas del pa\u00eds.\u2026","rel":"","context":"En \u00abEducaci\u00f3n\u00bb","img":{"alt_text":"","src":"https:\/\/i0.wp.com\/catolicasmexico.com\/blog\/wp-content\/uploads\/2014\/02\/20140214-125726.jpg?resize=350%2C200","width":350,"height":200},"classes":[]},{"id":1429,"url":"http:\/\/catolicasmexico.com\/blog\/el-consejo-europeopone-bajo-supervision-a-hungria\/","url_meta":{"origin":2941,"position":4},"title":"El consejo Europeo,pone bajo supervisi\u00f3n a Hungr\u00eda.","date":"26 julio 2013","format":false,"excerpt":"Texto de Nouvelles de France. Traducci\u00f3n y edici\u00f3n libre de www.catolicasmexico.com El Consejo de Europa pone a Hungr\u00eda bajo supervisi\u00f3n. Rusia mantiene su apoyo a este pa\u00eds y denuncia la represi\u00f3n contra los opositores al matrimonio entre personas del mismo-sexo. Desde hace varios a\u00f1os, la Hungr\u00eda que est\u00e1 gobernada por\u2026","rel":"","context":"En \u00abLibertad de expresi\u00f3n\u00bb","img":{"alt_text":"","src":"","width":0,"height":0},"classes":[]},{"id":2333,"url":"http:\/\/catolicasmexico.com\/blog\/cuba-aprueba-ley-de-proteccion-laboral-para-los-gays\/","url_meta":{"origin":2941,"position":5},"title":"Cuba aprueba ley de protecci\u00f3n laboral para los gays","date":"9 enero 2014","format":false,"excerpt":"CUBA.-(AGENCIALAVOZ) El periodista y \u201ccomunista gay\u201d, Francisco Rodr\u00edguez o \u201cPaquito el de Cuba\u201d, (...)a trav\u00e9s de su cuenta de Twitter y blog que Rodr\u00edguez anunci\u00f3 la decisi\u00f3n hist\u00f3rica. En una de las entradas de su blog, Rodr\u00edguez cita un p\u00e1rrafo de la nueva ley: \u201cTodo ciudadano en condiciones de trabajar\u2026","rel":"","context":"En \u00abHomosexualidad\u00bb","img":{"alt_text":"","src":"https:\/\/i1.wp.com\/catolicasmexico.com\/blog\/wp-content\/uploads\/2014\/01\/20140109-1258311.jpg?resize=350%2C200","width":350,"height":200},"classes":[]}],"jetpack_likes_enabled":false,"jetpack_sharing_enabled":true,"_links":{"self":[{"href":"http:\/\/catolicasmexico.com\/blog\/wp-json\/wp\/v2\/posts\/2941"}],"collection":[{"href":"http:\/\/catolicasmexico.com\/blog\/wp-json\/wp\/v2\/posts"}],"about":[{"href":"http:\/\/catolicasmexico.com\/blog\/wp-json\/wp\/v2\/types\/post"}],"author":[{"embeddable":true,"href":"http:\/\/catolicasmexico.com\/blog\/wp-json\/wp\/v2\/users\/2"}],"replies":[{"embeddable":true,"href":"http:\/\/catolicasmexico.com\/blog\/wp-json\/wp\/v2\/comments?post=2941"}],"version-history":[{"count":1,"href":"http:\/\/catolicasmexico.com\/blog\/wp-json\/wp\/v2\/posts\/2941\/revisions"}],"predecessor-version":[{"id":2942,"href":"http:\/\/catolicasmexico.com\/blog\/wp-json\/wp\/v2\/posts\/2941\/revisions\/2942"}],"wp:featuredmedia":[{"embeddable":true,"href":"http:\/\/catolicasmexico.com\/blog\/wp-json\/wp\/v2\/media\/2940"}],"wp:attachment":[{"href":"http:\/\/catolicasmexico.com\/blog\/wp-json\/wp\/v2\/media?parent=2941"}],"wp:term":[{"taxonomy":"category","embeddable":true,"href":"http:\/\/catolicasmexico.com\/blog\/wp-json\/wp\/v2\/categories?post=2941"},{"taxonomy":"post_tag","embeddable":true,"href":"http:\/\/catolicasmexico.com\/blog\/wp-json\/wp\/v2\/tags?post=2941"}],"curies":[{"name":"wp","href":"https:\/\/api.w.org\/{rel}","templated":true}]}}