{"id":2937,"date":"2014-05-23T14:07:46","date_gmt":"2014-05-23T19:07:46","guid":{"rendered":"http:\/\/catolicasmexico.com\/blog\/?p=2937"},"modified":"2017-07-21T23:43:47","modified_gmt":"2017-07-22T04:43:47","slug":"en-quebec-paso-el-proyecto-de-ley-para-legalizar-la-eutanasia-el-colectivo-de-medicos-ira-a-la-corte-superior","status":"publish","type":"post","link":"http:\/\/catolicasmexico.com\/blog\/en-quebec-paso-el-proyecto-de-ley-para-legalizar-la-eutanasia-el-colectivo-de-medicos-ira-a-la-corte-superior\/","title":{"rendered":"En Quebec pas\u00f3 el proyecto de ley para legalizar la eutanasia, el colectivo de m\u00e9dicos ir\u00e1 a la Corte Superior."},"content":{"rendered":"<p><a href=\"http:\/\/catolicasmexico.com\/blog\/wp-content\/uploads\/2014\/05\/20140523-151928.jpg\"><img src=\"http:\/\/catolicasmexico.com\/blog\/wp-content\/uploads\/2014\/05\/20140523-151928.jpg\" alt=\"20140523-151928.jpg\" class=\"alignnone size-full\"  \/> <\/a><\/p>\n<p>Del sitio www.cqv.cq.ca traducci\u00f3n y edici\u00f3n libre www.catolicas mexico.com(&#8230;)el colectivo de m\u00e9dicos contra  la eutanasia y la red de ciudadanos vivir con dignidad est\u00e1n cuestionando la validez de la Ley 52 en la asistencia m\u00e9dica para morir, consider\u00e1ndola inconstitucional.<\/p>\n<p>Las dos organizaciones dijeron este jueves estar listos para enfrentarla ,la firma de abogados que defender\u00e1n su causa, ser\u00e1 a firma Norton Rose Fulbright. (&#8230;)<\/p>\n<p>La ayuda m\u00e9dica para morir, tiene un nombre: eutanasia y la eutanasia no es un cuidado, es un homicidio conforme al C\u00f3digo Penal, dijo el Sr. Michel Racicot, Vicepresidente de vivir con dignidad. \u00bb Los pa\u00edses que ahora permiten la eutanasia primero la despenalizaron y el c\u00f3digo penal pertenece a la jurisdicci\u00f3n federal\u00bb. (&#8230;)<\/p>\n","protected":false},"excerpt":{"rendered":"<p>Del sitio www.cqv.cq.ca traducci\u00f3n y edici\u00f3n libre www.catolicas mexico.com(&#8230;)el colectivo de m\u00e9dicos contra la eutanasia y la red de ciudadanos vivir con dignidad est\u00e1n cuestionando la validez de la Ley 52 en la asistencia m\u00e9dica para morir, consider\u00e1ndola inconstitucional. Las dos organizaciones dijeron este jueves estar listos para enfrentarla ,la firma de abogados que defender\u00e1n [&hellip;]<\/p>\n","protected":false},"author":2,"featured_media":2933,"comment_status":"open","ping_status":"open","sticky":false,"template":"","format":"standard","meta":{"spay_email":"","jetpack_publicize_message":"","jetpack_is_tweetstorm":false},"categories":[84,10,70],"tags":[422,88,156],"aioseo_notices":[],"jetpack_featured_media_url":"http:\/\/catolicasmexico.com\/blog\/wp-content\/uploads\/2014\/05\/20140523-151928.jpg","jetpack_publicize_connections":[],"jetpack_shortlink":"https:\/\/wp.me\/p3B5XH-Ln","jetpack-related-posts":[{"id":940,"url":"http:\/\/catolicasmexico.com\/blog\/la-eutanasia-infantil-en-belgica-y-los-paises-bajos-70-anos-despues-del-regimen-nazi\/","url_meta":{"origin":2937,"position":0},"title":"La eutanasia infantil en B\u00e9lgica y los Pa\u00edses Bajos 70 a\u00f1os despu\u00e9s del r\u00e9gimen Nazi","date":"21 junio 2013","format":false,"excerpt":"POR PETER SAUNDERS \u00a0 18 De junio del 2013 (PJSaunders) - La semana pasada B\u00e9lgica y Holanda han tomado pasos importantes para la legalizacion de la eutanasia para los ni\u00f1os. \u00a0 Seg\u00fan los informes, un acuerdo se ha formado entre los miembros del Parlamento Federal belga en apoyo a la\u2026","rel":"","context":"En \u00abEutanasia\u00bb","img":{"alt_text":"","src":"https:\/\/i1.wp.com\/catolicasmexico.com\/blog\/wp-content\/uploads\/2013\/06\/Karl_Brandt_SS-Arzt.jpg?resize=350%2C200","width":350,"height":200},"classes":[]},{"id":2021,"url":"http:\/\/catolicasmexico.com\/blog\/en-belgica-se-esta-tratando-el-tema-de-la-eutanasia-para-los-ninos\/","url_meta":{"origin":2937,"position":1},"title":"En B\u00e9lgica se est\u00e1 tratando el tema de la eutanasia para los ni\u00f1os.","date":"5 noviembre 2013","format":false,"excerpt":"Traducci\u00f3n y edici\u00f3n libre www.catolicasmexico.com Del sitio de campagne quebec-vie original del Sitio web de Radio-Canada de 02 de noviembre de 2013. (Foto: Fr\u00e9d\u00e9rique Laporte en flickr.com de Creative Commons) Mientras que en Quebec se ha comenzado a hablar de la ayuda a morir , B\u00e9lgica evoca la posibilidad de\u2026","rel":"","context":"En \u00abEutanasia\u00bb","img":{"alt_text":"","src":"https:\/\/i0.wp.com\/catolicasmexico.com\/blog\/wp-content\/uploads\/2013\/11\/20131105-125149.jpg?resize=350%2C200","width":350,"height":200},"classes":[]},{"id":2966,"url":"http:\/\/catolicasmexico.com\/blog\/arzobispo-de-montreal-exhorta-a-pronunciarse-contra-la-ley-que-aprobara-la-eutanasia\/","url_meta":{"origin":2937,"position":2},"title":"Arzobispo de Montreal exhorta a pronunciarse contra la ley que aprobar\u00e1 la eutanasia.","date":"29 mayo 2014","format":false,"excerpt":"En el sitio web de la di\u00f3cesis de Montreal del 28 de mayo de 2014: Del sitio www.cqv.cq.ca original del sitio Di\u00f3cesis de Montreal traducci\u00f3n y edici\u00f3n libre www.catolicas mexico.com Llamado del arzobispo de Montreal, obispo Christian L\u00e9pine, a negarse al Bill 52 (eutanasia) Una cuesti\u00f3n de vida o muerte:\u2026","rel":"","context":"En \u00abCanada.\u00bb","img":{"alt_text":"","src":"https:\/\/i2.wp.com\/catolicasmexico.com\/blog\/wp-content\/uploads\/2014\/05\/20140529-110806.jpg?resize=350%2C200","width":350,"height":200},"classes":[]},{"id":805,"url":"http:\/\/catolicasmexico.com\/blog\/eutanasia-infantil-proximamente-en-belgica\/","url_meta":{"origin":2937,"position":3},"title":"Eutanasia infantil pr\u00f3ximamente en B\u00e9lgica","date":"12 junio 2013","format":false,"excerpt":"Lifesitenews.com \u00a0 Por Wesley J. de Lifesitenews.com Traducci\u00f3n y redacci\u00f3n libre Alejandro P. de www.catolicasmexico.com Martes, 11 de junio de 2013 9:43 Eutanasia infantil: s\u00f3lo falta la votaci\u00f3n final en B\u00e9lgica as\u00ed como que el Parlamento se ponga de acuerdo a trav\u00e9s de las l\u00edneas partidarias para que los m\u00e9dicos\u2026","rel":"","context":"En \u00abEutanasia\u00bb","img":{"alt_text":"","src":"https:\/\/i2.wp.com\/catolicasmexico.com\/blog\/wp-content\/uploads\/2013\/06\/child_euthanasia.png?resize=350%2C200","width":350,"height":200},"classes":[]},{"id":1050,"url":"http:\/\/catolicasmexico.com\/blog\/el-primer-ministro-de-ontario-kathleen-wynne-considera-la-propuesta-de-eutanasia-de-quebec\/","url_meta":{"origin":2937,"position":4},"title":"El Primer Ministro de Ontario, Kathleen Wynne, considera la propuesta de eutanasia de Quebec","date":"3 julio 2013","format":false,"excerpt":"Del blog de Alex Schadenberg. Traducci\u00f3n y redacci\u00f3n Alejandro P. de www.catolicasmexico.com Kathleen Wynne, Primer Ministro liberal de Ontario, parece considerar propuestas similares a las que Quebec hizo la semana pasada cuando present\u00f3 el proyecto de ley 52, para legalizar la eutanasia en la provincia. \"Necesitamos tener una charla sobre\u2026","rel":"","context":"En \u00abCanada.\u00bb","img":{"alt_text":"","src":"https:\/\/i2.wp.com\/catolicasmexico.com\/blog\/wp-content\/uploads\/2015\/07\/image.jpeg?resize=350%2C200","width":350,"height":200},"classes":[]},{"id":1474,"url":"http:\/\/catolicasmexico.com\/blog\/la-asociacion-medica-mundial-se-opone-a-la-eutanasia\/","url_meta":{"origin":2937,"position":5},"title":"La Asociaci\u00f3n M\u00e9dica Mundial se opone a la eutanasia","date":"1 agosto 2013","format":false,"excerpt":"Por Wesley J. Smith Martes, 30 de julio de 2013 10:35 EST Traducci\u00f3n y edici\u00f3n libre Alejandro P. de www.catolicasmexico.com Las Asociaciones m\u00e9dicas profesionales de todo el mundo se oponen abrumadoramente a la eutanasia y al suicidio asistido. La Asociaci\u00f3n M\u00e9dica Mundial reiter\u00f3 su fuerte compromiso hacia la pr\u00e1ctica \u00e9tica\u2026","rel":"","context":"En \u00abEutanasia\u00bb","img":{"alt_text":"","src":"","width":0,"height":0},"classes":[]}],"jetpack_likes_enabled":false,"jetpack_sharing_enabled":true,"_links":{"self":[{"href":"http:\/\/catolicasmexico.com\/blog\/wp-json\/wp\/v2\/posts\/2937"}],"collection":[{"href":"http:\/\/catolicasmexico.com\/blog\/wp-json\/wp\/v2\/posts"}],"about":[{"href":"http:\/\/catolicasmexico.com\/blog\/wp-json\/wp\/v2\/types\/post"}],"author":[{"embeddable":true,"href":"http:\/\/catolicasmexico.com\/blog\/wp-json\/wp\/v2\/users\/2"}],"replies":[{"embeddable":true,"href":"http:\/\/catolicasmexico.com\/blog\/wp-json\/wp\/v2\/comments?post=2937"}],"version-history":[{"count":1,"href":"http:\/\/catolicasmexico.com\/blog\/wp-json\/wp\/v2\/posts\/2937\/revisions"}],"predecessor-version":[{"id":2938,"href":"http:\/\/catolicasmexico.com\/blog\/wp-json\/wp\/v2\/posts\/2937\/revisions\/2938"}],"wp:featuredmedia":[{"embeddable":true,"href":"http:\/\/catolicasmexico.com\/blog\/wp-json\/wp\/v2\/media\/2933"}],"wp:attachment":[{"href":"http:\/\/catolicasmexico.com\/blog\/wp-json\/wp\/v2\/media?parent=2937"}],"wp:term":[{"taxonomy":"category","embeddable":true,"href":"http:\/\/catolicasmexico.com\/blog\/wp-json\/wp\/v2\/categories?post=2937"},{"taxonomy":"post_tag","embeddable":true,"href":"http:\/\/catolicasmexico.com\/blog\/wp-json\/wp\/v2\/tags?post=2937"}],"curies":[{"name":"wp","href":"https:\/\/api.w.org\/{rel}","templated":true}]}}