{"id":2928,"date":"2014-05-22T10:26:59","date_gmt":"2014-05-22T15:26:59","guid":{"rendered":"http:\/\/catolicasmexico.com\/blog\/?p=2928"},"modified":"2014-05-22T10:26:59","modified_gmt":"2014-05-22T15:26:59","slug":"no-son-celulas-ni-una-materia-amorfa-son-seres-humanos","status":"publish","type":"post","link":"http:\/\/catolicasmexico.com\/blog\/no-son-celulas-ni-una-materia-amorfa-son-seres-humanos\/","title":{"rendered":"\u00a1No son c\u00e9lulas, ni una materia amorfa, son seres humanos!"},"content":{"rendered":"<p><a href=\"http:\/\/catolicasmexico.com\/blog\/wp-content\/uploads\/2014\/05\/20140522-113237.jpg\"><img src=\"http:\/\/catolicasmexico.com\/blog\/wp-content\/uploads\/2014\/05\/20140522-113237.jpg\" alt=\"20140522-113237.jpg\" class=\"alignnone size-full\"  \/> <\/a><\/p>\n<p>Video del sitio CCBR<\/p>\n<p>Queremos compartir este video, una imagen vale m\u00e1s que 1000 palabras, para todos los que crean que cuando se aborta antes de las 12 semanas son solamente c\u00e9lulas, nada m\u00e1s lejos de la verdad, el d\u00eda 20 despu\u00e9s de la concepci\u00f3n  las bases del cerebro, la espina dorsal y el sistema nervioso se establecen, el coraz\u00f3n comienza a latir desde el d\u00eda 21 de la concepci\u00f3n. Este video nos presenta el horror del aborto, seres humanos completos que son desmembrados, quemados y tirados a la basura. Un acto completamente diab\u00f3lico, la criatura de Dios destinada a ir al cielo es tirado a la basura. La gente que proclama el aborto, a esto le llama elecci\u00f3n a esto le llama libertad a matar un ser inocente en el seno materno. \u00a1No a la legalizaci\u00f3n del aborto en Guerrero, ni en ning\u00fan estado de M\u00e9xico! Vade Retro Satan<iframe loading=\"lazy\" src=\"\/\/www.youtube.com\/embed\/FPBZ2Q0mY7g\" height=\"315\" width=\"560\" allowfullscreen=\"\" frameborder=\"0\"><\/iframe><\/p>\n<p>&nbsp;<\/p>\n","protected":false},"excerpt":{"rendered":"<p>Video del sitio CCBR Queremos compartir este video, una imagen vale m\u00e1s que 1000 palabras, para todos los que crean que cuando se aborta antes de las 12 semanas son solamente c\u00e9lulas, nada m\u00e1s lejos de la verdad, el d\u00eda 20 despu\u00e9s de la concepci\u00f3n las bases del cerebro, la espina dorsal y el sistema [&hellip;]<\/p>\n","protected":false},"author":5,"featured_media":2930,"comment_status":"open","ping_status":"open","sticky":false,"template":"","format":"standard","meta":{"spay_email":"","jetpack_publicize_message":"","jetpack_is_tweetstorm":false},"categories":[9,28],"tags":[718,419,421,420],"aioseo_notices":[],"jetpack_featured_media_url":"http:\/\/catolicasmexico.com\/blog\/wp-content\/uploads\/2014\/05\/20140522-113237.jpg","jetpack_publicize_connections":[],"jetpack_shortlink":"https:\/\/wp.me\/p3B5XH-Le","jetpack-related-posts":[{"id":4275,"url":"http:\/\/catolicasmexico.com\/blog\/el-doctor-levantino-presenta-en-video-el-proceso-del-aborto-en-el-segundo-trimestre-por-desmembramiento\/","url_meta":{"origin":2928,"position":0},"title":"El doctor Levantino presenta en video el proceso del aborto en el segundo trimestre por desmembramiento.\u00a0","date":"3 marzo 2016","format":false,"excerpt":"Del sitio Church Militant.com traducci\u00f3n libre de PHG para CM La organization provida Live Action est\u00e1 exponiendo una serie de videos en los cuales un ex-abortista utiliza animaciones para revelar la cruel realidad del aborto para la mama y el bebe. El objetivo del grupo es de derrumbar el argumento\u2026","rel":"","context":"En \u00abAborto\u00bb","img":{"alt_text":"","src":"https:\/\/i0.wp.com\/catolicasmexico.com\/blog\/wp-content\/uploads\/2016\/03\/IMG_0462.jpg?resize=350%2C200","width":350,"height":200},"classes":[]},{"id":2450,"url":"http:\/\/catolicasmexico.com\/blog\/masquemilpalabras-org-una-herramienta-de-cidevida-para-defender-la-vida\/","url_meta":{"origin":2928,"position":1},"title":"masquemilpalabras.org, una herramienta de CIDEVIDA para defender la vida","date":"26 enero 2014","format":false,"excerpt":"Estimado defensor de la vida: Como bien sabes, el gobierno acaba de aprobar el\u00a0Anteproyecto de la nueva Ley del Aborto\u00a0por lo que ha vuelto a abrirse el debate en la sociedad. Como ha ocurrido en ocasiones anteriores se habla, se opina, se entra en discusiones acaloradas pero\u00a0nadie muestra la aut\u00e9ntica\u00a0realidad.\u2026","rel":"","context":"En \u00abAborto\u00bb","img":{"alt_text":"","src":"","width":0,"height":0},"classes":[]},{"id":3711,"url":"http:\/\/catolicasmexico.com\/blog\/un-estudiante-de-medicina-horrorizado-era-pro-aborto-hasta-que-vio-a-un-bebe-ser-descuartizado-por-el-aborto\/","url_meta":{"origin":2928,"position":2},"title":"Fui pro-aborto hasta que vi un beb\u00e9 ser descuartizado por el aborto...L\u00e1grimas brotaron de mis ojos cuando removieron al ni\u00f1o de la mesa y metieron su cuerpo en un recipiente para desecharlo. ( Un estudiante de medicina)","date":"24 abril 2015","format":false,"excerpt":"\u00a0 Por Sarah Terzo (LiveActionNews)\u00a0 traducci\u00f3n libre para catolicasmexico.com Hace alg\u00fan tiempo, me envi\u00f3 este testimonio de un estudiante de medicina (...) \u00a0 Para empezar, debo decir que hasta ayer, viernes, 02 de julio de 2004, era absolutamente pro-elecci\u00f3n. Soy un estudiante de medicina y siendo cient\u00edfico, comprend\u00eda que la\u2026","rel":"","context":"En \u00abAborto\u00bb","img":{"alt_text":"","src":"https:\/\/i0.wp.com\/catolicasmexico.com\/blog\/wp-content\/uploads\/2015\/04\/10-weeks-abortion1_344_226_55.jpg?resize=350%2C200","width":350,"height":200},"classes":[]},{"id":4949,"url":"http:\/\/catolicasmexico.com\/blog\/el-aborto-mata-a-un-ser-humano\/","url_meta":{"origin":2928,"position":3},"title":"El aborto mata a un ser humano.","date":"5 agosto 2020","format":false,"excerpt":"Algunas especies de animales benefician de una protecci\u00f3n jur\u00eddica en pa\u00edses como Canad\u00e1. Sin embargo no existe ninguna protecci\u00f3n para el ni\u00f1o en el vientre materno. Algunos animales son tratados con m\u00e1s respeto que un beb\u00e9 antes de su nacimiento. \u00bfEl ni\u00f1o en el seno materno es un ser humano?\u2026","rel":"","context":"En \u00abAborto\u00bb","img":{"alt_text":"","src":"https:\/\/i0.wp.com\/catolicasmexico.com\/blog\/wp-content\/uploads\/2020\/08\/c7600f24-2bb1-4f0a-b47b-f2ea6c37d2fe-898-00000457eab088e4-1.jpg?resize=350%2C200","width":350,"height":200},"classes":[]},{"id":120,"url":"http:\/\/catolicasmexico.com\/blog\/la-biblia-y-el-aborto\/","url_meta":{"origin":2928,"position":4},"title":"LA BIBLIA Y EL ABORTO","date":"29 abril 2013","format":false,"excerpt":"Articulo De Campagne Quebec Vie. Traducci\u00f3n libre. La Biblia no habla directamente del aborto, porque dentro de esta, se condena el asesinato en toda circunstancia. Se afirma que el embri\u00f3n es un ser humano, que posee un alma desde el instante mismo de la concepci\u00f3n. He aqui, la descripci\u00f3n del\u2026","rel":"","context":"En \u00abAborto\u00bb","img":{"alt_text":"","src":"https:\/\/i0.wp.com\/catolicasmexico.com\/blog\/wp-content\/uploads\/2013\/04\/1355172936dkk4y.jpg?resize=350%2C200","width":350,"height":200},"classes":[]},{"id":766,"url":"http:\/\/catolicasmexico.com\/blog\/correspondencia-entre-una-quebequense-sorprendida-y-una-colaboradora-de-la-campana-quebec-vida\/","url_meta":{"origin":2928,"position":5},"title":"Correspondencia entre una quebequense sorprendida y una colaboradora de la Campa\u00f1a Quebec-Vida.","date":"7 junio 2013","format":false,"excerpt":"Publicado por Georges Buscemi en Campagne Qu\u00e9bec-Vie, Jueves 06\/04\/2013 - 09:40 Resumido y traducido del franc\u00e9s por Elizabeth de la Teja Bosch para www.catolicasmexico.com Comentario de Elizabeth de la teja . \"Creo que ilustra bastante bien en qu\u00e9 punto est\u00e1 la opini\u00f3n p\u00fablica en Quebec con respecto al tema del\u2026","rel":"","context":"En \u00abAborto\u00bb","img":{"alt_text":"","src":"","width":0,"height":0},"classes":[]}],"jetpack_likes_enabled":false,"jetpack_sharing_enabled":true,"_links":{"self":[{"href":"http:\/\/catolicasmexico.com\/blog\/wp-json\/wp\/v2\/posts\/2928"}],"collection":[{"href":"http:\/\/catolicasmexico.com\/blog\/wp-json\/wp\/v2\/posts"}],"about":[{"href":"http:\/\/catolicasmexico.com\/blog\/wp-json\/wp\/v2\/types\/post"}],"author":[{"embeddable":true,"href":"http:\/\/catolicasmexico.com\/blog\/wp-json\/wp\/v2\/users\/5"}],"replies":[{"embeddable":true,"href":"http:\/\/catolicasmexico.com\/blog\/wp-json\/wp\/v2\/comments?post=2928"}],"version-history":[{"count":2,"href":"http:\/\/catolicasmexico.com\/blog\/wp-json\/wp\/v2\/posts\/2928\/revisions"}],"predecessor-version":[{"id":2931,"href":"http:\/\/catolicasmexico.com\/blog\/wp-json\/wp\/v2\/posts\/2928\/revisions\/2931"}],"wp:featuredmedia":[{"embeddable":true,"href":"http:\/\/catolicasmexico.com\/blog\/wp-json\/wp\/v2\/media\/2930"}],"wp:attachment":[{"href":"http:\/\/catolicasmexico.com\/blog\/wp-json\/wp\/v2\/media?parent=2928"}],"wp:term":[{"taxonomy":"category","embeddable":true,"href":"http:\/\/catolicasmexico.com\/blog\/wp-json\/wp\/v2\/categories?post=2928"},{"taxonomy":"post_tag","embeddable":true,"href":"http:\/\/catolicasmexico.com\/blog\/wp-json\/wp\/v2\/tags?post=2928"}],"curies":[{"name":"wp","href":"https:\/\/api.w.org\/{rel}","templated":true}]}}