{"id":2925,"date":"2014-05-21T09:51:25","date_gmt":"2014-05-21T14:51:25","guid":{"rendered":"http:\/\/catolicasmexico.com\/blog\/?p=2925"},"modified":"2014-05-21T09:51:25","modified_gmt":"2014-05-21T14:51:25","slug":"colombia-dice-no-a-la-cultura-de-la-muerte","status":"publish","type":"post","link":"http:\/\/catolicasmexico.com\/blog\/colombia-dice-no-a-la-cultura-de-la-muerte\/","title":{"rendered":"Colombia dice no a la cultura de la muerte."},"content":{"rendered":"<p><a href=\"http:\/\/catolicasmexico.com\/blog\/wp-content\/uploads\/2014\/05\/20140521-110124.jpg\"><img src=\"http:\/\/catolicasmexico.com\/blog\/wp-content\/uploads\/2014\/05\/20140521-110124.jpg\" alt=\"20140521-110124.jpg\" class=\"alignnone size-full\"  \/> <\/a><\/p>\n<p>Del sitio www.cqv.cq.ca traducci\u00f3n y edici\u00f3n libre www.catolicas mexico.com<\/p>\n<p>El  Senado colombiano ha votado por unanimidad contra el reconocimiento del \u00abderecho al aborto\u00bb este 6 de mayo de acuerdo al art\u00edculo 11 de la Constituci\u00f3n del pa\u00eds que dice que \u00abel derecho a la vida es inviolable. A pesar de la presi\u00f3n de las Naciones Unidas y los Estados Unidos, este voto termina la  batalla entre los grupos \u00abpro vida\u00bb y los abogados para el establecimiento de dicho \u00abderecho\u00bb.<\/p>\n","protected":false},"excerpt":{"rendered":"<p>Del sitio www.cqv.cq.ca traducci\u00f3n y edici\u00f3n libre www.catolicas mexico.com El Senado colombiano ha votado por unanimidad contra el reconocimiento del \u00abderecho al aborto\u00bb este 6 de mayo de acuerdo al art\u00edculo 11 de la Constituci\u00f3n del pa\u00eds que dice que \u00abel derecho a la vida es inviolable. A pesar de la presi\u00f3n de las Naciones [&hellip;]<\/p>\n","protected":false},"author":2,"featured_media":2923,"comment_status":"open","ping_status":"open","sticky":false,"template":"","format":"standard","meta":{"spay_email":"","jetpack_publicize_message":"","jetpack_is_tweetstorm":false},"categories":[9,70],"tags":[718,317,418,417],"aioseo_notices":[],"jetpack_featured_media_url":"http:\/\/catolicasmexico.com\/blog\/wp-content\/uploads\/2014\/05\/20140521-110124.jpg","jetpack_publicize_connections":[],"jetpack_shortlink":"https:\/\/wp.me\/p3B5XH-Lb","jetpack-related-posts":[{"id":688,"url":"http:\/\/catolicasmexico.com\/blog\/derecho-a-vivir-critica-las-mentiras-del-lobby-del-aborto-en-caso-beatriz\/","url_meta":{"origin":2925,"position":0},"title":"Derecho a Vivir critica las mentiras del lobby del aborto en caso \u201cBeatriz\u201d","date":"3 junio 2013","format":false,"excerpt":"Noticia de ETWN. \u201cBeatriz\u201d nunca quiso aborto: La estafa del lobby de la muerte. Derecho a Vivir critica las mentiras del lobby del aborto en caso \u201cBeatriz\u201d El fallo emitido por la Sala de lo Constitucional de la Corte Suprema de Justicia (CSJ) de El Salvador el 29 de mayo,\u2026","rel":"","context":"En \u00abAborto\u00bb","img":{"alt_text":"","src":"","width":0,"height":0},"classes":[]},{"id":2255,"url":"http:\/\/catolicasmexico.com\/blog\/la-onu-quiere-legalizar-el-aborto-en-el-principado-de-andorra\/","url_meta":{"origin":2925,"position":1},"title":"La ONU quiere legalizar el aborto en el Principado de Andorra.","date":"20 diciembre 2013","format":false,"excerpt":"EE.UU.-(AGENCIALAVOZ) El Comit\u00e9 para la eliminaci\u00f3n de la discriminaci\u00f3n contra la mujer (CEDAW) de las Naciones Unidas ha emitido recientemente un informe en el que insta al Principado de Andorra a legalizar el aborto. En su escrito, este comit\u00e9 \"hace notar con preocupaci\u00f3n\" que \"la interpretaci\u00f3n del derecho a la\u2026","rel":"","context":"En \u00abAborto\u00bb","img":{"alt_text":"","src":"https:\/\/i0.wp.com\/catolicasmexico.com\/blog\/wp-content\/uploads\/2013\/12\/20131220-103014.jpg?resize=350%2C200","width":350,"height":200},"classes":[]},{"id":2614,"url":"http:\/\/catolicasmexico.com\/blog\/el-aborto-no-es-derecho-de-la-mujer-precisa-ministro-gallardon\/","url_meta":{"origin":2925,"position":2},"title":"El Aborto no es derecho de la mujer, precisa Ministro Gallard\u00f3n","date":"19 febrero 2014","format":false,"excerpt":"MADRID, 19 Feb. 14 \/ 08:02 am (ACI\/Europa Press).- El ministro de Justicia, Alberto Ruiz Gallard\u00f3n, ha dado la raz\u00f3n al senador de la Entesa, Carlos Mart\u00ed, y ha asegurado en el Sendado, durante la sesi\u00f3n de control al Gobierno, que, efectivamente, su reforma no reconoce el aborto como un\u2026","rel":"","context":"En \u00abAborto\u00bb","img":{"alt_text":"","src":"https:\/\/i2.wp.com\/catolicasmexico.com\/blog\/wp-content\/uploads\/2014\/02\/20140219-120041.jpg?resize=350%2C200","width":350,"height":200},"classes":[]},{"id":2824,"url":"http:\/\/catolicasmexico.com\/blog\/eeuu-arzobispo-pide-oracion-y-accion-urgente-para-bloquear-ley-de-aborto-en-colorado\/","url_meta":{"origin":2925,"position":3},"title":"EEUU: Arzobispo pide oraci\u00f3n y acci\u00f3n urgente para bloquear ley de aborto en Colorado","date":"14 abril 2014","format":false,"excerpt":"Mons. Samuel Aquila DENVER, 12 Abr. 14 \/ 02:44 pm (ACI).- El Arzobispo de Denver (Estados Unidos), Mons. Samuel Aquila, hizo un llamado a la oraci\u00f3n y acci\u00f3n urgente de los cat\u00f3licos en el estado de Colorado para frenar la aprobaci\u00f3n del proyecto de ley SB175, que busca insertar el\u2026","rel":"","context":"En \u00abAborto\u00bb","img":{"alt_text":"","src":"https:\/\/i1.wp.com\/catolicasmexico.com\/blog\/wp-content\/uploads\/2014\/04\/20140414-144947.jpg?resize=350%2C200","width":350,"height":200},"classes":[]},{"id":1278,"url":"http:\/\/catolicasmexico.com\/blog\/texas-limita-el-aborto-radio-canada-lamenta-el-progreso-de-estas-leyes-en-todas-partes-de-los-estados-unidos\/","url_meta":{"origin":2925,"position":4},"title":"Texas limita el aborto, Radio-Canada lamenta el progreso de estas leyes  en todas partes de los Estados Unidos","date":"15 julio 2013","format":false,"excerpt":"Del blog www.qcv.qc.ca del sitio Radio-Canada del 13 de julio de 2013. Traducci\u00f3n y edici\u00f3n libre www.catolicasmexico.com El Senado de Texas aprob\u00f3 el s\u00e1bado uno de los proyectos de ley m\u00e1s restrictivos de los Estados Unidos en materia de aborto. El texto proh\u00edbe abortos despu\u00e9s de 20 semanas de embarazo,\u2026","rel":"","context":"En \u00abAborto\u00bb","img":{"alt_text":"","src":"","width":0,"height":0},"classes":[]},{"id":1048,"url":"http:\/\/catolicasmexico.com\/blog\/sin-ninguna-duda-las-primeras-feministas-eran-provida\/","url_meta":{"origin":2925,"position":5},"title":"Sin ninguna duda las primeras feministas eran provida.","date":"4 julio 2013","format":false,"excerpt":"Del blog de LifeNews. Traducci\u00f3n Monica Y.A. de wwwcatolicasmexico.com Edici\u00f3n libre Alejandro P. de www.catolicasmexico.com \"El aborto es la m\u00e1xima explotaci\u00f3n para las mujeres.\" - Alice Paul Los objetivos del feminismo fueron el derecho a votar, la educaci\u00f3n y el divorcio. Ninguno de ellos demandaba el derecho al aborto -\u2026","rel":"","context":"En \u00abAborto\u00bb","img":{"alt_text":"","src":"","width":0,"height":0},"classes":[]}],"jetpack_likes_enabled":false,"jetpack_sharing_enabled":true,"_links":{"self":[{"href":"http:\/\/catolicasmexico.com\/blog\/wp-json\/wp\/v2\/posts\/2925"}],"collection":[{"href":"http:\/\/catolicasmexico.com\/blog\/wp-json\/wp\/v2\/posts"}],"about":[{"href":"http:\/\/catolicasmexico.com\/blog\/wp-json\/wp\/v2\/types\/post"}],"author":[{"embeddable":true,"href":"http:\/\/catolicasmexico.com\/blog\/wp-json\/wp\/v2\/users\/2"}],"replies":[{"embeddable":true,"href":"http:\/\/catolicasmexico.com\/blog\/wp-json\/wp\/v2\/comments?post=2925"}],"version-history":[{"count":1,"href":"http:\/\/catolicasmexico.com\/blog\/wp-json\/wp\/v2\/posts\/2925\/revisions"}],"predecessor-version":[{"id":2926,"href":"http:\/\/catolicasmexico.com\/blog\/wp-json\/wp\/v2\/posts\/2925\/revisions\/2926"}],"wp:featuredmedia":[{"embeddable":true,"href":"http:\/\/catolicasmexico.com\/blog\/wp-json\/wp\/v2\/media\/2923"}],"wp:attachment":[{"href":"http:\/\/catolicasmexico.com\/blog\/wp-json\/wp\/v2\/media?parent=2925"}],"wp:term":[{"taxonomy":"category","embeddable":true,"href":"http:\/\/catolicasmexico.com\/blog\/wp-json\/wp\/v2\/categories?post=2925"},{"taxonomy":"post_tag","embeddable":true,"href":"http:\/\/catolicasmexico.com\/blog\/wp-json\/wp\/v2\/tags?post=2925"}],"curies":[{"name":"wp","href":"https:\/\/api.w.org\/{rel}","templated":true}]}}