{"id":291,"date":"2013-05-13T09:18:17","date_gmt":"2013-05-13T14:18:17","guid":{"rendered":"http:\/\/catolicasmexico.com\/blog\/?p=291"},"modified":"2013-05-12T19:24:35","modified_gmt":"2013-05-13T00:24:35","slug":"el-escenario-de-los-abortos-en-mexico-desde-2007-con-la-ley-han-aumentado-casi-un-75-las-estadisticas-de-la-secretaria-de-salud-del-distrito-federal-muestran-que-en-2008-se-produjeron-13-404-interru","status":"publish","type":"post","link":"http:\/\/catolicasmexico.com\/blog\/el-escenario-de-los-abortos-en-mexico-desde-2007-con-la-ley-han-aumentado-casi-un-75-las-estadisticas-de-la-secretaria-de-salud-del-distrito-federal-muestran-que-en-2008-se-produjeron-13-404-interru\/","title":{"rendered":"El escenario de los abortos en M\u00e9xico desde 2007: con la ley, han aumentado casi un 75% Las estad\u00edsticas de la Secretar\u00eda de Salud del Distrito Federal muestran que en 2008 se produjeron 13.404 interrupciones del embarazo y en 2012 fueron 23.250. Se desvanecen los argumentos abortistas de que en 2006 hab\u00eda entre medio mill\u00f3n y un mill\u00f3n de abortos ilegales"},"content":{"rendered":"<div>\n<div><strong><a href=\"http:\/\/forumlibertas.com\/\" target=\"_blank\">ForumLibertas.com<\/a><\/strong><\/div>\n<div><\/div>\n<\/div>\n<p>Los argumentos de los defensores de la cultura de la muerte con respecto al aborto se basan, entre otras cosas, en que la legalizaci\u00f3n de la interrupci\u00f3n del embarazo acaba con los abortos ilegales y, para justificar sus tesis, inflan las cifras de estos \u00faltimos hasta extremos fuera de toda l\u00f3gica.<\/p>\n<p>Esta tendencia a tergiversar las cifras se ha dado en todos los pa\u00edses donde se han aprobado leyes abortistas, sobre todo en aquellos donde son m\u00e1s permisivas, como as\u00ed ha sucedido en Espa\u00f1a. Aluden a grandes cifras de abortos ilegales para justificar la legalizaci\u00f3n del aborto y as\u00ed, seg\u00fan ellos, poder reducirlos, pero la realidad es otra.<\/p>\n<p>En el caso de M\u00e9xico, por ejemplo, los defensores del aborto argumentaban en 2006 que se produc\u00edan anualmente entre medio mill\u00f3n y un mill\u00f3n de abortos ilegales en el pa\u00eds y que hab\u00eda que acabar con aquella sangr\u00eda.<\/p>\n<div>Sin embargo, las estad\u00edsticas de la propia administraci\u00f3n han demostrado con el paso de los a\u00f1os la falacia de aquellos argumentos. As\u00ed, seg\u00fan\u00a0la Secretar\u00eda\u00a0de Salud del Distrito Federal, mientras en 2008 se produjeron\u00a0<strong>13.404 interrupciones del embarazo<\/strong>, cada a\u00f1o esa cifra ha ido en aumento y en 2012 se alcanzaron los<strong>\u00a023.250 abortos<\/strong>, lo que representa\u00a0<strong>un incremento del 73,75%<\/strong>.<\/div>\n<div><\/div>\n<div><\/div>\n<div><a href=\"http:\/\/catolicasmexico.com\/blog\/wp-content\/uploads\/2013\/05\/evolucion-aborto-Mexico.jpg\"><img data-attachment-id=\"292\" data-permalink=\"http:\/\/catolicasmexico.com\/blog\/el-escenario-de-los-abortos-en-mexico-desde-2007-con-la-ley-han-aumentado-casi-un-75-las-estadisticas-de-la-secretaria-de-salud-del-distrito-federal-muestran-que-en-2008-se-produjeron-13-404-interru\/evolucion-aborto-mexico\/\" data-orig-file=\"http:\/\/catolicasmexico.com\/blog\/wp-content\/uploads\/2013\/05\/evolucion-aborto-Mexico.jpg\" data-orig-size=\"953,481\" data-comments-opened=\"1\" data-image-meta=\"{&quot;aperture&quot;:&quot;0&quot;,&quot;credit&quot;:&quot;&quot;,&quot;camera&quot;:&quot;&quot;,&quot;caption&quot;:&quot;&quot;,&quot;created_timestamp&quot;:&quot;0&quot;,&quot;copyright&quot;:&quot;&quot;,&quot;focal_length&quot;:&quot;0&quot;,&quot;iso&quot;:&quot;0&quot;,&quot;shutter_speed&quot;:&quot;0&quot;,&quot;title&quot;:&quot;&quot;,&quot;orientation&quot;:&quot;0&quot;}\" data-image-title=\"evolucion aborto Mexico\" data-image-description=\"\" data-medium-file=\"http:\/\/catolicasmexico.com\/blog\/wp-content\/uploads\/2013\/05\/evolucion-aborto-Mexico-300x151.jpg\" data-large-file=\"http:\/\/catolicasmexico.com\/blog\/wp-content\/uploads\/2013\/05\/evolucion-aborto-Mexico.jpg\" class=\"alignnone size-full wp-image-292\" title=\"evolucion aborto Mexico\" src=\"http:\/\/catolicasmexico.com\/blog\/wp-content\/uploads\/2013\/05\/evolucion-aborto-Mexico.jpg\" alt=\"\" width=\"953\" height=\"481\" srcset=\"http:\/\/catolicasmexico.com\/blog\/wp-content\/uploads\/2013\/05\/evolucion-aborto-Mexico.jpg 953w, http:\/\/catolicasmexico.com\/blog\/wp-content\/uploads\/2013\/05\/evolucion-aborto-Mexico.jpg 768w, http:\/\/catolicasmexico.com\/blog\/wp-content\/uploads\/2013\/05\/evolucion-aborto-Mexico-300x151.jpg 300w, http:\/\/catolicasmexico.com\/blog\/wp-content\/uploads\/2013\/05\/evolucion-aborto-Mexico-150x150.jpg 150w\" sizes=\"100vw\" \/> <\/a><\/div>\n<div>\n<p>Como se puede observar en el gr\u00e1fico adjunto, reproducido a partir de los datos publicados porla Secretar\u00eda\u00a0de Salud, desde abril hasta diciembre de 2007 (el 24 de abril se empez\u00f3 a despenalizar el aborto en M\u00e9xico), el total de interrupciones del embarazo fue de 4.799.<\/p>\n<p>En 2008 fueron los 13.404 abortos mencionados y, la evoluci\u00f3n en los siguientes a\u00f1os fue la siguiente: 2009 (16.475 abortos), 2010 (16.945), 2011 (17.490, aunque otras fuentes los cifran en 20.314), 2012 (23.150) y entre los meses de enero y febrero de este a\u00f1o sumaban 3.562 abortos.<\/p>\n<p>En total, el n\u00famero de abortos desde que se hizo efectiva la ley en M\u00e9xico ha sido de 95.925, una cantidad muy alejada de ni tan siquiera el medio mill\u00f3n anual que argumentaban las asociaciones pro abortistas.<\/p>\n<p>&nbsp;<\/p>\n<p><strong>Con la ley, m\u00e1s abortos<\/strong><\/p>\n<p>&nbsp;<\/p>\n<p>Evidentemente, lo que s\u00ed constata la estad\u00edstica mostrada por\u00a0la Secretar\u00eda\u00a0de Salud mexicana al mismo tiempo es que\u00a0<strong>cuanto m\u00e1s laxa es la pol\u00edtica abortista en un pa\u00eds m\u00e1s abortos se producen<\/strong>.<\/p>\n<p>Y, en el sentido contrario, en los pa\u00edses con leyes m\u00e1s restrictivas o disuasorias, y con mucha m\u00e1s informaci\u00f3n y alternativas al aborto, estos se reducen considerablemente, por mucho que los abortistas inflen las cifras de abortos ilegales.<\/p>\n<div>Otros datos del estudio presentado por loa Secretar\u00eda de Salud del Distrito Federal muestran, sobre el perfil de las mujeres que han abortado en esos seis a\u00f1os, que el 33,9% de ellas no<\/div>\n<div>\n<div>ten\u00eda hijos, mientras que un 26,1% ten\u00eda un hijo, un 22,8% dos hijos, un 10,8% tres hijos y un 6,4% m\u00e1s de tres hijos.<\/div>\n<div><\/div>\n<p><img data-attachment-id=\"293\" data-permalink=\"http:\/\/catolicasmexico.com\/blog\/el-escenario-de-los-abortos-en-mexico-desde-2007-con-la-ley-han-aumentado-casi-un-75-las-estadisticas-de-la-secretaria-de-salud-del-distrito-federal-muestran-que-en-2008-se-produjeron-13-404-interru\/estadistica-estado-civil1\/\" data-orig-file=\"http:\/\/catolicasmexico.com\/blog\/wp-content\/uploads\/2013\/05\/estadistica-estado-civil1.jpg\" data-orig-size=\"676,358\" data-comments-opened=\"1\" data-image-meta=\"{&quot;aperture&quot;:&quot;0&quot;,&quot;credit&quot;:&quot;&quot;,&quot;camera&quot;:&quot;&quot;,&quot;caption&quot;:&quot;&quot;,&quot;created_timestamp&quot;:&quot;0&quot;,&quot;copyright&quot;:&quot;&quot;,&quot;focal_length&quot;:&quot;0&quot;,&quot;iso&quot;:&quot;0&quot;,&quot;shutter_speed&quot;:&quot;0&quot;,&quot;title&quot;:&quot;&quot;,&quot;orientation&quot;:&quot;0&quot;}\" data-image-title=\"estadistica estado civil(1)\" data-image-description=\"\" data-medium-file=\"http:\/\/catolicasmexico.com\/blog\/wp-content\/uploads\/2013\/05\/estadistica-estado-civil1-300x159.jpg\" data-large-file=\"http:\/\/catolicasmexico.com\/blog\/wp-content\/uploads\/2013\/05\/estadistica-estado-civil1.jpg\" class=\"alignleft size-full wp-image-293\" title=\"estadistica estado civil(1)\" src=\"http:\/\/catolicasmexico.com\/blog\/wp-content\/uploads\/2013\/05\/estadistica-estado-civil1.jpg\" alt=\"\" width=\"676\" height=\"358\" srcset=\"http:\/\/catolicasmexico.com\/blog\/wp-content\/uploads\/2013\/05\/estadistica-estado-civil1.jpg 676w, http:\/\/catolicasmexico.com\/blog\/wp-content\/uploads\/2013\/05\/estadistica-estado-civil1-300x159.jpg 300w, http:\/\/catolicasmexico.com\/blog\/wp-content\/uploads\/2013\/05\/estadistica-estado-civil1-150x150.jpg 150w\" sizes=\"100vw\" \/> &nbsp;<\/p>\n<p>Por grupos de edad, llama la atenci\u00f3n que un 47,9% de las mujeres que practicaron abortos ten\u00edan entre 18 y 24 a\u00f1os; un 22,2%, entre 25 y 29 a\u00f1os; un 13,2% entre 30 y 34 a\u00f1os; un 7,9%, entre 35 y 39 a\u00f1os y u7n 2,8% entre 40 y 44 a\u00f1os. Entre las m\u00e1s j\u00f3venes, un 4,7% ten\u00eda entre 15 y 17 a\u00f1os y un 0,7% entre 11 y 14 a\u00f1os.<\/p>\n<p>M\u00e1s datos: un 45,5% estaban solteras, un 26,3% casadas, un 4,1% divorciadas, un 23,5% se correspond\u00edan con uniones libres y un 0,3% eran viudas.<\/p>\n<p>En cuanto a la ocupaci\u00f3n, un 33,7% eran amas de casa, un 30,6% estudiantes, un 27,3% empleadas y un 5,3% comerciantes, entre otros grupos m\u00e1s minoritarios.<\/p>\n<div>Para concluir, en el nivel de estudios, un 39% estaban en Preparatoria, un 32,4% en Secundaria, un 17,4% en Superior, un 8,8% en Primaria, un 1,8% no ten\u00eda ninguna preparaci\u00f3n en este campo y un 0,6% la ten\u00edan como T\u00e9cnico.<\/div>\n<div><\/div>\n<div><a href=\"http:\/\/catolicasmexico.com\/blog\/wp-content\/uploads\/2013\/05\/Estadistica-hijos-y-edad.jpg\"><img data-attachment-id=\"294\" data-permalink=\"http:\/\/catolicasmexico.com\/blog\/el-escenario-de-los-abortos-en-mexico-desde-2007-con-la-ley-han-aumentado-casi-un-75-las-estadisticas-de-la-secretaria-de-salud-del-distrito-federal-muestran-que-en-2008-se-produjeron-13-404-interru\/estadistica-hijos-y-edad\/\" data-orig-file=\"http:\/\/catolicasmexico.com\/blog\/wp-content\/uploads\/2013\/05\/Estadistica-hijos-y-edad.jpg\" data-orig-size=\"962,391\" data-comments-opened=\"1\" data-image-meta=\"{&quot;aperture&quot;:&quot;0&quot;,&quot;credit&quot;:&quot;&quot;,&quot;camera&quot;:&quot;&quot;,&quot;caption&quot;:&quot;&quot;,&quot;created_timestamp&quot;:&quot;0&quot;,&quot;copyright&quot;:&quot;&quot;,&quot;focal_length&quot;:&quot;0&quot;,&quot;iso&quot;:&quot;0&quot;,&quot;shutter_speed&quot;:&quot;0&quot;,&quot;title&quot;:&quot;&quot;,&quot;orientation&quot;:&quot;0&quot;}\" data-image-title=\"Estadistica hijos y edad\" data-image-description=\"\" data-medium-file=\"http:\/\/catolicasmexico.com\/blog\/wp-content\/uploads\/2013\/05\/Estadistica-hijos-y-edad-300x122.jpg\" data-large-file=\"http:\/\/catolicasmexico.com\/blog\/wp-content\/uploads\/2013\/05\/Estadistica-hijos-y-edad.jpg\" class=\"alignleft size-full wp-image-294\" title=\"Estadistica hijos y edad\" src=\"http:\/\/catolicasmexico.com\/blog\/wp-content\/uploads\/2013\/05\/Estadistica-hijos-y-edad.jpg\" alt=\"\" width=\"962\" height=\"391\" srcset=\"http:\/\/catolicasmexico.com\/blog\/wp-content\/uploads\/2013\/05\/Estadistica-hijos-y-edad.jpg 962w, http:\/\/catolicasmexico.com\/blog\/wp-content\/uploads\/2013\/05\/Estadistica-hijos-y-edad.jpg 768w, http:\/\/catolicasmexico.com\/blog\/wp-content\/uploads\/2013\/05\/Estadistica-hijos-y-edad-300x122.jpg 300w, http:\/\/catolicasmexico.com\/blog\/wp-content\/uploads\/2013\/05\/Estadistica-hijos-y-edad-150x150.jpg 150w\" sizes=\"100vw\" \/> <\/a><\/div>\n<\/div>\n<\/div>\n","protected":false},"excerpt":{"rendered":"<p>ForumLibertas.com Los argumentos de los defensores de la cultura de la muerte con respecto al aborto se basan, entre otras cosas, en que la legalizaci\u00f3n de la interrupci\u00f3n del embarazo acaba con los abortos ilegales y, para justificar sus tesis, inflan las cifras de estos \u00faltimos hasta extremos fuera de toda l\u00f3gica. Esta tendencia a [&hellip;]<\/p>\n","protected":false},"author":2,"featured_media":292,"comment_status":"open","ping_status":"open","sticky":false,"template":"","format":"standard","meta":{"spay_email":"","jetpack_publicize_message":"","jetpack_is_tweetstorm":false},"categories":[9],"tags":[],"aioseo_notices":[],"jetpack_featured_media_url":"http:\/\/catolicasmexico.com\/blog\/wp-content\/uploads\/2013\/05\/evolucion-aborto-Mexico.jpg","jetpack_publicize_connections":[],"jetpack_shortlink":"https:\/\/wp.me\/p3B5XH-4H","jetpack-related-posts":[{"id":2070,"url":"http:\/\/catolicasmexico.com\/blog\/texas-prohibe-el-aborto-a-partir-de-20-semanas-de-gestacion\/","url_meta":{"origin":291,"position":0},"title":"Texas  prohibe el aborto a partir de 20 semanas de gestaci\u00f3n.","date":"15 noviembre 2013","format":false,"excerpt":"EE.UU.-(AGENCIALAVOZ)Desde el pasado 1 de noviembre entro en vigencia la nueva ley que restringe el aborto en el estado de Texas. La legislaci\u00f3n declara ilegal practicar abortos en el estado a partir de la semana 20 del embarazo, porque considera que entonces el feto ya puede sufrir dolor, ordena que\u2026","rel":"","context":"En \u00abAborto\u00bb","img":{"alt_text":"","src":"https:\/\/i1.wp.com\/catolicasmexico.com\/blog\/wp-content\/uploads\/2013\/11\/20131115-121216.jpg?resize=350%2C200","width":350,"height":200},"classes":[]},{"id":347,"url":"http:\/\/catolicasmexico.com\/blog\/ignorancia-e-ideologia-las-armas-del-lobby-del-aborto\/","url_meta":{"origin":291,"position":1},"title":"Ignorancia e ideolog\u00eda : Las armas del lobby del aborto","date":"16 mayo 2013","format":false,"excerpt":"Articulo de Aci Prensa. Hace algunos d\u00edas sosten\u00eda algo parecido a un debate con una joven defensora del aborto. Algo que me qued\u00f3 claro de sus \u201cargumentos\u201d es que su defensa del asesinato en el vientre ten\u00eda dos pilares:su ignorancia y su ideolog\u00eda. \u00bfC\u00f3mo es eso? Bueno, les comparto algunos\u2026","rel":"","context":"En \u00abAborto\u00bb","img":{"alt_text":"","src":"https:\/\/i2.wp.com\/catolicasmexico.com\/blog\/wp-content\/uploads\/2013\/05\/ppbebevientre03042013.jpg?resize=350%2C200","width":350,"height":200},"classes":[]},{"id":2148,"url":"http:\/\/catolicasmexico.com\/blog\/putin-promulga-ley-que-prohibe-hacer-publicidad-de-clinicas-abortivas\/","url_meta":{"origin":291,"position":2},"title":"Putin promulga ley que proh\u00edbe hacer publicidad de cl\u00ednicas abortivas","date":"28 noviembre 2013","format":false,"excerpt":"(Infocatolica)El presidente ruso, Vlad\u00edmir Putin, promulg\u00f3 hoy una ley que proh\u00edbe la publicidad del aborto en un intento de incrementar la natalidad en un pa\u00eds afectado por el alarmante envejecimiento de su poblaci\u00f3n. La nueva ley proh\u00edbe la publicidad de todos los servicios m\u00e9dicos destinados a acabar con la vida\u2026","rel":"","context":"En \u00abAborto\u00bb","img":{"alt_text":"","src":"https:\/\/i0.wp.com\/catolicasmexico.com\/blog\/wp-content\/uploads\/2013\/11\/putin2.jpg?resize=350%2C200","width":350,"height":200},"classes":[]},{"id":2726,"url":"http:\/\/catolicasmexico.com\/blog\/un-aborto-se-hace-con-el-mismo-amor-con-el-que-se-atiende-un-parto\/","url_meta":{"origin":291,"position":3},"title":"\u201cUn aborto se hace con el mismo amor con el que se atiende un parto\u201d.","date":"14 marzo 2014","format":false,"excerpt":"Articulo de ForumLibertas.com El m\u00e9dico abortista considera que el aborto es \u201cun procedimiento tan \u00e9tico como el parto\u201d, y confiesa que abort\u00f3 a su propio nieto de su hija embarazada con 19 a\u00f1os; cuando lo agendaron \u201cme qued\u00e9 con miedo de que cambiase de idea\u201d, afirma ESPA\u00d1A-El peri\u00f3dico El Pa\u00eds\u2026","rel":"","context":"En \u00abAborto\u00bb","img":{"alt_text":"","src":"https:\/\/i2.wp.com\/catolicasmexico.com\/blog\/wp-content\/uploads\/2014\/03\/20140314-142043.jpg?resize=350%2C200","width":350,"height":200},"classes":[]},{"id":370,"url":"http:\/\/catolicasmexico.com\/blog\/diario-denuncia-que-clinica-dator-practica-abortos-fuera-del-plazo-legal\/","url_meta":{"origin":291,"position":4},"title":"Diario denuncia que Cl\u00ednica Dator practica abortos fuera del plazo legal","date":"17 mayo 2013","format":false,"excerpt":"MADRID, 16 May. 13 \/ 02:35 am (ACI\/EWTN Noticias).- El diario espa\u00f1ol La Raz\u00f3n denunci\u00f3 este 14 de mayo que la cl\u00ednica Dator realiza abortos fuera del plazo legal -pr\u00e1cticas que tambi\u00e9n ser\u00edan hechas en otros abortorios- e incluso solicita pagos de 1.100 euros por estas pr\u00e1cticas \u201cde urgencia\u201d. Desde\u2026","rel":"","context":"En \u00abAborto\u00bb","img":{"alt_text":"","src":"https:\/\/i0.wp.com\/catolicasmexico.com\/blog\/wp-content\/uploads\/2013\/05\/image-24.jpeg?resize=350%2C200","width":350,"height":200},"classes":[]},{"id":3341,"url":"http:\/\/catolicasmexico.com\/blog\/agrupaciones-pro-abortistas-dedican-6-millones-para-apoyar-la-candidata-abortista-kay-hagan\/","url_meta":{"origin":291,"position":5},"title":"Agrupaciones pro-abortistas dedican $6 millones para apoyar la candidata abortista Kay Hagan","date":"13 agosto 2014","format":false,"excerpt":"Art\u00edculo original en www.lifenews.com traducci\u00f3n y edici\u00f3n libre Sr.Martin Pacheco La industria del aborto sabe que una elecci\u00f3n clave al Senado est\u00e1 en juego y \u2018Planned Parenthood\u2019 y compa\u00f1\u00eda est\u00e1n listos a gastar lo que sea necesario para asegurarse que Harry Reid controle el Senado. Si \u00e9l mantiene sus funciones,\u2026","rel":"","context":"En \u00abAborto\u00bb","img":{"alt_text":"","src":"","width":0,"height":0},"classes":[]}],"jetpack_likes_enabled":false,"jetpack_sharing_enabled":true,"_links":{"self":[{"href":"http:\/\/catolicasmexico.com\/blog\/wp-json\/wp\/v2\/posts\/291"}],"collection":[{"href":"http:\/\/catolicasmexico.com\/blog\/wp-json\/wp\/v2\/posts"}],"about":[{"href":"http:\/\/catolicasmexico.com\/blog\/wp-json\/wp\/v2\/types\/post"}],"author":[{"embeddable":true,"href":"http:\/\/catolicasmexico.com\/blog\/wp-json\/wp\/v2\/users\/2"}],"replies":[{"embeddable":true,"href":"http:\/\/catolicasmexico.com\/blog\/wp-json\/wp\/v2\/comments?post=291"}],"version-history":[{"count":2,"href":"http:\/\/catolicasmexico.com\/blog\/wp-json\/wp\/v2\/posts\/291\/revisions"}],"predecessor-version":[{"id":296,"href":"http:\/\/catolicasmexico.com\/blog\/wp-json\/wp\/v2\/posts\/291\/revisions\/296"}],"wp:featuredmedia":[{"embeddable":true,"href":"http:\/\/catolicasmexico.com\/blog\/wp-json\/wp\/v2\/media\/292"}],"wp:attachment":[{"href":"http:\/\/catolicasmexico.com\/blog\/wp-json\/wp\/v2\/media?parent=291"}],"wp:term":[{"taxonomy":"category","embeddable":true,"href":"http:\/\/catolicasmexico.com\/blog\/wp-json\/wp\/v2\/categories?post=291"},{"taxonomy":"post_tag","embeddable":true,"href":"http:\/\/catolicasmexico.com\/blog\/wp-json\/wp\/v2\/tags?post=291"}],"curies":[{"name":"wp","href":"https:\/\/api.w.org\/{rel}","templated":true}]}}