{"id":288,"date":"2013-05-13T08:30:12","date_gmt":"2013-05-13T13:30:12","guid":{"rendered":"http:\/\/catolicasmexico.com\/blog\/?p=288"},"modified":"2013-05-16T16:54:30","modified_gmt":"2013-05-16T21:54:30","slug":"pildora-para-tratar-la-migrana-es-riesgosa-durante-el-embarazo","status":"publish","type":"post","link":"http:\/\/catolicasmexico.com\/blog\/pildora-para-tratar-la-migrana-es-riesgosa-durante-el-embarazo\/","title":{"rendered":"P\u00edldora para tratar la migra\u00f1a es riesgosa durante el embarazo"},"content":{"rendered":"<p><strong><span style=\"font-size: small;\">Articulo de PRENSA\u00a0<a href=\"http:\/\/libre.com\/\" target=\"_blank\">LIBRE.COM<\/a><\/span><\/strong><\/p>\n<p><strong><span style=\"font-size: small;\">Las autoridades de salud advirtieron a los m\u00e9dicos y a las mujeres en edad reproductiva que una media docena de medicamentos usados para tratar la migra\u00f1a podr\u00edan mermar el coeficiente intelectual de sus hijos si se toman cuando las madres est\u00e1n gestando. \u00a0 \u00a0<\/span><\/strong><\/p>\n<p><a href=\"http:\/\/catolicasmexico.com\/blog\/wp-content\/uploads\/2013\/05\/image-14.jpeg\"><img data-attachment-id=\"289\" data-permalink=\"http:\/\/catolicasmexico.com\/blog\/pildora-para-tratar-la-migrana-es-riesgosa-durante-el-embarazo\/image-14\/\" data-orig-file=\"http:\/\/catolicasmexico.com\/blog\/wp-content\/uploads\/2013\/05\/image-14.jpeg\" data-orig-size=\"473,322\" data-comments-opened=\"1\" data-image-meta=\"{&quot;aperture&quot;:&quot;0&quot;,&quot;credit&quot;:&quot;&quot;,&quot;camera&quot;:&quot;&quot;,&quot;caption&quot;:&quot;&quot;,&quot;created_timestamp&quot;:&quot;0&quot;,&quot;copyright&quot;:&quot;&quot;,&quot;focal_length&quot;:&quot;0&quot;,&quot;iso&quot;:&quot;0&quot;,&quot;shutter_speed&quot;:&quot;0&quot;,&quot;title&quot;:&quot;&quot;,&quot;orientation&quot;:&quot;0&quot;}\" data-image-title=\"image (14)\" data-image-description=\"\" data-medium-file=\"http:\/\/catolicasmexico.com\/blog\/wp-content\/uploads\/2013\/05\/image-14-300x204.jpeg\" data-large-file=\"http:\/\/catolicasmexico.com\/blog\/wp-content\/uploads\/2013\/05\/image-14.jpeg\" class=\"alignnone size-medium wp-image-289\" title=\"image (14)\" src=\"http:\/\/catolicasmexico.com\/blog\/wp-content\/uploads\/2013\/05\/image-14-300x204.jpg\" alt=\"\" width=\"300\" height=\"204\" srcset=\"http:\/\/catolicasmexico.com\/blog\/wp-content\/uploads\/2013\/05\/image-14-300x204.jpg 300w, http:\/\/catolicasmexico.com\/blog\/wp-content\/uploads\/2013\/05\/image-14-150x150.jpeg 150w\" sizes=\"100vw\" \/> <\/a><\/p>\n<p><strong><span style=\"font-size: small;\">POR AP<\/span><\/strong><\/p>\n<p><strong><\/strong><span style=\"font-size: small;\">Estados Unidos<\/span><\/p>\n<p>&nbsp;<\/p>\n<p><span style=\"font-size: small;\"><em><strong>WASHINGTON.-<\/strong><\/em>\u00a0La Agencia de Alimentos y Medicamentos (FDA por sus siglas en ingl\u00e9s) dijo que los medicamentos Depakote y Depacon, entre otros, no deben tomarse nunca durante el embarazo para la prevenci\u00f3n de los dolores de cabeza conocidos como migra\u00f1as.<\/span><\/p>\n<p><span style=\"font-size: small;\">Las pastillas, cuyo ingrediente activo es el valproato s\u00f3dico, ya llevan en su envase una advertencia sobre el riesgo de que produzcan malformaciones cong\u00e9nitas. Pero la FDA ha agregado una nueva advertencia sobre el medicamento despu\u00e9s de un estudio que demuestra que reduce el nivel de inteligencia de los ni\u00f1os cuyas madres lo tomaron durante el embarazo.<\/span><\/p>\n<p><span style=\"font-size: small;\">\u201cTenemos mucha m\u00e1s informaci\u00f3n que demuestra que el riesgo para los ni\u00f1os supera cualquier beneficio del uso del tratamiento\u201d, destac\u00f3 Russell Katz, director del FDA para medicamentos de neurolog\u00eda.<\/span><\/p>\n<p><span style=\"font-size: small;\">A principios de este a\u00f1o, los investigadores de la Universidad Emory informaron que los medicamentos que contienen valproato estaban relacionados con una reducci\u00f3n de entre 8 y 11 puntos en el cociente intelectual de los ni\u00f1os a los 6 a\u00f1os.<\/span><\/p>\n<p><span style=\"font-size: small;\">El estudio comparaba a los ni\u00f1os cuyas madres hab\u00edan tomado diversas clases de f\u00e1rmacos neurol\u00f3gicos durante la gestaci\u00f3n. Los resultados avalaron hallazgos similares para los ni\u00f1os a la edad de 3 a\u00f1os. \u00a0\u00a0\u00a0\u00a0\u00a0 \u00a0<\/span><\/p>\n<p><span style=\"font-size: small;\">Los medicamentos como Depakote y otros similares tambi\u00e9n se usan para tratar des\u00f3rdenes bipolares y convulsiones. Aunque la FDA se\u00f1al\u00f3 que no iba a contraindicar los medicamentos con esos fines, la agencia dijo que las mujeres en edad de tener hijos s\u00f3lo deber\u00edan usarlas como \u00faltimo recurso. \u00a0\u00a0\u00a0\u00a0\u00a0\u00a0\u00a0 \u00a0<\/span><\/p>\n<p><span style=\"font-size: small;\">\u201cLas mujeres en edad de tener hijos no deber\u00edan usar valproato a menos que sea esencial para controlar su afecci\u00f3n m\u00e9dica\u201d, afirm\u00f3 la agencia en un comunicado. \u00a0\u00a0 \u00a0<\/span><\/p>\n<p><span style=\"font-size: small;\">Depakote se vende en Estados Unidos por la firma AbbVie, que se ha separado desde principios de a\u00f1o de su casa matriz Abbott Laboratories AbbVie vende asimismo varias otras versiones de la droga, entre ellas, Depacon, para uso en inyecciones. \u00a0\u00a0\u00a0 \u00a0<\/span><\/p>\n<p><span style=\"font-size: small;\">La advertencia de la FDA tambi\u00e9n afecta a Stavzor, una pastilla que venden los laboratorios Noven Pharmaceuticals para el desorden bipolar. \u00a0\u00a0\u00a0\u00a0\u00a0\u00a0\u00a0 \u00a0<\/span><\/p>\n<p><span style=\"font-size: small;\">La FDA dijo que coordina con los fabricantes a fin de cambiar a X el c\u00f3digo de embarazo para sus productos. El c\u00f3digo indica que el riesgo de la droga supera los beneficios de usarla.<\/span><\/p>\n","protected":false},"excerpt":{"rendered":"<p>Articulo de PRENSA\u00a0LIBRE.COM Las autoridades de salud advirtieron a los m\u00e9dicos y a las mujeres en edad reproductiva que una media docena de medicamentos usados para tratar la migra\u00f1a podr\u00edan mermar el coeficiente intelectual de sus hijos si se toman cuando las madres est\u00e1n gestando. \u00a0 \u00a0 POR AP Estados Unidos &nbsp; WASHINGTON.-\u00a0La Agencia de [&hellip;]<\/p>\n","protected":false},"author":2,"featured_media":289,"comment_status":"open","ping_status":"open","sticky":false,"template":"","format":"standard","meta":{"spay_email":"","jetpack_publicize_message":"","jetpack_is_tweetstorm":false},"categories":[16],"tags":[],"aioseo_notices":[],"jetpack_featured_media_url":"http:\/\/catolicasmexico.com\/blog\/wp-content\/uploads\/2013\/05\/image-14.jpeg","jetpack_publicize_connections":[],"jetpack_shortlink":"https:\/\/wp.me\/p3B5XH-4E","jetpack-related-posts":[{"id":322,"url":"http:\/\/catolicasmexico.com\/blog\/empresa-pionera-de-alimentos-organicos-demanda-mandato-abortista-de-obama-en-eeuu\/","url_meta":{"origin":288,"position":0},"title":"Empresa pionera de alimentos org\u00e1nicos, demanda mandato abortista de Obama en EEUU","date":"15 mayo 2013","format":false,"excerpt":"MICHIGAN, 25 Abr. 13 \/ 06:02 am (ACI\/EWTN Noticias).- Eden Foods, la empresa pionera en alimentos naturales y org\u00e1nicos de los Estados Unidos con sede en Michigan, present\u00f3 una demanda en contra del mandato abortista del Presidente Barack Omaba que obliga a las empresas a brindar planes de salud que\u2026","rel":"","context":"En \u00abContracepci\u00f3n\u00bb","img":{"alt_text":"","src":"https:\/\/i0.wp.com\/catolicasmexico.com\/blog\/wp-content\/uploads\/2013\/05\/image-18.jpeg?resize=350%2C200","width":350,"height":200},"classes":[]},{"id":353,"url":"http:\/\/catolicasmexico.com\/blog\/abortista-gosnell-es-sentenciado-a-cadena-perpetua\/","url_meta":{"origin":288,"position":1},"title":"Abortista Gosnell es sentenciado a cadena perpetua","date":"15 mayo 2013","format":false,"excerpt":"FILADELFIA, 15 May. 13 \/ 06:13 am (ACI\/EWTN Noticias).- Tras ser condenado por el asesinato de tres beb\u00e9s nacidos vivos, el abortista Kermit Gosnell fue sentenciado el 14 de mayo a dos cadenas perpetuas sin derecho a libertad condicional por dos de las tres acusaciones que enfrent\u00f3. Al no apelar\u2026","rel":"","context":"En \u00abAborto\u00bb","img":{"alt_text":"","src":"https:\/\/i2.wp.com\/catolicasmexico.com\/blog\/wp-content\/uploads\/2013\/05\/image-22.jpeg?resize=350%2C200","width":350,"height":200},"classes":[]},{"id":1334,"url":"http:\/\/catolicasmexico.com\/blog\/dios-sea-alabado-se-promulgo-la-ley-que-restringe-el-aborto-en-texas\/","url_meta":{"origin":288,"position":2},"title":"\u00a1Dios sea alabado!.. Se promulg\u00f3 la ley que restringe el aborto en Texas","date":"18 julio 2013","format":false,"excerpt":"Del blog www.cqv.cq.ca texto original journal La Presse du 18 juillet 2013 Traducci\u00f3n y edici\u00f3n libre www.catolicasmexico.com El gobernador de Texas, Rick Perry, emiti\u00f3 el jueves una ley que restringe la pr\u00e1ctica del aborto, esto podr\u00eda conducir al cierre de la mayor\u00eda de las cl\u00ednicas de aborto. Mas de 100\u2026","rel":"","context":"En \u00abAborto\u00bb","img":{"alt_text":"","src":"","width":0,"height":0},"classes":[]},{"id":1352,"url":"http:\/\/catolicasmexico.com\/blog\/un-nuevo-libro-que-denuncia-los-peligros-de-la-pildora-anticonceptiva\/","url_meta":{"origin":288,"position":3},"title":"Un nuevo libro que denuncia los peligros de la p\u00edldora anticonceptiva.","date":"22 julio 2013","format":false,"excerpt":"La pilule contraceptive, \u00e9ditions du Rocher Del blog www.qcv.qc.ca Traducci\u00f3n y edici\u00f3n libre www.catolicasmexico.com \u00bfSab\u00edas que las hormonas sint\u00e9ticas causantes del c\u00e1ncer de mama es lo que el asbesto al c\u00e1ncer de la pleura? En 1975, se descubrieron 7.000 nuevos casos de c\u00e1ncer de mama cada a\u00f1o en Francia ,\u2026","rel":"","context":"En \u00abContracepci\u00f3n\u00bb","img":{"alt_text":"","src":"","width":0,"height":0},"classes":[]},{"id":3778,"url":"http:\/\/catolicasmexico.com\/blog\/un-pequeno-milagro-sobrevive-a-un-aborto-a-las-26-semanas\/","url_meta":{"origin":288,"position":4},"title":"Un \"peque\u00f1o milagro\" sobrevive a un aborto a las 26 semanas","date":"27 mayo 2015","format":false,"excerpt":"Por LiveActionNews - Art\u00edculo de CQV traducci\u00f3n CM Un peque\u00f1o bebe que logr\u00f3 sobrevivir a un aborto tard\u00edo, ha sido apodado el \"peque\u00f1o milagro\" por el juez que dio la custodia a la familia paterna. El peque\u00f1o 'a.' naci\u00f3 en agosto de 2013, de 26 semanas de embarazo tras un\u2026","rel":"","context":"En \u00abAborto\u00bb","img":{"alt_text":"","src":"https:\/\/i0.wp.com\/catolicasmexico.com\/blog\/wp-content\/uploads\/2015\/05\/20150527-125316.jpg?resize=350%2C200","width":350,"height":200},"classes":[]},{"id":4247,"url":"http:\/\/catolicasmexico.com\/blog\/el-barco-de-la-muerte-llega-a-las-costas-americanas\/","url_meta":{"origin":288,"position":5},"title":"\"El barco de la muerte\" llega a las costas Americanas.","date":"12 febrero 2016","format":false,"excerpt":"Del sitio medias-presse-infoTraducci\u00f3n CMLa organizaci\u00f3n abortera holandesa Women on Waves ha anunciado que distribuir\u00e1 medicamentos a mujeres embarazadas infectadas con el virus del Zika en Am\u00e9rica Latina para provocar abortos y evitar que los beb\u00e9s nazcan con microcefalia. Esta organizaci\u00f3n que apoya p\u00fablicamente este acto intolerable es conocida por su\u2026","rel":"","context":"En \u00abAborto\u00bb","img":{"alt_text":"","src":"","width":0,"height":0},"classes":[]}],"jetpack_likes_enabled":false,"jetpack_sharing_enabled":true,"_links":{"self":[{"href":"http:\/\/catolicasmexico.com\/blog\/wp-json\/wp\/v2\/posts\/288"}],"collection":[{"href":"http:\/\/catolicasmexico.com\/blog\/wp-json\/wp\/v2\/posts"}],"about":[{"href":"http:\/\/catolicasmexico.com\/blog\/wp-json\/wp\/v2\/types\/post"}],"author":[{"embeddable":true,"href":"http:\/\/catolicasmexico.com\/blog\/wp-json\/wp\/v2\/users\/2"}],"replies":[{"embeddable":true,"href":"http:\/\/catolicasmexico.com\/blog\/wp-json\/wp\/v2\/comments?post=288"}],"version-history":[{"count":2,"href":"http:\/\/catolicasmexico.com\/blog\/wp-json\/wp\/v2\/posts\/288\/revisions"}],"predecessor-version":[{"id":377,"href":"http:\/\/catolicasmexico.com\/blog\/wp-json\/wp\/v2\/posts\/288\/revisions\/377"}],"wp:featuredmedia":[{"embeddable":true,"href":"http:\/\/catolicasmexico.com\/blog\/wp-json\/wp\/v2\/media\/289"}],"wp:attachment":[{"href":"http:\/\/catolicasmexico.com\/blog\/wp-json\/wp\/v2\/media?parent=288"}],"wp:term":[{"taxonomy":"category","embeddable":true,"href":"http:\/\/catolicasmexico.com\/blog\/wp-json\/wp\/v2\/categories?post=288"},{"taxonomy":"post_tag","embeddable":true,"href":"http:\/\/catolicasmexico.com\/blog\/wp-json\/wp\/v2\/tags?post=288"}],"curies":[{"name":"wp","href":"https:\/\/api.w.org\/{rel}","templated":true}]}}