{"id":2878,"date":"2014-04-30T13:44:07","date_gmt":"2014-04-30T18:44:07","guid":{"rendered":"http:\/\/catolicasmexico.com\/blog\/?p=2878"},"modified":"2014-04-30T13:44:07","modified_gmt":"2014-04-30T18:44:07","slug":"ha-tomado-google-partido-por-el-lobby-del-aborto","status":"publish","type":"post","link":"http:\/\/catolicasmexico.com\/blog\/ha-tomado-google-partido-por-el-lobby-del-aborto\/","title":{"rendered":"\u00bfHa tomado Google partido por el lobby del aborto?"},"content":{"rendered":"<p><a href=\"http:\/\/catolicasmexico.com\/blog\/wp-content\/uploads\/2014\/04\/20140430-145704.jpg\"><img src=\"http:\/\/catolicasmexico.com\/blog\/wp-content\/uploads\/2014\/04\/20140430-145704.jpg\" alt=\"20140430-145704.jpg\" class=\"alignnone size-full\"  \/> <\/a><\/p>\n<p>WASHINGTON D.C., 29 Abr. 14 \/ 12:01 pm (ACI).- NARAL Pro Choice America, el principal representante del lobby del aborto en Estados Unidos, ha se\u00f1alado que Google habr\u00eda cedido a su presi\u00f3n para eliminar los anuncios de centros pro-vida de ayuda a las mujeres embarazadas que considera \u201cenga\u00f1osos\u201d, arguyendo que infringen las pol\u00edticas publicitarias.<\/p>\n<p>\u201cCualquiera que busque servicios de aborto deber\u00eda poder depender del motor de b\u00fasqueda para darle medios adecuados. Cualquier cosa distinta a eso es ayudar a promover grupos ideol\u00f3gicos con una campa\u00f1a calculada para mentir y avergonzar a las mujeres que toman una de las decisiones importantes de sus vidas (abortar)\u201d, dijo la presidenta de NARAL, Ilyse Hogue.<\/p>\n<p>Seg\u00fan informa The Hill, un vocero de Google dijo por su parte que la empresa, que habr\u00eda tomado la decisi\u00f3n de eliminar los anuncios pro-vida el lunes 28 de abril, \u201cconstantemente revisa los anuncios para asegurarse de que cumplan con sus pol\u00edticas, lo que incluye diversos lineamientos para garantizar su relevancia, claridad y precisi\u00f3n\u201d.<\/p>\n<p>\u201cSi encontramos violaciones, tomamos las medidas necesarias \u2013incluyendo la remoci\u00f3n de cuentas y las listas negras\u2013 tan pronto como nos es posible\u201d, agreg\u00f3.<\/p>\n<p>Seg\u00fan NARAL, las personas que buscan en Google \u201cabortion clinics\u201d (cl\u00ednicas de aborto) reciben como resultado, el 79 por ciento de las veces, anuncios de centros de ayuda a mujeres embarazadas.<\/p>\n<p>La presidenta del National Right to Life Committee (Comit\u00e9 Nacional por el Derecho a la Vida), Carol Tobias, se\u00f1al\u00f3 por su parte que son, efectivamente, muchas las mujeres embarazadas las que llegan a los centros de ayuda gracias a los anuncios. Eso, alert\u00f3, ser\u00eda afectado por la acci\u00f3n de Google.<\/p>\n<p>Con esta decisi\u00f3n de eliminar los anuncios de los centros de ayuda que evitan la muerte de miles de beb\u00e9s al a\u00f1o, \u201cGoogle ha desatado una guerra contra las mujeres limitando su conocimiento del abanico de opciones y servicios disponibles para ellas\u201d.<\/p>\n<p>\u201cLa decisi\u00f3n de Google de de rechazar los anuncios (de estos centros de ayuda) es irrazonable\u201d, precis\u00f3 Tobias en declaraciones a un medio local.<\/p>\n<p>ACI Prensa se ha contactado con algunos de los grupos pro-vida que administran centros de ayuda y se\u00f1alaron que sus anuncios no se han visto afectados \u00faltimamente. Indicaron asimismo que esperan un comunicado oficial de Google al respecto.<\/p>\n","protected":false},"excerpt":{"rendered":"<p>WASHINGTON D.C., 29 Abr. 14 \/ 12:01 pm (ACI).- NARAL Pro Choice America, el principal representante del lobby del aborto en Estados Unidos, ha se\u00f1alado que Google habr\u00eda cedido a su presi\u00f3n para eliminar los anuncios de centros pro-vida de ayuda a las mujeres embarazadas que considera \u201cenga\u00f1osos\u201d, arguyendo que infringen las pol\u00edticas publicitarias. \u201cCualquiera [&hellip;]<\/p>\n","protected":false},"author":2,"featured_media":2877,"comment_status":"open","ping_status":"open","sticky":false,"template":"","format":"standard","meta":{"spay_email":"","jetpack_publicize_message":"","jetpack_is_tweetstorm":false},"categories":[9,72,19],"tags":[718,394,395,396],"aioseo_notices":[],"jetpack_featured_media_url":"http:\/\/catolicasmexico.com\/blog\/wp-content\/uploads\/2014\/04\/20140430-145704.jpg","jetpack_publicize_connections":[],"jetpack_shortlink":"https:\/\/wp.me\/p3B5XH-Kq","jetpack-related-posts":[{"id":4275,"url":"http:\/\/catolicasmexico.com\/blog\/el-doctor-levantino-presenta-en-video-el-proceso-del-aborto-en-el-segundo-trimestre-por-desmembramiento\/","url_meta":{"origin":2878,"position":0},"title":"El doctor Levantino presenta en video el proceso del aborto en el segundo trimestre por desmembramiento.\u00a0","date":"3 marzo 2016","format":false,"excerpt":"Del sitio Church Militant.com traducci\u00f3n libre de PHG para CM La organization provida Live Action est\u00e1 exponiendo una serie de videos en los cuales un ex-abortista utiliza animaciones para revelar la cruel realidad del aborto para la mama y el bebe. El objetivo del grupo es de derrumbar el argumento\u2026","rel":"","context":"En \u00abAborto\u00bb","img":{"alt_text":"","src":"https:\/\/i0.wp.com\/catolicasmexico.com\/blog\/wp-content\/uploads\/2016\/03\/IMG_0462.jpg?resize=350%2C200","width":350,"height":200},"classes":[]},{"id":4285,"url":"http:\/\/catolicasmexico.com\/blog\/los-activistas-pro-aborto-pagan-a-la-gente-para-venir-a-la-corte-suprema-para-manifestar\/","url_meta":{"origin":2878,"position":1},"title":"Los activistas pro aborto pagan a la gente para venir a la Corte Suprema para manifestar.","date":"7 marzo 2016","format":false,"excerpt":"Grupos pro aborto han atacado al peri\u00f3dico New York Times en Twitter por publicar en la primera p\u00e1gina la foto de manifestantes Provida fuera del edificio de la Corte Suprema de EEUU este mi\u00e9rcoles donde se discut\u00edan los argumentos del caso Whole Woman\u2019s Health contra Hellerstedt. El caso implica una\u2026","rel":"","context":"En \u00abAborto\u00bb","img":{"alt_text":"","src":"https:\/\/i1.wp.com\/catolicasmexico.com\/blog\/wp-content\/uploads\/2016\/03\/IMG_0464-01.png?resize=350%2C200","width":350,"height":200},"classes":[]},{"id":1048,"url":"http:\/\/catolicasmexico.com\/blog\/sin-ninguna-duda-las-primeras-feministas-eran-provida\/","url_meta":{"origin":2878,"position":2},"title":"Sin ninguna duda las primeras feministas eran provida.","date":"4 julio 2013","format":false,"excerpt":"Del blog de LifeNews. Traducci\u00f3n Monica Y.A. de wwwcatolicasmexico.com Edici\u00f3n libre Alejandro P. de www.catolicasmexico.com \"El aborto es la m\u00e1xima explotaci\u00f3n para las mujeres.\" - Alice Paul Los objetivos del feminismo fueron el derecho a votar, la educaci\u00f3n y el divorcio. Ninguno de ellos demandaba el derecho al aborto -\u2026","rel":"","context":"En \u00abAborto\u00bb","img":{"alt_text":"","src":"","width":0,"height":0},"classes":[]},{"id":4260,"url":"http:\/\/catolicasmexico.com\/blog\/hillary-clinton-defensora-del-aborto-por-nacimiento-parcial\/","url_meta":{"origin":2878,"position":3},"title":"Hillary Clinton, defensora del aborto por nacimiento parcial","date":"24 febrero 2016","format":false,"excerpt":"\u00a0 \u00a0 \u00a0 \u00a0 \u00a0 \u00a0 \u00a0 Durante el debate presidencial republicano del s\u00e1bado, el senador pro-vida de Florida Marco Rubio aclar\u00f3 que existe un enorme contraste con Hillary Clinton y su apoyo al aborto ilimitado Rubio dijo que la posici\u00f3n sobre el aborto de Clinton es \"extrema\", agregando que\u2026","rel":"","context":"En \u00abAborto\u00bb","img":{"alt_text":"","src":"https:\/\/i1.wp.com\/catolicasmexico.com\/blog\/wp-content\/uploads\/2016\/02\/hillaryclinton19.png?resize=350%2C200","width":350,"height":200},"classes":[]},{"id":798,"url":"http:\/\/catolicasmexico.com\/blog\/irlanda-numero-record-asiste-a-la-vigilia-nacional-contra-el-aborto\/","url_meta":{"origin":2878,"position":4},"title":"Irlanda: N\u00famero r\u00e9cord asiste a la vigilia nacional contra el aborto","date":"11 junio 2013","format":false,"excerpt":"Traducci\u00f3n y redacci\u00f3n libre Alejandro P. de www.catolicasmexico.com por Steven Ertelt | Dublin, Ireland | LifeNews.com Un n\u00famero r\u00e9cord de personas asistieron a la vigilia nacional por la vida en Dubl\u00edn, Irlanda para mostrar que hay un gran contingente que se opone a plan de aborto del gobierno. La vigilia\u2026","rel":"","context":"En \u00abAborto\u00bb","img":{"alt_text":"","src":"https:\/\/i2.wp.com\/catolicasmexico.com\/blog\/wp-content\/uploads\/2015\/07\/ireland24.jpg?resize=350%2C200","width":350,"height":200},"classes":[]},{"id":2726,"url":"http:\/\/catolicasmexico.com\/blog\/un-aborto-se-hace-con-el-mismo-amor-con-el-que-se-atiende-un-parto\/","url_meta":{"origin":2878,"position":5},"title":"\u201cUn aborto se hace con el mismo amor con el que se atiende un parto\u201d.","date":"14 marzo 2014","format":false,"excerpt":"Articulo de ForumLibertas.com El m\u00e9dico abortista considera que el aborto es \u201cun procedimiento tan \u00e9tico como el parto\u201d, y confiesa que abort\u00f3 a su propio nieto de su hija embarazada con 19 a\u00f1os; cuando lo agendaron \u201cme qued\u00e9 con miedo de que cambiase de idea\u201d, afirma ESPA\u00d1A-El peri\u00f3dico El Pa\u00eds\u2026","rel":"","context":"En \u00abAborto\u00bb","img":{"alt_text":"","src":"https:\/\/i2.wp.com\/catolicasmexico.com\/blog\/wp-content\/uploads\/2014\/03\/20140314-142043.jpg?resize=350%2C200","width":350,"height":200},"classes":[]}],"jetpack_likes_enabled":false,"jetpack_sharing_enabled":true,"_links":{"self":[{"href":"http:\/\/catolicasmexico.com\/blog\/wp-json\/wp\/v2\/posts\/2878"}],"collection":[{"href":"http:\/\/catolicasmexico.com\/blog\/wp-json\/wp\/v2\/posts"}],"about":[{"href":"http:\/\/catolicasmexico.com\/blog\/wp-json\/wp\/v2\/types\/post"}],"author":[{"embeddable":true,"href":"http:\/\/catolicasmexico.com\/blog\/wp-json\/wp\/v2\/users\/2"}],"replies":[{"embeddable":true,"href":"http:\/\/catolicasmexico.com\/blog\/wp-json\/wp\/v2\/comments?post=2878"}],"version-history":[{"count":1,"href":"http:\/\/catolicasmexico.com\/blog\/wp-json\/wp\/v2\/posts\/2878\/revisions"}],"predecessor-version":[{"id":2879,"href":"http:\/\/catolicasmexico.com\/blog\/wp-json\/wp\/v2\/posts\/2878\/revisions\/2879"}],"wp:featuredmedia":[{"embeddable":true,"href":"http:\/\/catolicasmexico.com\/blog\/wp-json\/wp\/v2\/media\/2877"}],"wp:attachment":[{"href":"http:\/\/catolicasmexico.com\/blog\/wp-json\/wp\/v2\/media?parent=2878"}],"wp:term":[{"taxonomy":"category","embeddable":true,"href":"http:\/\/catolicasmexico.com\/blog\/wp-json\/wp\/v2\/categories?post=2878"},{"taxonomy":"post_tag","embeddable":true,"href":"http:\/\/catolicasmexico.com\/blog\/wp-json\/wp\/v2\/tags?post=2878"}],"curies":[{"name":"wp","href":"https:\/\/api.w.org\/{rel}","templated":true}]}}