{"id":2870,"date":"2014-04-29T10:19:25","date_gmt":"2014-04-29T15:19:25","guid":{"rendered":"http:\/\/catolicasmexico.com\/blog\/?p=2870"},"modified":"2014-04-29T10:19:25","modified_gmt":"2014-04-29T15:19:25","slug":"ninos-abortados-son-utilizados-como-combustible-para-la-produccion-de-energia","status":"publish","type":"post","link":"http:\/\/catolicasmexico.com\/blog\/ninos-abortados-son-utilizados-como-combustible-para-la-produccion-de-energia\/","title":{"rendered":"Ni\u00f1os abortados son utilizados como combustible para la producci\u00f3n de energia."},"content":{"rendered":"<p><a href=\"http:\/\/catolicasmexico.com\/blog\/wp-content\/uploads\/2014\/04\/20140429-1129521.jpg\"><img src=\"http:\/\/catolicasmexico.com\/blog\/wp-content\/uploads\/2014\/04\/20140429-1129521.jpg\" alt=\"20140429-112952.jpg\" class=\"alignnone size-full\"  \/> <\/a><\/p>\n<p>Del sitio www.cqv.cq.ca original del sitio www.LifeSiteNews.com traducci\u00f3n y edici\u00f3n libre www.catolicasmexico.com<\/p>\n<p>\u00abEstamos indignados y asqueados por el hecho de que este material puede incluirse en residuos m\u00e9dicos recibidos en la instalaci\u00f3n\u00bb<\/p>\n<p>POR PATRICK B. CRAINE<\/p>\n<p>SALEM, Oregon, el 24 de abril de 2014 (l LifeSiteNews.com) &#8211; la Junta de Comisionados del Condado de Marion anunci\u00f3 este mi\u00e9rcoles que pusieron fin al programa de energ\u00eda que utilizaba  beb\u00e9s abortados para producir electricidad.<\/p>\n<p>La mujer de nombre Steve Weatherbe, que profesa la religi\u00f3n cat\u00f3lica revel\u00f3 este 21 de abril que el gobierno de la Colombia Brit\u00e1nica en Canad\u00e1 enviaba los restos de los fetos  a la instalacion de  Covanta Marion la cual transforma residuos en energ\u00eda, para que estos quemado junto con desechos m\u00e9dicos. La historia fue noticia nacional despu\u00e9s de que la Agencia LifeSiteNews divulgara la noticia este el mi\u00e9rcoles.<\/p>\n<p>\u00abEstamos indignados y disgustado de que este material puede incluirse entre los residuos m\u00e9dicos recibidos en las instalaciones,\u00bb dijo  el Comisario Janet Carlson en un comunicado este mi\u00e9rcoles.<\/p>\n<p>\u00abNo sab\u00edamos nada hasta el d\u00eda de hoy sobre esta pr\u00e1ctica . Tomamos medidas inmediatas y comenzaremos discusiones con Covanta Marion para asegurar que este tipo de residuos m\u00e9dicos no sea aceptada en el futuro \u00ab.\u00bb (&#8230;)<\/p>\n<p>La instalaci\u00f3n de alimentaci\u00f3n de energ\u00eda, est\u00e1  ubicado en Brookes,  quema los residuos en dos calderas masivas a una temperatura de unos 2000 grados Fahrenheit. La transferencia de calor en los tubos de agua crea vapor que impulsa las turbinas las cuales generan la electricidad.<\/p>\n<p>(Gran Breta\u00f1a vivi\u00f3 un esc\u00e1ndalo similar hace unas semanas).<\/p>\n","protected":false},"excerpt":{"rendered":"<p>Del sitio www.cqv.cq.ca original del sitio www.LifeSiteNews.com traducci\u00f3n y edici\u00f3n libre www.catolicasmexico.com \u00abEstamos indignados y asqueados por el hecho de que este material puede incluirse en residuos m\u00e9dicos recibidos en la instalaci\u00f3n\u00bb POR PATRICK B. CRAINE SALEM, Oregon, el 24 de abril de 2014 (l LifeSiteNews.com) &#8211; la Junta de Comisionados del Condado de Marion [&hellip;]<\/p>\n","protected":false},"author":2,"featured_media":2869,"comment_status":"open","ping_status":"open","sticky":false,"template":"","format":"standard","meta":{"spay_email":"","jetpack_publicize_message":"","jetpack_is_tweetstorm":false},"categories":[9,84,72],"tags":[392],"aioseo_notices":[],"jetpack_featured_media_url":"http:\/\/catolicasmexico.com\/blog\/wp-content\/uploads\/2014\/04\/20140429-1129521.jpg","jetpack_publicize_connections":[],"jetpack_shortlink":"https:\/\/wp.me\/p3B5XH-Ki","jetpack-related-posts":[{"id":3348,"url":"http:\/\/catolicasmexico.com\/blog\/oracion-para-bautizar-a-los-bebes-abortados\/","url_meta":{"origin":2870,"position":0},"title":"Oraci\u00f3n para bautizar a los bebes abortados","date":"19 agosto 2014","format":false,"excerpt":"Padre Celestial , tu amor es eterno. Por tu amor infinito, salvaste al mundo a trav\u00e9s de tu Hijo Unig\u00e9nito Jesucristo . Mira a tu \u00danico Hijo sobre la Cruz, sangrando sin cesar, por el amor a su pueblo y perd\u00f3nalos. Purifica y bautiza a los ni\u00f1os abortados con la\u2026","rel":"","context":"En \u00abAborto\u00bb","img":{"alt_text":"","src":"https:\/\/i0.wp.com\/catolicasmexico.com\/blog\/wp-content\/uploads\/2014\/08\/20140819-130106.jpg?resize=350%2C200","width":350,"height":200},"classes":[]},{"id":4057,"url":"http:\/\/catolicasmexico.com\/blog\/la-directora-de-un-abortorio-se-rie-de-los-bebes-que-terminan-en-la-basura\/","url_meta":{"origin":2870,"position":1},"title":"La directora de un abortorio se rie de los beb\u00e9s que terminan en la basura","date":"30 octubre 2015","format":false,"excerpt":"\u00a0 DETROIT, 27 de octubre de 2015 (ChurchMilitant.) traducci\u00f3n libre CM com \u00a0La directora de un abortorio ha sido captada en video admitiendo deshacerse de los restos de los beb\u00e9s abortados en un tiradero de basura y bromeando al respecto. Tambi\u00e9n hablo de encender una hoguera con restos fetales en\u2026","rel":"","context":"En \u00abAborto\u00bb","img":{"alt_text":"","src":"https:\/\/i1.wp.com\/catolicasmexico.com\/blog\/wp-content\/uploads\/2015\/10\/2015-10-27-niles-c.jpg?resize=350%2C200","width":350,"height":200},"classes":[]},{"id":4014,"url":"http:\/\/catolicasmexico.com\/blog\/mujer-estas-lista-para-abotarmira-antes-estas-fotos-a-donde-van-los-restos-de-bebes-abortados-he-aqui-la-respuesta-impactante\/","url_meta":{"origin":2870,"position":2},"title":"MUJER \u00bfESTAS LISTA PARA ABOTAR?MIRA ANTES ESTAS FOTOS \u00bfA d\u00f3nde van los restos de beb\u00e9s abortados? He Aqu\u00ed la respuesta impactante","date":"6 octubre 2015","format":false,"excerpt":"A trav\u00e9s del vidrio, Tim tom\u00f3 fotos de cientos de envases transl\u00facidos de pl\u00e1stico, cada uno conten\u00eda los restos visibles de beb\u00e9s abortados. Los recipientes no estaban refrigerados, eran de todos los tama\u00f1os, desde recipientes de onzas a decenas de litros. Apenas pude imaginar el olor a muerte que reinar\u00eda\u2026","rel":"","context":"En \u00abAborto\u00bb","img":{"alt_text":"","src":"https:\/\/i0.wp.com\/catolicasmexico.com\/blog\/wp-content\/uploads\/2015\/10\/IMG_0304.jpg?resize=350%2C200","width":350,"height":200},"classes":[]},{"id":3923,"url":"http:\/\/catolicasmexico.com\/blog\/planned-parenthood-gana-alrededor-de-23-millones-anuales-gracias-a-la-venta-de-partes-de-los-cuerpos-de-los-bebes-abortados\/","url_meta":{"origin":2870,"position":3},"title":"Planned Parenthood gana alrededor de $ 23 millones anuales gracias a la venta de partes de los cuerpos de los beb\u00e9s abortados","date":"28 julio 2015","format":false,"excerpt":"Art\u00edculo de Lifenews traducci\u00f3n y edici\u00f3n libre Alejandro P. De CM Adem\u00e1s de asesinar a miles de beb\u00e9s, ahora sabemos que Planned Parenthood opera una desmanteladora, que vende a los beb\u00e9s asesinados por partes. Dos videos de ejecutivos de Planned Parenthood han sido difundidos en los cuales explican con detalles\u2026","rel":"","context":"En \u00abAborto\u00bb","img":{"alt_text":"","src":"https:\/\/i1.wp.com\/catolicasmexico.com\/blog\/wp-content\/uploads\/2015\/07\/20150728-133350.jpg?resize=350%2C200","width":350,"height":200},"classes":[]},{"id":3898,"url":"http:\/\/catolicasmexico.com\/blog\/la-directora-de-planned-parenthood-ue-capturada-vendiendo-organos-de-ninos-abortados\/","url_meta":{"origin":2870,"position":4},"title":"La directora de Planned Parenthood fue capturada vendiendo \u00f3rganos de ni\u00f1os abortados","date":"16 julio 2015","format":false,"excerpt":"Por Ben Johnson de LifeSiteNews\u00a0 del sitio www.cqv.cq.ca traducci\u00f3n y edici\u00f3n libre CM LOS \u00c1ngeles, 14 de julio de 2015 - un video producido con una c\u00e1mara oculta y publicado esta ma\u00f1ana muestra un jefe de Planned Parenthood estadounidense admitiendo que el organismo utiliza el m\u00e9todo ilegal y altamente pol\u00e9mico\u2026","rel":"","context":"En \u00abAborto\u00bb","img":{"alt_text":"","src":"https:\/\/i2.wp.com\/catolicasmexico.com\/blog\/wp-content\/uploads\/2015\/07\/Nucatola_810_500_55_s_c1.jpg?resize=350%2C200","width":350,"height":200},"classes":[]},{"id":4971,"url":"http:\/\/catolicasmexico.com\/blog\/venta-y-trafico-de-organos-fetales-y-de-recien-nacidos\/","url_meta":{"origin":2870,"position":5},"title":"Venta y tr\u00e1fico de \u00f3rganos fetales y de reci\u00e9n nacidos","date":"12 agosto 2021","format":false,"excerpt":"La crisis del covid-19 ha revelado a la gente com\u00fan y corriente que Big Pharma usa c\u00e9lulas de fetos abortados intencionalmente para el desarrollo de sus vacunas anti-coronavirus o inyecciones geneticas. Los Cient\u00edficos como Pamela Hacker de los Estados Unidos sostienen que el tr\u00e1fico de \u00f3rganos y c\u00e9lulas de fetos\u2026","rel":"","context":"En \u00abAborto\u00bb","img":{"alt_text":"","src":"https:\/\/i1.wp.com\/catolicasmexico.com\/blog\/wp-content\/uploads\/2016\/06\/IMG_0689.jpg?resize=350%2C200","width":350,"height":200},"classes":[]}],"jetpack_likes_enabled":false,"jetpack_sharing_enabled":true,"_links":{"self":[{"href":"http:\/\/catolicasmexico.com\/blog\/wp-json\/wp\/v2\/posts\/2870"}],"collection":[{"href":"http:\/\/catolicasmexico.com\/blog\/wp-json\/wp\/v2\/posts"}],"about":[{"href":"http:\/\/catolicasmexico.com\/blog\/wp-json\/wp\/v2\/types\/post"}],"author":[{"embeddable":true,"href":"http:\/\/catolicasmexico.com\/blog\/wp-json\/wp\/v2\/users\/2"}],"replies":[{"embeddable":true,"href":"http:\/\/catolicasmexico.com\/blog\/wp-json\/wp\/v2\/comments?post=2870"}],"version-history":[{"count":1,"href":"http:\/\/catolicasmexico.com\/blog\/wp-json\/wp\/v2\/posts\/2870\/revisions"}],"predecessor-version":[{"id":2871,"href":"http:\/\/catolicasmexico.com\/blog\/wp-json\/wp\/v2\/posts\/2870\/revisions\/2871"}],"wp:featuredmedia":[{"embeddable":true,"href":"http:\/\/catolicasmexico.com\/blog\/wp-json\/wp\/v2\/media\/2869"}],"wp:attachment":[{"href":"http:\/\/catolicasmexico.com\/blog\/wp-json\/wp\/v2\/media?parent=2870"}],"wp:term":[{"taxonomy":"category","embeddable":true,"href":"http:\/\/catolicasmexico.com\/blog\/wp-json\/wp\/v2\/categories?post=2870"},{"taxonomy":"post_tag","embeddable":true,"href":"http:\/\/catolicasmexico.com\/blog\/wp-json\/wp\/v2\/tags?post=2870"}],"curies":[{"name":"wp","href":"https:\/\/api.w.org\/{rel}","templated":true}]}}