{"id":2866,"date":"2014-04-29T07:37:32","date_gmt":"2014-04-29T12:37:32","guid":{"rendered":"http:\/\/catolicasmexico.com\/blog\/?p=2866"},"modified":"2014-04-29T07:37:32","modified_gmt":"2014-04-29T12:37:32","slug":"pedimos-oraciones-y-sacificios-por-la-vida-de-un-bebe","status":"publish","type":"post","link":"http:\/\/catolicasmexico.com\/blog\/pedimos-oraciones-y-sacificios-por-la-vida-de-un-bebe\/","title":{"rendered":"Pedimos oraciones y sacificios por la vida de un bebe."},"content":{"rendered":"<p><a href=\"http:\/\/catolicasmexico.com\/blog\/wp-content\/uploads\/2014\/04\/20140429-084840.jpg\"><img src=\"http:\/\/catolicasmexico.com\/blog\/wp-content\/uploads\/2014\/04\/20140429-084840.jpg\" alt=\"20140429-084840.jpg\" class=\"alignnone size-full\"  \/> <\/a><\/p>\n<p>Pedimos oraciones fervorosas, sacrificios y mandas, por la vida de un bebe y su madre, anteriormente referida, de origen rumano, 29 a\u00f1os, madre de otros dos ni\u00f1os y forzada a realizar un aborto por su propia madre. El d\u00eda de ayer se comunic\u00f3 con una persona del grupo de oradores, para contarle que su madre le hab\u00eda golpeado en la cabeza, la polic\u00eda llego, mas por miedo a que la tutela de menores le retirara a su hija, por estar en ambiente violento no demando a la madre. encontr\u00e1ndose en la calle sin un lugar para comer y para dormir, la oradora le ofreci\u00f3 su casa, en varias ocasiones le habl\u00f3 para decirle que llegar\u00eda,mas su novio apenado tom\u00f3 la decisi\u00f3n de no aceptar, cabe mencionar que no es dinero lo que buscaban, fue fue ofrecido y rechazado. Creemos que quer\u00edan un lugar donde pasar la noche sin molestar, mas desgraciadamente no existe en Montreal, un lugar para estos casos espec\u00edficos. Tememos por la manera de despedirse que han tomado la decisi\u00f3n fat\u00eddica de abortar&#8230; Pedimos sus oraciones y que compartan la informaci\u00f3n, para que la Virgen de Guadalupe interceda por nosotros y nos la traiga de regreso para que podamos rescatarla.<br \/>\nDios los bendiga.<\/p>\n","protected":false},"excerpt":{"rendered":"<p>Pedimos oraciones fervorosas, sacrificios y mandas, por la vida de un bebe y su madre, anteriormente referida, de origen rumano, 29 a\u00f1os, madre de otros dos ni\u00f1os y forzada a realizar un aborto por su propia madre. El d\u00eda de ayer se comunic\u00f3 con una persona del grupo de oradores, para contarle que su madre [&hellip;]<\/p>\n","protected":false},"author":2,"featured_media":2865,"comment_status":"open","ping_status":"open","sticky":false,"template":"","format":"standard","meta":{"spay_email":"","jetpack_publicize_message":"","jetpack_is_tweetstorm":false},"categories":[9,25,14,26],"tags":[718,391],"aioseo_notices":[],"jetpack_featured_media_url":"http:\/\/catolicasmexico.com\/blog\/wp-content\/uploads\/2014\/04\/20140429-084840.jpg","jetpack_publicize_connections":[],"jetpack_shortlink":"https:\/\/wp.me\/p3B5XH-Ke","jetpack-related-posts":[{"id":2817,"url":"http:\/\/catolicasmexico.com\/blog\/urgente-pedimos-oraciones-y-sacrificios-por-la-vida-de-un-bebe-de-tres-meses-y-una-semana\/","url_meta":{"origin":2866,"position":0},"title":"Urgente: pedimos oraciones y sacrificios por la vida de un beb\u00e9 de tres meses y una semana","date":"11 abril 2014","format":false,"excerpt":"Hoy en la vigilia de los 40 d\u00edas por la vida se present\u00f3 una joven llamada Paola, despu\u00e9s de visitar la cl\u00ednica de aborto Morgantaler, desesperada pidi\u00f3 nuestra ayuda, pues su madre la presiona para abortar. Ella sabe que el aborto es el peor de los pecados y que ser\u00eda\u2026","rel":"","context":"En \u00ab40 D\u00edas por la vida\u00bb","img":{"alt_text":"","src":"https:\/\/i0.wp.com\/catolicasmexico.com\/blog\/wp-content\/uploads\/2014\/04\/20140411-181017.jpg?resize=350%2C200","width":350,"height":200},"classes":[]},{"id":721,"url":"http:\/\/catolicasmexico.com\/blog\/el-salvador-beatriz-no-aborto-y-dio-a-luz-a-su-hija-con-anencefalia\/","url_meta":{"origin":2866,"position":1},"title":"El Salvador: \"Beatriz\" no abort\u00f3 y dio a luz a su hija con anencefalia","date":"4 junio 2013","format":false,"excerpt":"SAN SALVADOR, 04 Jun. 13 \/ 12:15 pm (ACI\/EWTN Noticias).- \"Beatriz\" -nombre ficticio- una joven de 22 a\u00f1os que padece lupus y estaba embarazada de una ni\u00f1a con anencefalia, no se someti\u00f3 a un aborto y dio a luz a trav\u00e9s de una ces\u00e1rea ayer, alrededor del mediod\u00eda (hora de\u2026","rel":"","context":"En \u00abAborto\u00bb","img":{"alt_text":"","src":"","width":0,"height":0},"classes":[]},{"id":4884,"url":"http:\/\/catolicasmexico.com\/blog\/4884-2\/","url_meta":{"origin":2866,"position":2},"title":"Pedimos oraciones por una mujer que piensa abortar su beb\u00e9 de 7 meses.","date":"25 septiembre 2019","format":false,"excerpt":"Publicaci\u00f3n del blog de Augustin Hamilton (Campagne Quebec Vie)- Foto: StockSnap \/ Pixabay Laura Klassen, del grupo pro vida Choice42, pide nuestras oraciones por una mujer que piensa tener un aborto, Laura public\u00f3 en su cuenta de Twitter: \u201cLes pido sus oraciones por una canadiense que planea ir a Colorado\u2026","rel":"","context":"Entrada similar","img":{"alt_text":"","src":"https:\/\/i0.wp.com\/catolicasmexico.com\/blog\/wp-content\/uploads\/2019\/09\/9736F721-1E6A-4938-8811-7F2B858B540E.jpeg?resize=350%2C200","width":350,"height":200},"classes":[]},{"id":4949,"url":"http:\/\/catolicasmexico.com\/blog\/el-aborto-mata-a-un-ser-humano\/","url_meta":{"origin":2866,"position":3},"title":"El aborto mata a un ser humano.","date":"5 agosto 2020","format":false,"excerpt":"Algunas especies de animales benefician de una protecci\u00f3n jur\u00eddica en pa\u00edses como Canad\u00e1. Sin embargo no existe ninguna protecci\u00f3n para el ni\u00f1o en el vientre materno. Algunos animales son tratados con m\u00e1s respeto que un beb\u00e9 antes de su nacimiento. \u00bfEl ni\u00f1o en el seno materno es un ser humano?\u2026","rel":"","context":"En \u00abAborto\u00bb","img":{"alt_text":"","src":"https:\/\/i0.wp.com\/catolicasmexico.com\/blog\/wp-content\/uploads\/2020\/08\/c7600f24-2bb1-4f0a-b47b-f2ea6c37d2fe-898-00000457eab088e4-1.jpg?resize=350%2C200","width":350,"height":200},"classes":[]},{"id":3838,"url":"http:\/\/catolicasmexico.com\/blog\/un-paramedico-ve-a-un-bebe-de-17-semanas-de-gestacion-producto-de-un-aborto-espontaneo-y-se-convierte-en-pro-de-la-vida\/","url_meta":{"origin":2866,"position":4},"title":"Un param\u00e9dico, ve a un beb\u00e9 de 17 semanas de gestaci\u00f3n, producto de un aborto espont\u00e1neo y se convierte en pro de la vida..","date":"3 julio 2015","format":false,"excerpt":"Foto de Beb\u00e9 Walter despu\u00e9s de un aborto espont\u00e1neo a las 19 semanas, 2 semanas m\u00e1s que el ni\u00f1o visto por David Baxter hace 25 a\u00f1os. La madre de Walter, Lexi, public\u00f3 estas fotos para probar la humanidad de su beb\u00e9. Por Nancy Flanders de LiveActionNews - en el sitio\u2026","rel":"","context":"En \u00abAborto\u00bb","img":{"alt_text":"","src":"https:\/\/i1.wp.com\/catolicasmexico.com\/blog\/wp-content\/uploads\/2015\/07\/20150703-103236.jpg?resize=350%2C200","width":350,"height":200},"classes":[]},{"id":695,"url":"http:\/\/catolicasmexico.com\/blog\/tuvo-cinco-abortos-pero-luego-encontro-a-jesus-y-ahora-es-un-lider-pro-vida\/","url_meta":{"origin":2866,"position":5},"title":"Tuvo cinco abortos, pero luego encontr\u00f3 a Jes\u00fas y ahora es un l\u00edder pro-vida","date":"4 junio 2013","format":false,"excerpt":"Noticia de liveActionNews.org Por Christina Martin. Traducci\u00f3n del ingl\u00e9s y edici\u00f3n Alejandro P. de www.catolicasmexico.com Lunes, 03 de junio de 2013 9:54 EST \u00a0 3 De junio del 2013 (LiveActionNews.org) - Iman Essiet no quer\u00eda ser otra estad\u00edstica. Sin embargo, esta hermosa mujer afroamericana qued\u00f3 embarazada cuando ten\u00eda s\u00f3lo 16\u2026","rel":"","context":"En \u00abAborto\u00bb","img":{"alt_text":"","src":"https:\/\/i2.wp.com\/catolicasmexico.com\/blog\/wp-content\/uploads\/2013\/06\/Iman2-240x240.jpg?resize=350%2C200","width":350,"height":200},"classes":[]}],"jetpack_likes_enabled":false,"jetpack_sharing_enabled":true,"_links":{"self":[{"href":"http:\/\/catolicasmexico.com\/blog\/wp-json\/wp\/v2\/posts\/2866"}],"collection":[{"href":"http:\/\/catolicasmexico.com\/blog\/wp-json\/wp\/v2\/posts"}],"about":[{"href":"http:\/\/catolicasmexico.com\/blog\/wp-json\/wp\/v2\/types\/post"}],"author":[{"embeddable":true,"href":"http:\/\/catolicasmexico.com\/blog\/wp-json\/wp\/v2\/users\/2"}],"replies":[{"embeddable":true,"href":"http:\/\/catolicasmexico.com\/blog\/wp-json\/wp\/v2\/comments?post=2866"}],"version-history":[{"count":1,"href":"http:\/\/catolicasmexico.com\/blog\/wp-json\/wp\/v2\/posts\/2866\/revisions"}],"predecessor-version":[{"id":2867,"href":"http:\/\/catolicasmexico.com\/blog\/wp-json\/wp\/v2\/posts\/2866\/revisions\/2867"}],"wp:featuredmedia":[{"embeddable":true,"href":"http:\/\/catolicasmexico.com\/blog\/wp-json\/wp\/v2\/media\/2865"}],"wp:attachment":[{"href":"http:\/\/catolicasmexico.com\/blog\/wp-json\/wp\/v2\/media?parent=2866"}],"wp:term":[{"taxonomy":"category","embeddable":true,"href":"http:\/\/catolicasmexico.com\/blog\/wp-json\/wp\/v2\/categories?post=2866"},{"taxonomy":"post_tag","embeddable":true,"href":"http:\/\/catolicasmexico.com\/blog\/wp-json\/wp\/v2\/tags?post=2866"}],"curies":[{"name":"wp","href":"https:\/\/api.w.org\/{rel}","templated":true}]}}