{"id":285,"date":"2013-05-13T08:13:10","date_gmt":"2013-05-13T13:13:10","guid":{"rendered":"http:\/\/catolicasmexico.com\/blog\/?p=285"},"modified":"2013-05-12T19:16:05","modified_gmt":"2013-05-13T00:16:05","slug":"pildora-del-dia-despues-para-menores-de-14-anos-un-dia-triste-para-chile","status":"publish","type":"post","link":"http:\/\/catolicasmexico.com\/blog\/pildora-del-dia-despues-para-menores-de-14-anos-un-dia-triste-para-chile\/","title":{"rendered":"P\u00edldora del d\u00eda despu\u00e9s para menores de 14 a\u00f1os: un d\u00eda triste para Chile."},"content":{"rendered":"<p><a href=\"http:\/\/catolicasmexico.com\/blog\/wp-content\/uploads\/2013\/05\/20120112-backpages-1-284x474.jpg\"><img data-attachment-id=\"286\" data-permalink=\"http:\/\/catolicasmexico.com\/blog\/pildora-del-dia-despues-para-menores-de-14-anos-un-dia-triste-para-chile\/20120112-backpages-1-284x474\/\" data-orig-file=\"http:\/\/catolicasmexico.com\/blog\/wp-content\/uploads\/2013\/05\/20120112-backpages-1-284x474.jpg\" data-orig-size=\"284,473\" data-comments-opened=\"1\" data-image-meta=\"{&quot;aperture&quot;:&quot;0&quot;,&quot;credit&quot;:&quot;&quot;,&quot;camera&quot;:&quot;&quot;,&quot;caption&quot;:&quot;&quot;,&quot;created_timestamp&quot;:&quot;0&quot;,&quot;copyright&quot;:&quot;&quot;,&quot;focal_length&quot;:&quot;0&quot;,&quot;iso&quot;:&quot;0&quot;,&quot;shutter_speed&quot;:&quot;0&quot;,&quot;title&quot;:&quot;&quot;,&quot;orientation&quot;:&quot;0&quot;}\" data-image-title=\"20120112-backpages-1-284&#215;474\" data-image-description=\"\" data-medium-file=\"http:\/\/catolicasmexico.com\/blog\/wp-content\/uploads\/2013\/05\/20120112-backpages-1-284x474-180x300.jpg\" data-large-file=\"http:\/\/catolicasmexico.com\/blog\/wp-content\/uploads\/2013\/05\/20120112-backpages-1-284x474.jpg\" class=\"alignnone size-thumbnail wp-image-286\" title=\"20120112-backpages-1-284x474\" src=\"http:\/\/catolicasmexico.com\/blog\/wp-content\/uploads\/2013\/05\/20120112-backpages-1-284x474-150x150.jpg\" alt=\"\" width=\"150\" height=\"150\" srcset=\"http:\/\/catolicasmexico.com\/blog\/wp-content\/uploads\/2013\/05\/20120112-backpages-1-284x474-150x150.jpg 150w\" sizes=\"100vw\" \/> <\/a><\/p>\n<p>A partir del pr\u00f3ximo 28 de mayo, menores desde 14 a\u00f1os podr\u00e1n recibir en Chile la p\u00edldora del d\u00eda siguiente sin permiso de los padres. Ser\u00e1 \u201cun d\u00eda triste\u201d para el pa\u00eds porque se les \u201cquita a los padres autoridad en un tema tan sensible y doloroso\u201d y este f\u00e1rmaco tiene un efecto abortivo, declar\u00f3 el arzobispo de Concepci\u00f3n, miembro de la Academia Pontificia para la Vida, monse\u00f1or Fernando Chomal\u00ed.<\/p>\n<p>La disposici\u00f3n del Ministerio de Salud obliga a los funcionarios de los centros de salud a dispensar la p\u00edldora del d\u00eda siguiente a las personas que la pidan (desde los catorce a\u00f1os) sin exigir ning\u00fan requisito y no permite la objeci\u00f3n de conciencia.<\/p>\n<p>Seg\u00fan el nuevo reglamento, que desarrolla una ley de 2010 que prev\u00e9 el acceso universal a la p\u00edldora, la informaci\u00f3n a los padres de los menores de 14 a\u00f1os depender\u00e1 del criterio del profesional.<\/p>\n<p>Para monse\u00f1or Chomal\u00ed, esta medida es \u201ccontraproducente\u201d -va a producir el efecto contrario al anunciado de reducir el n\u00famero de embarazos de adolescentes- y no va al fondo del problema. \u00abEstamos inmersos en una sociedad que soluciona los problemas a trav\u00e9s de medidas pr\u00e1cticas, incluso atentando en contra de la vida, en vez de preguntarse realmente qu\u00e9 sociedad estamos construyendo\u00bb, declar\u00f3 a\u00a0<a href=\"http:\/\/www.aciprensa.com\/noticias\/obispo-chileno-deplora-decision-de-dar-pildora-del-dia-siguiente-a-menores-de-14-anos-16686\/#.UYoEJrVNRZA\" target=\"_blank\">Aciprensa<\/a>.<\/p>\n<p>El obispo record\u00f3 que la Iglesia se dedica a formar las conciencias y a ayudar, amparada por la ciencia, a reconocer el valor de la vida humana desde el momento de la fecundaci\u00f3n.<\/p>\n<p>Monse\u00f1or Chomal\u00ed destac\u00f3 que la p\u00edldora del d\u00eda despu\u00e9s \u201cbajo ciertas condiciones, impide la anidaci\u00f3n; esto es un aborto procurado\u201d y por ello no deber\u00eda estar permitida, \u201csobre todo en un pa\u00eds donde la Constituci\u00f3n protege la vida del que est\u00e1 por nacer\u00bb.<\/p>\n","protected":false},"excerpt":{"rendered":"<p>A partir del pr\u00f3ximo 28 de mayo, menores desde 14 a\u00f1os podr\u00e1n recibir en Chile la p\u00edldora del d\u00eda siguiente sin permiso de los padres. Ser\u00e1 \u201cun d\u00eda triste\u201d para el pa\u00eds porque se les \u201cquita a los padres autoridad en un tema tan sensible y doloroso\u201d y este f\u00e1rmaco tiene un efecto abortivo, declar\u00f3 [&hellip;]<\/p>\n","protected":false},"author":2,"featured_media":286,"comment_status":"open","ping_status":"open","sticky":false,"template":"","format":"standard","meta":{"spay_email":"","jetpack_publicize_message":"","jetpack_is_tweetstorm":false},"categories":[16,17,15],"tags":[],"aioseo_notices":[],"jetpack_featured_media_url":"http:\/\/catolicasmexico.com\/blog\/wp-content\/uploads\/2013\/05\/20120112-backpages-1-284x474.jpg","jetpack_publicize_connections":[],"jetpack_shortlink":"https:\/\/wp.me\/p3B5XH-4B","jetpack-related-posts":[{"id":692,"url":"http:\/\/catolicasmexico.com\/blog\/peru-exigen-a-congresistas-no-aprobar-anticonceptivos-para-menores-sin-permiso-de-padres\/","url_meta":{"origin":285,"position":0},"title":"Per\u00fa: Exigen a congresistas no aprobar anticonceptivos para menores sin permiso de padres","date":"3 junio 2013","format":false,"excerpt":"Noticia ACI. LIMA, 29 May. 13 \/ 12:01 pm (ACI).- El Population Research Institute (PRI) lanz\u00f3 una campa\u00f1a para exigir a las congresistas peruanas Gladys Condori, Doris Oseda y Elsa Anicama que no aprueben hoy la inserci\u00f3n del \"art\u00edculo 27\" en el C\u00f3digo de la Ni\u00f1ez y la Adolescencia, pues\u2026","rel":"","context":"En \u00abContracepci\u00f3n\u00bb","img":{"alt_text":"","src":"","width":0,"height":0},"classes":[]},{"id":1779,"url":"http:\/\/catolicasmexico.com\/blog\/bolivia-la-pildora-abortiva-sera-entregada-gratis\/","url_meta":{"origin":285,"position":1},"title":"Bolivia: La p\u00edldora abortiva ser\u00e1 entregada gratis.","date":"7 septiembre 2013","format":false,"excerpt":"BOLIVIA.-(AGENCIALAVOZ) La p\u00edldora del d\u00eda despu\u00e9s ser\u00e1 distribuida de manera gratuita a las mujeres. Hasta octubre todos los centros de salud p\u00fablicos tendr\u00e1n el anticonceptivo. Adem\u00e1s, se podr\u00e1 acceder al implante subd\u00e9rmico y al cond\u00f3n femenino, inform\u00f3 el Ministerio de Salud. \u201cLos tres m\u00e9todos de anticoncepci\u00f3n ser\u00e1n distribuidos a hospitales\u2026","rel":"","context":"En \u00abAborto\u00bb","img":{"alt_text":"","src":"","width":0,"height":0},"classes":[]},{"id":474,"url":"http:\/\/catolicasmexico.com\/blog\/vaticano-rechaza-que-onu-presente-pildora-del-dia-siguiente-como-producto-salvavidas\/","url_meta":{"origin":285,"position":2},"title":"Vaticano rechaza que ONU presente p\u00edldora del d\u00eda siguiente como \u201cproducto salvavidas\"","date":"25 mayo 2013","format":false,"excerpt":"El Jefe de la Delegaci\u00f3n de la Santa Sede para la 66\u00ba Asamblea Mundial de la Salud, Mons. Zygmunt Zimowski, se\u00f1al\u00f3 que la Iglesia \u201ccomparte plenamente el objetivo de reducir la p\u00e9rdida de vidas humanas y de prevenir las enfermedades\u201d, pero considera \u201cinaceptable\u201d que se quiera presentar a la p\u00edldora\u2026","rel":"","context":"En \u00abContracepci\u00f3n\u00bb","img":{"alt_text":"","src":"https:\/\/i1.wp.com\/catolicasmexico.com\/blog\/wp-content\/uploads\/2013\/05\/image-72.jpeg?resize=350%2C200","width":350,"height":200},"classes":[]},{"id":389,"url":"http:\/\/catolicasmexico.com\/blog\/pildora-del-dia-siguiente-produce-aborto-y-no-es-anticoncepcion-de-emergencia-denuncian\/","url_meta":{"origin":285,"position":3},"title":"P\u00edldora del d\u00eda siguiente produce aborto y no es anticoncepci\u00f3n de emergencia, denuncian","date":"20 mayo 2013","format":false,"excerpt":"BUENOS AIRES, 17 May. 13 \/ 11:13 am (ACI).- La Sociedad Argentina de \u00c9tica M\u00e9dica y Biol\u00f3gica (SAEMB) critic\u00f3 las recientes estad\u00edsticas de Sociedad Argentina de Farmac\u00e9uticos y Bioqu\u00edmicos donde se denomina a la \"p\u00edldora del d\u00eda despu\u00e9s\" como \"anticoncepci\u00f3n de emergencia\", y en este sentido, reafirmaron que la ingesta\u2026","rel":"","context":"En \u00abContracepci\u00f3n\u00bb","img":{"alt_text":"","src":"https:\/\/i1.wp.com\/catolicasmexico.com\/blog\/wp-content\/uploads\/2013\/05\/image-26.jpeg?resize=350%2C200","width":350,"height":200},"classes":[]},{"id":907,"url":"http:\/\/catolicasmexico.com\/blog\/triunfo-pro-vida-congreso-peruano-rechaza-reparto-de-anticonceptivos-a-menores\/","url_meta":{"origin":285,"position":4},"title":"Triunfo pro-vida: Congreso peruano rechaza reparto de anticonceptivos a menores","date":"19 junio 2013","format":false,"excerpt":"LIMA, 18 Jun. 13 \/ 01:45 pm (ACI).- La Comisi\u00f3n de la Mujer del Congreso de Per\u00fa rechaz\u00f3 ayer las presiones de organizaciones abortistas que buscaban que se inserte en el art\u00edculo 27 del C\u00f3digo del Ni\u00f1o y del Adolescente la entrega sin consentimiento paterno de anticonceptivos a menores desde\u2026","rel":"","context":"En \u00abContracepci\u00f3n\u00bb","img":{"alt_text":"","src":"","width":0,"height":0},"classes":[]},{"id":2004,"url":"http:\/\/catolicasmexico.com\/blog\/pro-familias-y-pro-vida-de-peru-organizan-caminata-masiva-de-oracion-y-ayuno-por-chile-y-mexico\/","url_meta":{"origin":285,"position":5},"title":"Pro familias y pro-vida de Per\u00fa : organizan caminata masiva de oraci\u00f3n y ayuno por Chile y M\u00e9xico","date":"3 noviembre 2013","format":false,"excerpt":"Todo el mundo esta al corriente de que en M\u00e9xico est\u00e1 por aprobarse esta ley, salvo los propios mexicanos, tenemos que unirnos y luchar por nuestro pa\u00eds, pues son nuestros hijos los que ser\u00e1n afectados con tan abominable y abyecta ley. ESPA\u00d1A.-(AGENCIALAVOZ) El pastor Jos\u00e9 Linares Cer\u00f3n Presidente de Ciprofam\u2026","rel":"","context":"En \u00abAborto\u00bb","img":{"alt_text":"","src":"","width":0,"height":0},"classes":[]}],"jetpack_likes_enabled":false,"jetpack_sharing_enabled":true,"_links":{"self":[{"href":"http:\/\/catolicasmexico.com\/blog\/wp-json\/wp\/v2\/posts\/285"}],"collection":[{"href":"http:\/\/catolicasmexico.com\/blog\/wp-json\/wp\/v2\/posts"}],"about":[{"href":"http:\/\/catolicasmexico.com\/blog\/wp-json\/wp\/v2\/types\/post"}],"author":[{"embeddable":true,"href":"http:\/\/catolicasmexico.com\/blog\/wp-json\/wp\/v2\/users\/2"}],"replies":[{"embeddable":true,"href":"http:\/\/catolicasmexico.com\/blog\/wp-json\/wp\/v2\/comments?post=285"}],"version-history":[{"count":1,"href":"http:\/\/catolicasmexico.com\/blog\/wp-json\/wp\/v2\/posts\/285\/revisions"}],"predecessor-version":[{"id":287,"href":"http:\/\/catolicasmexico.com\/blog\/wp-json\/wp\/v2\/posts\/285\/revisions\/287"}],"wp:featuredmedia":[{"embeddable":true,"href":"http:\/\/catolicasmexico.com\/blog\/wp-json\/wp\/v2\/media\/286"}],"wp:attachment":[{"href":"http:\/\/catolicasmexico.com\/blog\/wp-json\/wp\/v2\/media?parent=285"}],"wp:term":[{"taxonomy":"category","embeddable":true,"href":"http:\/\/catolicasmexico.com\/blog\/wp-json\/wp\/v2\/categories?post=285"},{"taxonomy":"post_tag","embeddable":true,"href":"http:\/\/catolicasmexico.com\/blog\/wp-json\/wp\/v2\/tags?post=285"}],"curies":[{"name":"wp","href":"https:\/\/api.w.org\/{rel}","templated":true}]}}