{"id":2846,"date":"2014-04-22T12:11:55","date_gmt":"2014-04-22T17:11:55","guid":{"rendered":"http:\/\/catolicasmexico.com\/blog\/?p=2846"},"modified":"2014-04-22T12:11:55","modified_gmt":"2014-04-22T17:11:55","slug":"el-aborto-sera-un-paso-en-mi-carrera","status":"publish","type":"post","link":"http:\/\/catolicasmexico.com\/blog\/el-aborto-sera-un-paso-en-mi-carrera\/","title":{"rendered":"\u00abEl aborto ser\u00e1 un paso en mi carrera\u00bb"},"content":{"rendered":"<p><a href=\"http:\/\/catolicasmexico.com\/blog\/wp-content\/uploads\/2014\/04\/20140422-131938.jpg\"><img src=\"http:\/\/catolicasmexico.com\/blog\/wp-content\/uploads\/2014\/04\/20140422-131938.jpg\" alt=\"20140422-131938.jpg\" class=\"alignnone size-full\"  \/> <\/a><\/p>\n<p>Con informaci\u00f3n de Metro.<br \/>\nJosie Cunningham<br \/>\nUna modelo causa indignaci\u00f3n en redes sociales tras anunciar que abortar\u00e1 con tal de entrar al reality de Big Brother, para hacerse rica y famosa. Antes ocup\u00f3 recursos del gobierno para implantarse senos.<\/p>\n<p>Reino Unido.- Una glamurosa modelo que tiene un embarazo de cuatro meses ha provocado la indignaci\u00f3n de televidentes y usuarios de redes sociales al afirmar que abortar\u00e1 para poder entrar a la casa de Big Brother y volverse s\u00faper famosa. <\/p>\n<p>Josie Cunningham, de 23 a\u00f1os de edad, dijo que es capaz de abortar al feto que gesta en su vientre con tal de que los productores del Canal 5 brit\u00e1nico la dejen participar en el reality show. <\/p>\n<p>Muchos juzgan a Josie como una mujer sin escr\u00fapulos, que hace todo por la fama y el reconocimiento \u00abgratuito\u00bb. Hace poco Josie logr\u00f3 que el Sistema de Salud brit\u00e1nico le pagara una operaci\u00f3n de implantes mamarios, convenciendo a un m\u00e9dico de que su \u00abdiscreto busto\u00bb le estaba causando desequilibrios emocionales: <\/p>\n<p>La joven hambrienta de fama justific\u00f3 su aborto declarando ante los medios:<\/p>\n<p>\u00abPor fin estoy a punto de ser famosa y no pienso arruinarlo\u00bb.  <\/p>\n<p>\u00abEl aborto ser\u00e1 un avance en mi carrera. Por ahora no pienso tener un beb\u00e9, en lugar de eso quiero ser famosa, conducir una Range Rover rosa y comprar una casa enorme. Nada se interpondr\u00e1 en mi camino\u00bb, advirti\u00f3 Josie. <\/p>\n<p>A la pol\u00e9mica por el aborto, se suma la de no saber quien es el padre del posible beb\u00e9; un jugador de la Premier League o uno de sus clientes mientras trabajaba como escort. <\/p>\n<p>Seg\u00fan Josie, se hab\u00eda convertido en una de las favoritas para aparecer en la pr\u00f3xima temporada de BigBrother, sin embargo cuando los productores se enteraron de su embarazo, comenzaron a portarse muy \u00abfr\u00edos\u00bb hacia ella, lo que le ha provocado temer que no la incluyan en el \u00abelenco\u00bb. <\/p>\n<p>Entonces, Josie piensa abortar y regresar con los productores, \u00aba ver si as\u00ed se siguen negando\u00bb, advierte. <\/p>\n<p>Los televidentes y usuarios de redes sociales han reaccionado con indignaci\u00f3n ante la preferencia de Josie por la fama y fortuna, en lugar de convertirse en madre; no obstante, activistas \u00abpor el derecho a decidir\u00bb se han unido a Josie, llamando incluso a un boicot contra Canal 5.<\/p>\n","protected":false},"excerpt":{"rendered":"<p>Con informaci\u00f3n de Metro. Josie Cunningham Una modelo causa indignaci\u00f3n en redes sociales tras anunciar que abortar\u00e1 con tal de entrar al reality de Big Brother, para hacerse rica y famosa. Antes ocup\u00f3 recursos del gobierno para implantarse senos. Reino Unido.- Una glamurosa modelo que tiene un embarazo de cuatro meses ha provocado la indignaci\u00f3n [&hellip;]<\/p>\n","protected":false},"author":2,"featured_media":2845,"comment_status":"open","ping_status":"open","sticky":false,"template":"","format":"standard","meta":{"spay_email":"","jetpack_publicize_message":"","jetpack_is_tweetstorm":false},"categories":[9,20],"tags":[718,385,384],"aioseo_notices":[],"jetpack_featured_media_url":"http:\/\/catolicasmexico.com\/blog\/wp-content\/uploads\/2014\/04\/20140422-131938.jpg","jetpack_publicize_connections":[],"jetpack_shortlink":"https:\/\/wp.me\/p3B5XH-JU","jetpack-related-posts":[{"id":2875,"url":"http:\/\/catolicasmexico.com\/blog\/modelo-renuncia-al-aborto-tras-sentir-las-patadas-de-su-bebe\/","url_meta":{"origin":2846,"position":0},"title":"Modelo renuncia al aborto tras sentir las patadas de su beb\u00e9","date":"30 abril 2014","format":false,"excerpt":"La modelo que iba a abortar para ser rica y famosa desiste cuando siente a su beb\u00e9 en su interior ForumLibertas.com La semana pasada ForumLibertas informaba del caso de Josie Cunningham la modelo brit\u00e1nica que quiere ser rica y famosa y, para ello, a pesar de estar embarazada de 18\u2026","rel":"","context":"En \u00abAborto\u00bb","img":{"alt_text":"","src":"","width":0,"height":0},"classes":[]},{"id":3869,"url":"http:\/\/catolicasmexico.com\/blog\/una-mujer-pide-1-millon-de-dolares-o-abortara-a-su-bebe-de-7-semanas\/","url_meta":{"origin":2846,"position":1},"title":"Una mujer pide 1 mill\u00f3n de d\u00f3lares, o abortar\u00e1 a su beb\u00e9 de 7 semanas","date":"14 julio 2015","format":false,"excerpt":"Por Susan LiveActionNews Michelle - traducido por Alejandro P. De CM Su aborto supuestamente est\u00e1 previsto para el 10 de julio de 2015, una madre an\u00f3nima pide \u00a01 mill\u00f3n de d\u00f3lares de los pro-vida para no matar a su hijo con un aborto. La mujer, que dice \"que har\u00e1 todo\u2026","rel":"","context":"En \u00abAborto\u00bb","img":{"alt_text":"","src":"https:\/\/i1.wp.com\/catolicasmexico.com\/blog\/wp-content\/uploads\/2015\/07\/unnamed.jpg?resize=350%2C200","width":350,"height":200},"classes":[]},{"id":1233,"url":"http:\/\/catolicasmexico.com\/blog\/historia-de-una-violacion-y-un-embarazo\/","url_meta":{"origin":2846,"position":2},"title":"Historia de una violaci\u00f3n y un embarazo.","date":"11 julio 2013","format":false,"excerpt":"Del blog de www.cqv.cq.ca del blog mamanpourlavie.com 19 mayo 2010 Traducci\u00f3n y edici\u00f3n libre www.catolicasmexico.com A los 18 a\u00f1os, yo era un estudiante en la Universidad cuando fui v\u00edctima de una violaci\u00f3n. Esto fue la peor experiencia de mi vida. Fui golpeada y violada por dos hombres en un callej\u00f3n\u2026","rel":"","context":"En \u00abAborto\u00bb","img":{"alt_text":"","src":"","width":0,"height":0},"classes":[]},{"id":3495,"url":"http:\/\/catolicasmexico.com\/blog\/una-pareja-dijo-no-al-aborto-a-pesar-del-diagnostico-el-bebe-nacio-completamente-sano\/","url_meta":{"origin":2846,"position":3},"title":"Una pareja dijo no al aborto, a pesar del diagn\u00f3stico. \u00a1El beb\u00e9 naci\u00f3 completamente sano!","date":"30 octubre 2014","format":false,"excerpt":"Art\u00edculo original: Sarah Zagorski, Dubl\u00edn, Irlanda, Lifesnews.com, traducci\u00f3n y edici\u00f3n libre Jules para cat\u00f3licas M\u00e9xico 22 de octubre de 2014. Cuando Melanie y Damion Sheenan fueron al hospital para una ecograf\u00eda del vientre de Melanie, veinte semanas embarazada, recibieron una noticia muy preocupante. El m\u00e9dico les dijo que su hijo\u2026","rel":"","context":"En \u00abAborto\u00bb","img":{"alt_text":"","src":"https:\/\/i2.wp.com\/catolicasmexico.com\/blog\/wp-content\/uploads\/2014\/10\/joshuasheenan.png?resize=350%2C200","width":350,"height":200},"classes":[]},{"id":4020,"url":"http:\/\/catolicasmexico.com\/blog\/el-doctor-le-dijo-que-abortara-a-dos-de-ellos-milagrosamente-los-trillizos-celebran-su-primer-aniversario\/","url_meta":{"origin":2846,"position":4},"title":"El doctor le dijo que abortara a dos de ellos. Milagrosamente los trillizos celebran su primer aniversario.","date":"8 octubre 2015","format":false,"excerpt":"....\" la t\u00e9cnica General para la reducci\u00f3n selectiva es sumergir una aguja llena de cloruro de potasio en el coraz\u00f3n del beb\u00e9.Poco despu\u00e9s de que el producto qu\u00edmico penetra en el coraz\u00f3n del beb\u00e9, ocasionando un paro cardiaco. Este tipo de aborto se practica entre 9 a 13 semanas de\u2026","rel":"","context":"En \u00abAborto\u00bb","img":{"alt_text":"","src":"https:\/\/i2.wp.com\/catolicasmexico.com\/blog\/wp-content\/uploads\/2015\/10\/IMG_0311.jpg?resize=350%2C200","width":350,"height":200},"classes":[]},{"id":4614,"url":"http:\/\/catolicasmexico.com\/blog\/adolescente-que-pensaba-hace-un-aborto-cambia-de-opinion-gracias-al-apoyo-de-de-sus-padres\/","url_meta":{"origin":2846,"position":5},"title":"Adolescente que pensaba hace un aborto, cambia de opini\u00f3n gracias al apoyo de de sus padres.\u00a0","date":"21 julio 2017","format":false,"excerpt":"Art\u00edculo de Life action News (Campagne Qu\u00e9bec Vie) En 2013 mi vida cambi\u00f3 para siempre. Ten\u00eda 18 a\u00f1os y viv\u00eda una vida normal. Obtuve mi diploma de secundaria y viv\u00eda con mi familia. Ten\u00eda dos trabajos y un novio simp\u00e1tico. Una ma\u00f1ana me levant\u00e9 para ir al trabajo y sent\u00ed\u2026","rel":"","context":"En \u00abAborto\u00bb","img":{"alt_text":"","src":"https:\/\/i2.wp.com\/catolicasmexico.com\/blog\/wp-content\/uploads\/2017\/07\/mother-child-smiling-1.jpg?resize=350%2C200","width":350,"height":200},"classes":[]}],"jetpack_likes_enabled":false,"jetpack_sharing_enabled":true,"_links":{"self":[{"href":"http:\/\/catolicasmexico.com\/blog\/wp-json\/wp\/v2\/posts\/2846"}],"collection":[{"href":"http:\/\/catolicasmexico.com\/blog\/wp-json\/wp\/v2\/posts"}],"about":[{"href":"http:\/\/catolicasmexico.com\/blog\/wp-json\/wp\/v2\/types\/post"}],"author":[{"embeddable":true,"href":"http:\/\/catolicasmexico.com\/blog\/wp-json\/wp\/v2\/users\/2"}],"replies":[{"embeddable":true,"href":"http:\/\/catolicasmexico.com\/blog\/wp-json\/wp\/v2\/comments?post=2846"}],"version-history":[{"count":1,"href":"http:\/\/catolicasmexico.com\/blog\/wp-json\/wp\/v2\/posts\/2846\/revisions"}],"predecessor-version":[{"id":2847,"href":"http:\/\/catolicasmexico.com\/blog\/wp-json\/wp\/v2\/posts\/2846\/revisions\/2847"}],"wp:featuredmedia":[{"embeddable":true,"href":"http:\/\/catolicasmexico.com\/blog\/wp-json\/wp\/v2\/media\/2845"}],"wp:attachment":[{"href":"http:\/\/catolicasmexico.com\/blog\/wp-json\/wp\/v2\/media?parent=2846"}],"wp:term":[{"taxonomy":"category","embeddable":true,"href":"http:\/\/catolicasmexico.com\/blog\/wp-json\/wp\/v2\/categories?post=2846"},{"taxonomy":"post_tag","embeddable":true,"href":"http:\/\/catolicasmexico.com\/blog\/wp-json\/wp\/v2\/tags?post=2846"}],"curies":[{"name":"wp","href":"https:\/\/api.w.org\/{rel}","templated":true}]}}