{"id":2827,"date":"2014-04-14T15:58:20","date_gmt":"2014-04-14T20:58:20","guid":{"rendered":"http:\/\/catolicasmexico.com\/blog\/?p=2827"},"modified":"2014-04-14T15:58:20","modified_gmt":"2014-04-14T20:58:20","slug":"peru-lider-del-lobby-gay-revela-que-matrimonio-es-primer-paso-de-agenda-homosexual","status":"publish","type":"post","link":"http:\/\/catolicasmexico.com\/blog\/peru-lider-del-lobby-gay-revela-que-matrimonio-es-primer-paso-de-agenda-homosexual\/","title":{"rendered":"Per\u00fa: L\u00edder del lobby gay revela que \u201cmatrimonio\u201d es primer paso de agenda homosexual"},"content":{"rendered":"<p><a href=\"http:\/\/catolicasmexico.com\/blog\/wp-content\/uploads\/2014\/04\/20140414-171031.jpg\"><img src=\"http:\/\/catolicasmexico.com\/blog\/wp-content\/uploads\/2014\/04\/20140414-171031.jpg\" alt=\"20140414-171031.jpg\" class=\"alignnone size-full\"  \/> <\/a><\/p>\n<p>Captura de pantalla de Facebook de Jorge Alberto Ch\u00e1vez Reyes. Fuente: Parejas Reales<\/p>\n<p>El director del Diario de Lima Gay y ex presidente del movimiento homosexual de Lima (mhol), Jorge Alberto Ch\u00e1vez Reyes, revel\u00f3 a trav\u00e9s de su cuenta en la red social Facebook que la campa\u00f1a por la aprobaci\u00f3n legal de la \u201cuni\u00f3n civil\u201d de personas homosexuales -develada como un \u201cmatrimonio\u201d gay encubierto- es solo el primer paso en su agenda, en la que seguir\u00eda la adopci\u00f3n de ni\u00f1os.<\/p>\n<p>Tras publicar una imagen en la que se lee \u201cla uni\u00f3n civil es entre dos personas adultas y no tiene que ver con la adopci\u00f3n\u201d, Ch\u00e1vez Reyes fue criticado por Claudia Salazar Jim\u00e9nez, una de sus seguidoras en su perfil de Facebook, quien le increp\u00f3 que \u201centiendo que sea estrat\u00e9gico, pero me preocupa usarlo como argumento ahora. \u00bfQu\u00e9 pasar\u00e1 entonces cuando comience el proceso por el matrimonio igualitario?\u201d.<\/p>\n<p>El dirigente del lobby gay admiti\u00f3 entonces que \u201cel proyecto (de \u201cuni\u00f3n civil\u201d) fue hecho expresamente para poder ser aceptable a los conservadores. La idea es una lucha a la vez\u201d.<\/p>\n<p>Salazar Jim\u00e9nez le replic\u00f3 que \u201centiendo muy bien eso. Pero una cosa es ir paso a paso (lo cual est\u00e1 muy bien), y otra es seguir la l\u00f3gica del p\u00e1nico de los sectores conservadores\u201d, a lo que Jorge Alberto Ch\u00e1vez Reyes le indic\u00f3 que \u201ccreo que tienes raz\u00f3n\u201d.<\/p>\n<p>Recientemente entrevistado por Canal N, \u00d3scar Escalante, portavoz de la plataforma pro familia Parejas Reales, pidi\u00f3 a los promotores de la \u201cuni\u00f3n civil\u201d que sinceren el debate y reconozcan que lo que buscan es un \u201cmatrimonio\u201d, lo cual atenta contra la Constituci\u00f3n peruana, que reconoce a este solo como la uni\u00f3n de un hombre y una mujer.<\/p>\n<p>El art\u00edculo 4 de la Constituci\u00f3n, indic\u00f3 Escalante, establece que \u201ces el deber del Estado y la sociedad de defender y promover el matrimonio natural, conformado entre var\u00f3n y mujer, como una instituci\u00f3n natural y anterior al Estado\u201d.<\/p>\n<p>Por ello, dijo, la plataforma Parejas Reales es favorable a la idea de realizar un refer\u00e9ndum, en el cual la poblaci\u00f3n peruana exprese su parecer sobre el \u201cmatrimonio\u201d gay.<\/p>\n<p>Una encuesta realizada por la empresa CPI, en noviembre de 2013, indic\u00f3 que m\u00e1s del 70 por ciento de peruanos se oponen al proyecto de ley del \u201cmatrimonio\u201d gay encubierto.<\/p>\n","protected":false},"excerpt":{"rendered":"<p>Captura de pantalla de Facebook de Jorge Alberto Ch\u00e1vez Reyes. Fuente: Parejas Reales El director del Diario de Lima Gay y ex presidente del movimiento homosexual de Lima (mhol), Jorge Alberto Ch\u00e1vez Reyes, revel\u00f3 a trav\u00e9s de su cuenta en la red social Facebook que la campa\u00f1a por la aprobaci\u00f3n legal de la \u201cuni\u00f3n civil\u201d [&hellip;]<\/p>\n","protected":false},"author":2,"featured_media":2826,"comment_status":"open","ping_status":"open","sticky":false,"template":"","format":"standard","meta":{"spay_email":"","jetpack_publicize_message":"","jetpack_is_tweetstorm":false},"categories":[15,70,11,52],"tags":[719,79,726],"aioseo_notices":[],"jetpack_featured_media_url":"http:\/\/catolicasmexico.com\/blog\/wp-content\/uploads\/2014\/04\/20140414-171031.jpg","jetpack_publicize_connections":[],"jetpack_shortlink":"https:\/\/wp.me\/p3B5XH-JB","jetpack-related-posts":[{"id":1372,"url":"http:\/\/catolicasmexico.com\/blog\/los-peruanos-no-votaran-por-los-candidatos-que-apoyen-aborto-y-matrimonio-gay\/","url_meta":{"origin":2827,"position":0},"title":"Los Peruanos no votar\u00e1n por  los candidatos que apoyen aborto y \u201cmatrimonio\u201d gay","date":"24 julio 2013","format":false,"excerpt":"Este reportaje, de ACI prensa, muestra que el pueblo peruano est\u00e1 en contra del aborto,el matrimonio gay y la legalizaci\u00f3n de la droga. Adem\u00e1s nos muestra los objetivos del grupo seudocat\u00f3lico CDD la divisi\u00f3n, la confusi\u00f3n entre los cat\u00f3licos y la promoci\u00f3n de la promiscuidad y del aborto. LIMA, 23\u2026","rel":"","context":"En \u00abAborto\u00bb","img":{"alt_text":"","src":"https:\/\/i2.wp.com\/catolicasmexico.com\/blog\/wp-content\/uploads\/2013\/07\/20130724-094157.jpg?resize=350%2C200","width":350,"height":200},"classes":[]},{"id":1701,"url":"http:\/\/catolicasmexico.com\/blog\/un-juez-federal-obliga-al-estado-de-chihuahua-a-registrar-legalmente-un-matrimonio-homosexual\/","url_meta":{"origin":2827,"position":1},"title":"Un juez federal obliga al estado de Chihuahua a registrar legalmente un \u00abmatrimonio\u00bb homosexual","date":"26 agosto 2013","format":false,"excerpt":"Art\u00edculo de AGENCIALA VOZ. Edici\u00f3n y comentario www.catolicasmexico.com (\u00bfAlguien puede explicarnos porque leyes abyectas, son pronunciadas en el mundo, solo por el gusto y el inter\u00e9s de unos cuantos? Objetando los nuevos derechos del individuo, se esta destruyendo a la sociedad. Sabemos, por experiencia que el paso siguiente ser\u00e1 el\u2026","rel":"","context":"En \u00abHomosexualidad\u00bb","img":{"alt_text":"","src":"","width":0,"height":0},"classes":[]},{"id":2048,"url":"http:\/\/catolicasmexico.com\/blog\/contundente-70-3-de-peruanos-se-oponen-a-la-union-civil-del-mismo-sexo\/","url_meta":{"origin":2827,"position":2},"title":"CONTUNDENTE: 70.3% de peruanos se oponen a la Uni\u00f3n Civil del Mismo Sexo","date":"11 noviembre 2013","format":false,"excerpt":"LIMA.- La gran mayoria de encuestados por la compa\u00f1\u00eda CPI se mostr\u00f3 en desacuerdo con la uni\u00f3n civil entre personas del mismo sexo.A la pregunta de \"\u00bfEst\u00e1 usted de acuerdo o en desacuerdo con la uni\u00f3n civil entre parejas del mismo g\u00e9nero para que tengan los mismos derechos de un\u2026","rel":"","context":"En \u00abHomosexualidad\u00bb","img":{"alt_text":"","src":"","width":0,"height":0},"classes":[]},{"id":1077,"url":"http:\/\/catolicasmexico.com\/blog\/la-activista-lesbiana-masha-gessen-reconoce-que-el-proposito-del-lobby-gay-es-destruir-el-matrimonio\/","url_meta":{"origin":2827,"position":3},"title":"La activista lesbiana Masha Gessen reconoce que el prop\u00f3sito del lobby gay es destruir el matrimonio.","date":"4 julio 2013","format":false,"excerpt":"Comentario de www.catolicasmexico.com Ahora que se abri\u00f3 la puerta al supuesto matrimonio gay, el siguiente paso es la poligamia, llamada poliamor, en donde varios individuos conviven en una especie de comunidad. Las elites pensantes de este pa\u00eds, han comenzado a exponer el tema en las universidades como la conferencia en\u2026","rel":"","context":"En \u00abEspa\u00f1a\u00bb","img":{"alt_text":"","src":"","width":0,"height":0},"classes":[]},{"id":2019,"url":"http:\/\/catolicasmexico.com\/blog\/agenda-gay-avanza-en-mexicoreconocen-concubinato-de-una-pareja-homosexual-en-yucatan\/","url_meta":{"origin":2827,"position":4},"title":"Agenda gay avanza en Mexico:Reconocen concubinato de una pareja homosexual en Yucat\u00e1n .","date":"5 noviembre 2013","format":false,"excerpt":"MEXICO.-Los agrupaciones pro-derechos humanos Indignaci\u00f3n y Oasis San Juan de Dios dieron a conocer que el 15 de agosto anterior, Carlos y Jos\u00e9 presentaron ante el Juzgado Tercero Mixto de lo Civil y Familiar del Primer Departamento Judicial del estado, con sede en Motul, unas diligencias de jurisdicci\u00f3n voluntaria para\u2026","rel":"","context":"En \u00abHomosexualidad\u00bb","img":{"alt_text":"","src":"https:\/\/i0.wp.com\/catolicasmexico.com\/blog\/wp-content\/uploads\/2013\/11\/20131105-113302.jpg?resize=350%2C200","width":350,"height":200},"classes":[]},{"id":1009,"url":"http:\/\/catolicasmexico.com\/blog\/nancy-pelosi-gracias-a-dios-por-el-matrimonio-homosexual\/","url_meta":{"origin":2827,"position":5},"title":"Nancy Pelosi: 'gracias a Dios' por el 'matrimonio' homosexual","date":"3 julio 2013","format":false,"excerpt":"Por Ben Johnson Jue 27 de junio de 2013 10:00 EST \u00a0 WASHINGTON, D.C., 27 de junio de 2013 (LifeSiteNews.com) \u2013 Entre los que celebraron las sentencias de los dos casos de la Corte Suprema que favorecen la agenda pol\u00edtica homosexual est\u00e1 la ex presidenta de la c\u00e1mara, Nancy Pelosi,\u2026","rel":"","context":"En \u00abEEUU\u00bb","img":{"alt_text":"","src":"https:\/\/i2.wp.com\/catolicasmexico.com\/blog\/wp-content\/uploads\/2013\/07\/Nacy-Pelosi.jpeg?resize=350%2C200","width":350,"height":200},"classes":[]}],"jetpack_likes_enabled":false,"jetpack_sharing_enabled":true,"_links":{"self":[{"href":"http:\/\/catolicasmexico.com\/blog\/wp-json\/wp\/v2\/posts\/2827"}],"collection":[{"href":"http:\/\/catolicasmexico.com\/blog\/wp-json\/wp\/v2\/posts"}],"about":[{"href":"http:\/\/catolicasmexico.com\/blog\/wp-json\/wp\/v2\/types\/post"}],"author":[{"embeddable":true,"href":"http:\/\/catolicasmexico.com\/blog\/wp-json\/wp\/v2\/users\/2"}],"replies":[{"embeddable":true,"href":"http:\/\/catolicasmexico.com\/blog\/wp-json\/wp\/v2\/comments?post=2827"}],"version-history":[{"count":1,"href":"http:\/\/catolicasmexico.com\/blog\/wp-json\/wp\/v2\/posts\/2827\/revisions"}],"predecessor-version":[{"id":2828,"href":"http:\/\/catolicasmexico.com\/blog\/wp-json\/wp\/v2\/posts\/2827\/revisions\/2828"}],"wp:featuredmedia":[{"embeddable":true,"href":"http:\/\/catolicasmexico.com\/blog\/wp-json\/wp\/v2\/media\/2826"}],"wp:attachment":[{"href":"http:\/\/catolicasmexico.com\/blog\/wp-json\/wp\/v2\/media?parent=2827"}],"wp:term":[{"taxonomy":"category","embeddable":true,"href":"http:\/\/catolicasmexico.com\/blog\/wp-json\/wp\/v2\/categories?post=2827"},{"taxonomy":"post_tag","embeddable":true,"href":"http:\/\/catolicasmexico.com\/blog\/wp-json\/wp\/v2\/tags?post=2827"}],"curies":[{"name":"wp","href":"https:\/\/api.w.org\/{rel}","templated":true}]}}