{"id":2817,"date":"2014-04-11T16:58:19","date_gmt":"2014-04-11T21:58:19","guid":{"rendered":"http:\/\/catolicasmexico.com\/blog\/?p=2817"},"modified":"2014-04-11T16:58:20","modified_gmt":"2014-04-11T21:58:20","slug":"urgente-pedimos-oraciones-y-sacrificios-por-la-vida-de-un-bebe-de-tres-meses-y-una-semana","status":"publish","type":"post","link":"http:\/\/catolicasmexico.com\/blog\/urgente-pedimos-oraciones-y-sacrificios-por-la-vida-de-un-bebe-de-tres-meses-y-una-semana\/","title":{"rendered":"Urgente: pedimos oraciones y sacrificios por la vida de un beb\u00e9 de tres meses y una semana"},"content":{"rendered":"<p><a href=\"http:\/\/catolicasmexico.com\/blog\/wp-content\/uploads\/2014\/04\/20140411-181017.jpg\"><img src=\"http:\/\/catolicasmexico.com\/blog\/wp-content\/uploads\/2014\/04\/20140411-181017.jpg\" alt=\"20140411-181017.jpg\" class=\"alignnone size-full\"  \/> <\/a><\/p>\n<p>Hoy en la vigilia de los 40 d\u00edas por la vida se present\u00f3 una joven llamada Paola, despu\u00e9s de visitar la cl\u00ednica de aborto Morgantaler, desesperada pidi\u00f3 nuestra ayuda,  pues su madre la presiona para abortar.  Ella sabe que el aborto es el peor de los pecados y que ser\u00eda un error, mas no tiene trabajo y su novio de origen rumano, se encuentra en una situaci\u00f3n precaria.<br \/>\nPedimos oraciones fervientes y sacrificios por esta pareja, pero sobre todo por este ser indefenso, para que un d\u00eda pueda ver la luz del d\u00eda.<br \/>\nPor ella y por todas la madres del mundo roguemos al Se\u00f1or Misericordia.<br \/>\nEn el Se\u00f1or Jesus.<\/p>\n","protected":false},"excerpt":{"rendered":"<p>Hoy en la vigilia de los 40 d\u00edas por la vida se present\u00f3 una joven llamada Paola, despu\u00e9s de visitar la cl\u00ednica de aborto Morgantaler, desesperada pidi\u00f3 nuestra ayuda, pues su madre la presiona para abortar. Ella sabe que el aborto es el peor de los pecados y que ser\u00eda un error, mas no tiene [&hellip;]<\/p>\n","protected":false},"author":2,"featured_media":2816,"comment_status":"open","ping_status":"open","sticky":false,"template":"","format":"standard","meta":{"spay_email":"","jetpack_publicize_message":"","jetpack_is_tweetstorm":false},"categories":[8,9,84,27],"tags":[85,340],"aioseo_notices":[],"jetpack_featured_media_url":"http:\/\/catolicasmexico.com\/blog\/wp-content\/uploads\/2014\/04\/20140411-181017.jpg","jetpack_publicize_connections":[],"jetpack_shortlink":"https:\/\/wp.me\/p3B5XH-Jr","jetpack-related-posts":[{"id":2866,"url":"http:\/\/catolicasmexico.com\/blog\/pedimos-oraciones-y-sacificios-por-la-vida-de-un-bebe\/","url_meta":{"origin":2817,"position":0},"title":"Pedimos oraciones y sacificios por la vida de un bebe.","date":"29 abril 2014","format":false,"excerpt":"Pedimos oraciones fervorosas, sacrificios y mandas, por la vida de un bebe y su madre, anteriormente referida, de origen rumano, 29 a\u00f1os, madre de otros dos ni\u00f1os y forzada a realizar un aborto por su propia madre. El d\u00eda de ayer se comunic\u00f3 con una persona del grupo de oradores,\u2026","rel":"","context":"En \u00abAborto\u00bb","img":{"alt_text":"","src":"https:\/\/i1.wp.com\/catolicasmexico.com\/blog\/wp-content\/uploads\/2014\/04\/20140429-084840.jpg?resize=350%2C200","width":350,"height":200},"classes":[]},{"id":1699,"url":"http:\/\/catolicasmexico.com\/blog\/pedimos-oraciones-por-yolanda-y-su-hija-recien-nacida\/","url_meta":{"origin":2817,"position":1},"title":"Pedimos oraciones por Yolanda y su hija reci\u00e9n nacida.","date":"26 agosto 2013","format":false,"excerpt":"Pedimos sus oraciones, por Yolanda, una valiente mujer que di\u00f3 a luz el d\u00eda s\u00e1bado. Yolanda pens\u00f3 en el aborto, pues ten\u00eda ya tres otros de corta edad, pero gracia a la intervenci\u00f3n divina, unas personas pro-vida la convencieron de seguir con su embarazo, le dieron su apoyo y amistad.\u2026","rel":"","context":"En \u00abEmbarazo\u00bb","img":{"alt_text":"","src":"","width":0,"height":0},"classes":[]},{"id":4884,"url":"http:\/\/catolicasmexico.com\/blog\/4884-2\/","url_meta":{"origin":2817,"position":2},"title":"Pedimos oraciones por una mujer que piensa abortar su beb\u00e9 de 7 meses.","date":"25 septiembre 2019","format":false,"excerpt":"Publicaci\u00f3n del blog de Augustin Hamilton (Campagne Quebec Vie)- Foto: StockSnap \/ Pixabay Laura Klassen, del grupo pro vida Choice42, pide nuestras oraciones por una mujer que piensa tener un aborto, Laura public\u00f3 en su cuenta de Twitter: \u201cLes pido sus oraciones por una canadiense que planea ir a Colorado\u2026","rel":"","context":"Entrada similar","img":{"alt_text":"","src":"https:\/\/i0.wp.com\/catolicasmexico.com\/blog\/wp-content\/uploads\/2019\/09\/9736F721-1E6A-4938-8811-7F2B858B540E.jpeg?resize=350%2C200","width":350,"height":200},"classes":[]},{"id":2756,"url":"http:\/\/catolicasmexico.com\/blog\/decidio-la-vida-en-el-primer-embarazo-en-el-segundo-la-muerte\/","url_meta":{"origin":2817,"position":3},"title":"Decidi\u00f3 dar la vida en el primer embarazo, en el segundo la muerte","date":"20 marzo 2014","format":false,"excerpt":"Pedimos sus oraciones por Gabriela, una chica que conocimos y que ha sentido en carne propia el horror del aborto, sus hijos no est\u00e1n bautizados,pidamos al Se\u00f1or para que la ilumine. Amen Soy Gabriela tengo 32 a\u00f1os, mi familia es de muy bajos recursos,no tengo mucha preparaci\u00f3n me embarac\u00e9 a\u2026","rel":"","context":"En \u00abAborto\u00bb","img":{"alt_text":"","src":"https:\/\/i1.wp.com\/catolicasmexico.com\/blog\/wp-content\/uploads\/2014\/03\/20140320-103746.jpg?resize=350%2C200","width":350,"height":200},"classes":[]},{"id":782,"url":"http:\/\/catolicasmexico.com\/blog\/un-rescate-logrado-a-base-del-poder-infinito-de-la-oracion\/","url_meta":{"origin":2817,"position":4},"title":"Un rescate logrado a base del poder infinito de la oracion.","date":"10 junio 2013","format":false,"excerpt":"Testimonio. La semana pasada, una persona del grupo de oraci\u00f3n pro-vida, nos escribi\u00f3, para pedir, oraciones intensivas, para que una madre de tres ni\u00f1os que quer\u00eda abortar a su cuarto hijo, desistiera de esta idea. Su nombre es Yolanda y tiene una ni\u00f1a y dos varones, el m\u00e1s peque\u00f1o cuenta\u2026","rel":"","context":"En \u00abAborto\u00bb","img":{"alt_text":"","src":"","width":0,"height":0},"classes":[]},{"id":4055,"url":"http:\/\/catolicasmexico.com\/blog\/el-poder-de-la-oracion-celebran-la-clausura-de-un-centro-de-aborto-con-27-anos-de-existencia\/","url_meta":{"origin":2817,"position":5},"title":"\u00a1EL PODER DE LA ORACION!... Celebran la clausura de un centro de aborto con 27 a\u00f1os de existencia.","date":"26 octubre 2015","format":false,"excerpt":"Noticia de www.lifesnews.com traduccion y edici\u00f3n libre CM En Virginia una comunidad celebra una victoria esta semana; algunos pensaban que este centro de aborto que permaneci\u00f3 abierto por 27 a\u00f1os nunca iba a cerrar. Gracias a Dios los l\u00edderes locales de la vigilia de 40 d\u00edas por la vida en\u2026","rel":"","context":"En \u00ab40 D\u00edas por la vida\u00bb","img":{"alt_text":"","src":"https:\/\/i2.wp.com\/catolicasmexico.com\/blog\/wp-content\/uploads\/2015\/10\/IMG_0321.png?resize=350%2C200","width":350,"height":200},"classes":[]}],"jetpack_likes_enabled":false,"jetpack_sharing_enabled":true,"_links":{"self":[{"href":"http:\/\/catolicasmexico.com\/blog\/wp-json\/wp\/v2\/posts\/2817"}],"collection":[{"href":"http:\/\/catolicasmexico.com\/blog\/wp-json\/wp\/v2\/posts"}],"about":[{"href":"http:\/\/catolicasmexico.com\/blog\/wp-json\/wp\/v2\/types\/post"}],"author":[{"embeddable":true,"href":"http:\/\/catolicasmexico.com\/blog\/wp-json\/wp\/v2\/users\/2"}],"replies":[{"embeddable":true,"href":"http:\/\/catolicasmexico.com\/blog\/wp-json\/wp\/v2\/comments?post=2817"}],"version-history":[{"count":1,"href":"http:\/\/catolicasmexico.com\/blog\/wp-json\/wp\/v2\/posts\/2817\/revisions"}],"predecessor-version":[{"id":2818,"href":"http:\/\/catolicasmexico.com\/blog\/wp-json\/wp\/v2\/posts\/2817\/revisions\/2818"}],"wp:featuredmedia":[{"embeddable":true,"href":"http:\/\/catolicasmexico.com\/blog\/wp-json\/wp\/v2\/media\/2816"}],"wp:attachment":[{"href":"http:\/\/catolicasmexico.com\/blog\/wp-json\/wp\/v2\/media?parent=2817"}],"wp:term":[{"taxonomy":"category","embeddable":true,"href":"http:\/\/catolicasmexico.com\/blog\/wp-json\/wp\/v2\/categories?post=2817"},{"taxonomy":"post_tag","embeddable":true,"href":"http:\/\/catolicasmexico.com\/blog\/wp-json\/wp\/v2\/tags?post=2817"}],"curies":[{"name":"wp","href":"https:\/\/api.w.org\/{rel}","templated":true}]}}