{"id":2811,"date":"2014-04-09T15:38:38","date_gmt":"2014-04-09T20:38:38","guid":{"rendered":"http:\/\/catolicasmexico.com\/blog\/?p=2811"},"modified":"2014-04-09T15:41:55","modified_gmt":"2014-04-09T20:41:55","slug":"asi-destruye-a-la-gente-la-ideologia-de-genero-la-realidad-estremecedora-de-su-inventor-john-money","status":"publish","type":"post","link":"http:\/\/catolicasmexico.com\/blog\/asi-destruye-a-la-gente-la-ideologia-de-genero-la-realidad-estremecedora-de-su-inventor-john-money\/","title":{"rendered":"As\u00ed destruye a la gente la ideolog\u00eda de g\u00e9nero: la realidad estremecedora de su inventor, John Money"},"content":{"rendered":"<p>Del sitio\u00a0http:\/\/www.religionenlibertad.com\/<\/p>\n<p><a href=\"http:\/\/catolicasmexico.com\/blog\/wp-content\/uploads\/2014\/04\/money.jpg\"><img data-attachment-id=\"2814\" data-permalink=\"http:\/\/catolicasmexico.com\/blog\/asi-destruye-a-la-gente-la-ideologia-de-genero-la-realidad-estremecedora-de-su-inventor-john-money\/money\/\" data-orig-file=\"http:\/\/catolicasmexico.com\/blog\/wp-content\/uploads\/2014\/04\/money.jpg\" data-orig-size=\"485,315\" data-comments-opened=\"1\" data-image-meta=\"{&quot;aperture&quot;:&quot;0&quot;,&quot;credit&quot;:&quot;&quot;,&quot;camera&quot;:&quot;&quot;,&quot;caption&quot;:&quot;&quot;,&quot;created_timestamp&quot;:&quot;0&quot;,&quot;copyright&quot;:&quot;&quot;,&quot;focal_length&quot;:&quot;0&quot;,&quot;iso&quot;:&quot;0&quot;,&quot;shutter_speed&quot;:&quot;0&quot;,&quot;title&quot;:&quot;&quot;,&quot;orientation&quot;:&quot;0&quot;}\" data-image-title=\"money\" data-image-description=\"\" data-medium-file=\"http:\/\/catolicasmexico.com\/blog\/wp-content\/uploads\/2014\/04\/money-300x195.jpg\" data-large-file=\"http:\/\/catolicasmexico.com\/blog\/wp-content\/uploads\/2014\/04\/money.jpg\" class=\"alignleft size-medium wp-image-2814\" alt=\"money\" src=\"http:\/\/catolicasmexico.com\/blog\/wp-content\/uploads\/2014\/04\/money-300x194.jpg\" width=\"300\" height=\"194\" srcset=\"http:\/\/catolicasmexico.com\/blog\/wp-content\/uploads\/2014\/04\/money-300x194.jpg 300w, http:\/\/catolicasmexico.com\/blog\/wp-content\/uploads\/2014\/04\/money-150x150.jpg 150w\" sizes=\"100vw\" \/> <\/a><\/p>\n<p>La Editorial San Pablo en Italia, catorce a\u00f1os desp\u00faes de su publicaci\u00f3n en ingl\u00e9s en el a\u00f1o 2000, ha traducido y publicado\u00a0<em><strong>As Nature Made Him. The Boy Who Was Raised as a Girl<\/strong><\/em>\u00a0(\u201c<em>Como la naturaleza lo hizo. El ni\u00f1o que creci\u00f3 como una ni\u00f1a<\/em>\u201d).<\/p>\n<p>&nbsp;<\/p>\n<p><iframe loading=\"lazy\" src=\"\/\/www.youtube.com\/embed\/bV0NbRDqyzc?list=PL53bmKra1OcAuopMAsztyI44_m3bPMN6W\" height=\"315\" width=\"560\" allowfullscreen=\"\" frameborder=\"0\"><\/iframe><\/p>\n","protected":false},"excerpt":{"rendered":"<p>Del sitio\u00a0http:\/\/www.religionenlibertad.com\/ La Editorial San Pablo en Italia, catorce a\u00f1os desp\u00faes de su publicaci\u00f3n en ingl\u00e9s en el a\u00f1o 2000, ha traducido y publicado\u00a0As Nature Made Him. The Boy Who Was Raised as a Girl\u00a0(\u201cComo la naturaleza lo hizo. El ni\u00f1o que creci\u00f3 como una ni\u00f1a\u201d). &nbsp;<\/p>\n","protected":false},"author":5,"featured_media":2814,"comment_status":"open","ping_status":"open","sticky":false,"template":"","format":"standard","meta":{"spay_email":"","jetpack_publicize_message":"","jetpack_is_tweetstorm":false},"categories":[12,95,21],"tags":[],"aioseo_notices":[],"jetpack_featured_media_url":"http:\/\/catolicasmexico.com\/blog\/wp-content\/uploads\/2014\/04\/money.jpg","jetpack_publicize_connections":[],"jetpack_shortlink":"https:\/\/wp.me\/p3B5XH-Jl","jetpack-related-posts":[{"id":2488,"url":"http:\/\/catolicasmexico.com\/blog\/en-francia-la-ideologia-de-genero-impuesta-por-el-gobierno-hollande-comienza-a-dar-frutos\/","url_meta":{"origin":2811,"position":0},"title":"En Francia la ideolog\u00eda de genero impuesta por el gobierno Hollande, comienza a dar frutos.","date":"31 enero 2014","format":false,"excerpt":"Articulo de Religi\u00f3n en libertad. Su hijo le pide una mu\u00f1eca adoctrinado por el comisario de g\u00e9nero de la escuela: \u00abEs una dictadura\u00bb - La actriz Frigide Barjot, figura carism\u00e1tica de las movilizaciones contra el \u2018matrimonio\u2019 gay en Francia, public\u00f3 en su p\u00e1gina web (http:\/\/frigidebarjot.com) el interesante testimonio de S\u00e9bastien\u2026","rel":"","context":"En \u00abEducaci\u00f3n\u00bb","img":{"alt_text":"","src":"https:\/\/i0.wp.com\/catolicasmexico.com\/blog\/wp-content\/uploads\/2014\/01\/20140131-102443.jpg?resize=350%2C200","width":350,"height":200},"classes":[]},{"id":446,"url":"http:\/\/catolicasmexico.com\/blog\/no-habra-cambios-en-la-ley-de-registro-civil-de-sexo-a-genero-asegura-angel-vilema\/","url_meta":{"origin":2811,"position":1},"title":"No habr\u00e1 cambios en la Ley de Registro Civil de sexo a g\u00e9nero, asegura \u00c1ngel Vilema","date":"23 mayo 2013","format":false,"excerpt":"Dijo que la decisi\u00f3n de Movimiento PAIS es mantener lo que actualmente establece la normativa legal El vicepresidente de la Comisi\u00f3n de Gobiernos Aut\u00f3nomos, \u00c1ngel Vilema indic\u00f3 que en los pr\u00f3ximos d\u00edas se tendr\u00e1 listo el informe para segundo debate del proyecto de Ley Reformatoria a la Ley de Registro\u2026","rel":"","context":"En \u00abTeor\u00eda de g\u00e9nero\u00bb","img":{"alt_text":"","src":"https:\/\/i2.wp.com\/catolicasmexico.com\/blog\/wp-content\/uploads\/2013\/05\/image-28.jpeg?resize=350%2C200","width":350,"height":200},"classes":[]},{"id":1443,"url":"http:\/\/catolicasmexico.com\/blog\/la-administracion-obama-obliga-al-distrito-escolar-a-autorizar-que-una-adolescente-use-el-bano-de-las-duchas-y-los-dormitorios-de-varones\/","url_meta":{"origin":2811,"position":2},"title":"La administraci\u00f3n OBAMA obliga  al distrito escolar a autorizar  que una adolescente use el ba\u00f1o de las duchas y los dormitorios de varones.","date":"29 julio 2013","format":false,"excerpt":"ARCADIA, CA, 25 de julio de 2013 (LifeSiteNews.com) Traducci\u00f3n y edici\u00f3n libre Monica Y.A. de www.catolicasmexico.com El Departamento de Justicia del gobierno de Obama ha presionado a una escuela distrital de California para permitir que una estudiante de primer a\u00f1o de secundaria que es anat\u00f3micamente femenino y que se identifica\u2026","rel":"","context":"En \u00abEEUU\u00bb","img":{"alt_text":"","src":"","width":0,"height":0},"classes":[]},{"id":2798,"url":"http:\/\/catolicasmexico.com\/blog\/en-australia-los-jueces-dictaminan-ni-hombre-ni-mujer-la-creacion-del-tercer-sexo\/","url_meta":{"origin":2811,"position":3},"title":"En Australia los jueces dictaminan :Ni hombre ni mujer: la creaci\u00f3n del tercer sexo","date":"3 abril 2014","format":false,"excerpt":"Fuente clarin.com 02\/04\/14 - 11:41 La Alta Corte de Australia decidi\u00f3 hoy que una persona puede ser reconocida por el Estado Civil como perteneciente a un \"g\u00e9nero neutro\", ni masculino ni femenino, convirtiendo a este pa\u00eds en uno de los pocos que reconocen un tercer sexo. La principal jurisdicci\u00f3n australiana\u2026","rel":"","context":"En \u00abHomosexualidad\u00bb","img":{"alt_text":"","src":"https:\/\/i0.wp.com\/catolicasmexico.com\/blog\/wp-content\/uploads\/2014\/04\/20140403-125520.jpg?resize=350%2C200","width":350,"height":200},"classes":[]},{"id":2616,"url":"http:\/\/catolicasmexico.com\/blog\/no-nuestros-hijos-no-pertenecen-al-estado\/","url_meta":{"origin":2811,"position":4},"title":"\u00a1No, nuestros hijos no pertenecen al estado!","date":"19 febrero 2014","format":false,"excerpt":"Del sitio www.cqv.cq.ca original del sitio traducci\u00f3n y edici\u00f3n libre www.catolicas mexico.com 1.\u00a1 No, nuestros hijos no pertenecen al estado! 2.\u00a1 No, rechazamos la prohibici\u00f3n de educaci\u00f3n en el hogar! 3.\u00a1No, rechazamos las escuelas que por estar fuera de contrato, el d\u00eda de ma\u00f1ana ser\u00e1n clausuradas.! 4.\u00a1 No, nos negamos\u2026","rel":"","context":"En \u00abEducaci\u00f3n\u00bb","img":{"alt_text":"","src":"","width":0,"height":0},"classes":[]},{"id":4334,"url":"http:\/\/catolicasmexico.com\/blog\/quebec-canada-estudiantes-que-quieran-cambiar-de-sexo-podran-vestirse-como-nina-o-nino-cambiar-de-nombre-apellido-y-mas\/","url_meta":{"origin":2811,"position":5},"title":"Qu\u00e9bec, Canad\u00e1: estudiantes que quieran cambiar de sexo, podr\u00e1n vestirse como ni\u00f1a o ni\u00f1o, cambiar de nombre, apellido y m\u00e1s...","date":"31 marzo 2016","format":false,"excerpt":"Quebec, vive las consecuencias de la ideolog\u00eda de g\u00e9nero. Es incre\u00edble. La junta escolar de Montreal (MDSC) decidi\u00f3 que todos los estudiantes que quieran cambiar de sexo, pueden vestirse como ni\u00f1a o ni\u00f1o en base a sus deseos, escoger d\u00f3nde quieren hacer deporte con ni\u00f1os o con ni\u00f1as, donde se\u2026","rel":"","context":"En \u00abCanada.\u00bb","img":{"alt_text":"","src":"https:\/\/i2.wp.com\/catolicasmexico.com\/blog\/wp-content\/uploads\/2016\/03\/IMG_0505.png?resize=350%2C200","width":350,"height":200},"classes":[]}],"jetpack_likes_enabled":false,"jetpack_sharing_enabled":true,"_links":{"self":[{"href":"http:\/\/catolicasmexico.com\/blog\/wp-json\/wp\/v2\/posts\/2811"}],"collection":[{"href":"http:\/\/catolicasmexico.com\/blog\/wp-json\/wp\/v2\/posts"}],"about":[{"href":"http:\/\/catolicasmexico.com\/blog\/wp-json\/wp\/v2\/types\/post"}],"author":[{"embeddable":true,"href":"http:\/\/catolicasmexico.com\/blog\/wp-json\/wp\/v2\/users\/5"}],"replies":[{"embeddable":true,"href":"http:\/\/catolicasmexico.com\/blog\/wp-json\/wp\/v2\/comments?post=2811"}],"version-history":[{"count":3,"href":"http:\/\/catolicasmexico.com\/blog\/wp-json\/wp\/v2\/posts\/2811\/revisions"}],"predecessor-version":[{"id":2815,"href":"http:\/\/catolicasmexico.com\/blog\/wp-json\/wp\/v2\/posts\/2811\/revisions\/2815"}],"wp:featuredmedia":[{"embeddable":true,"href":"http:\/\/catolicasmexico.com\/blog\/wp-json\/wp\/v2\/media\/2814"}],"wp:attachment":[{"href":"http:\/\/catolicasmexico.com\/blog\/wp-json\/wp\/v2\/media?parent=2811"}],"wp:term":[{"taxonomy":"category","embeddable":true,"href":"http:\/\/catolicasmexico.com\/blog\/wp-json\/wp\/v2\/categories?post=2811"},{"taxonomy":"post_tag","embeddable":true,"href":"http:\/\/catolicasmexico.com\/blog\/wp-json\/wp\/v2\/tags?post=2811"}],"curies":[{"name":"wp","href":"https:\/\/api.w.org\/{rel}","templated":true}]}}