{"id":2787,"date":"2014-03-31T15:24:07","date_gmt":"2014-03-31T21:24:07","guid":{"rendered":"http:\/\/catolicasmexico.com\/blog\/?p=2787"},"modified":"2014-03-31T15:24:08","modified_gmt":"2014-03-31T21:24:08","slug":"piden-frenar-abominable-crimen-del-aborto-en-mexico","status":"publish","type":"post","link":"http:\/\/catolicasmexico.com\/blog\/piden-frenar-abominable-crimen-del-aborto-en-mexico\/","title":{"rendered":"Piden frenar abominable crimen del aborto en M\u00e9xico"},"content":{"rendered":"<p><a href=\"http:\/\/catolicasmexico.com\/blog\/wp-content\/uploads\/2014\/03\/20140331-173545.jpg\"><img src=\"http:\/\/catolicasmexico.com\/blog\/wp-content\/uploads\/2014\/03\/20140331-173545.jpg\" alt=\"20140331-173545.jpg\" class=\"alignnone size-full\"  \/> <\/a><\/p>\n<p>Imagen referencial. Foto: Raphael Lopes Bernardino (CC BY-NY-SA 2.0)<\/p>\n<p>M\u00c9XICO D.F., 30 Mar. 14 \/ 10:30 pm (ACI\/EWTN Noticias).- En el marco de la festividad de Nuestra Se\u00f1ora de la Encarnaci\u00f3n, celebrada hace unos d\u00edas en M\u00e9xico, diversas organizaciones pro vida, convocadas por el movimiento social cat\u00f3lico \u201cUni\u00f3n de Voluntades\u201d,  se dieron cita en el exterior del recinto de la Asamblea Legislativa del Distrito Federal (ALDF) para rezar el \u201cRosario por la vida\u201d.<\/p>\n<p>El 25 de marzo solicitaron a los diputados capitalinos derogar la \u201cley del aborto\u201d que ha hasta el momento ha cobrado la vida de 120 mil vidas de ni\u00f1os y ni\u00f1as.<\/p>\n<p>Seg\u00fan se\u00f1ala el SIAME, a casi siete a\u00f1os de la legalizaci\u00f3n del aborto en la Ciudad de M\u00e9xico, instaurada en el 24 de abril de 2007, \u201cesta ley ha cobrado m\u00e1s vidas que la violencia aquejada por el crimen organizado\u201d, revel\u00f3 el ingeniero Guillermo Bustamante, Coordinador de \u2018Uni\u00f3n de Voluntades\u2019.<\/p>\n<p>\u201cRespetuosa y pac\u00edficamente venimos a decirle \u2018s\u00ed a la vida y no al aborto\u2019,  y a  presentar nuestra inconformidad como sociedad con la supuesta ley que viola todo tipo de derechos, la cual ha imposibilitado que se reconozca y respete, como la propia ciencia lo ha hecho, el don de la vida desde el momento de su concepci\u00f3n\u201d, expres\u00f3 Bustamante.<\/p>\n<p>Por ello solicit\u00f3 a los diputados de los distintos partidos pol\u00edticos, PRI y PAN y en especial al Lic. Manuel Granados, coordinador del PRD en la ALDF, revocar esta \u201csupuesta ley\u201d promovida por la cultura de la muerte y presentar una iniciativa como ya lo han hecho 18 de los Congresos de 18 Estados de la Rep\u00fablica Mexicana.<\/p>\n<p>\u00abDebe ser el propio PRD que revoque esta ley ya que ellos fueron los precursores de esta legalizaci\u00f3n que fomenta el crimen de los m\u00e1s indefensos y se detenga este \u2018abominable crimen\u2019 como lo es el aborto\u201d, asegur\u00f3.<\/p>\n<p>Bajo el amparo de la Virgen de Guadalupe, integrantes de \u2018Casa Emilia\u2019, \u2018Vida que da vida\u2019, \u2018Derechos del Concebido\u2019 y \u2018Vida fest\u2019, elevaron sus oraciones y s\u00faplicas a Dios para que haya una pronta conciencia moral y espiritual entre los gobernantes de la Ciudad de M\u00e9xico y todo el pa\u00eds.<\/p>\n<p>\u201cEs un derecho que no se le puede negar a todo ser humano, nadie tiene el don de darla o quitarla, s\u00f3lo Dios\u201d manifest\u00f3 Teresa Iturralde.<\/p>\n<p>\u201c\u00a1Vida s\u00ed, aborto no!, \u00a1Que la ley proteja la vida y no la muerte!\u201d, fueron algunas de las consignas que gritaron a una sola voz las personas que se dieron cita en este recinto.<\/p>\n","protected":false},"excerpt":{"rendered":"<p>Imagen referencial. Foto: Raphael Lopes Bernardino (CC BY-NY-SA 2.0) M\u00c9XICO D.F., 30 Mar. 14 \/ 10:30 pm (ACI\/EWTN Noticias).- En el marco de la festividad de Nuestra Se\u00f1ora de la Encarnaci\u00f3n, celebrada hace unos d\u00edas en M\u00e9xico, diversas organizaciones pro vida, convocadas por el movimiento social cat\u00f3lico \u201cUni\u00f3n de Voluntades\u201d, se dieron cita en el [&hellip;]<\/p>\n","protected":false},"author":2,"featured_media":2786,"comment_status":"open","ping_status":"open","sticky":false,"template":"","format":"standard","meta":{"spay_email":"","jetpack_publicize_message":"","jetpack_is_tweetstorm":false},"categories":[9,27,57,14,26],"tags":[718,362,727,51],"aioseo_notices":[],"jetpack_featured_media_url":"http:\/\/catolicasmexico.com\/blog\/wp-content\/uploads\/2014\/03\/20140331-173545.jpg","jetpack_publicize_connections":[],"jetpack_shortlink":"https:\/\/wp.me\/p3B5XH-IX","jetpack-related-posts":[{"id":2235,"url":"http:\/\/catolicasmexico.com\/blog\/mexico-el-movimiento-pro-familia-y-pro-vida-celebra-la-victoria-por-la-vida-en-coahuila\/","url_meta":{"origin":2787,"position":0},"title":"M\u00e9xico: El Movimiento Pro familia y Pro-vida celebra la Victoria por la vida en Coahuila .","date":"16 diciembre 2013","format":false,"excerpt":"MEXICO.-(AGENCIALAVOZ) Expresiones de diputados del PRI como \"estoy en contra de esta iniciativa, yo estoy a favor de la vida\", de Jos\u00e9 Luis Moreno, o \"esta iniciativa pretende legalizar el asesinato\", de Fernando de la Fuente y \"que quede claro que el Partido Verde se opone al aborto en nuestro\u2026","rel":"","context":"En \u00abAborto\u00bb","img":{"alt_text":"","src":"","width":0,"height":0},"classes":[]},{"id":2972,"url":"http:\/\/catolicasmexico.com\/blog\/que-mexico-viva-nuevo-leon-ama-la-vida-y-en-guerrero-la-propuesta-de-ley-proaborto-es-congelada\/","url_meta":{"origin":2787,"position":1},"title":"\u00a1Que M\u00e9xico Viva!...\u00a1Nuevo Le\u00f3n Ama la Vida\u2026 ! y En Guerrero la propuesta de ley proaborto es congelada.","date":"29 mayo 2014","format":false,"excerpt":"Nuevo Le\u00f3n en M\u00e9xico blinda la vida contra el aborto y en Guerrero el proyecto de ley de pro-aborto es detenida. M\u00e9xico: Congreso de Guerrero cancela debate sobre ley pro aborto M\u00c9XICO D.F., 15 May. 14 \/ 08:35 pm (ACI).- El Congreso del estado de Guerrero en M\u00e9xico cancel\u00f3 la\u2026","rel":"","context":"En \u00abAborto\u00bb","img":{"alt_text":"","src":"https:\/\/i0.wp.com\/catolicasmexico.com\/blog\/wp-content\/uploads\/2014\/05\/20140529-225747.jpg?resize=350%2C200","width":350,"height":200},"classes":[]},{"id":2859,"url":"http:\/\/catolicasmexico.com\/blog\/marcha-por-la-vida-en-mexico-este-sabado\/","url_meta":{"origin":2787,"position":2},"title":"Marcha por la Vida en M\u00e9xico este s\u00e1bado","date":"26 abril 2014","format":false,"excerpt":"M\u00c9XICO D.F., 26 Abr. 13 \/ 04:12 pm (ACI\/EWTN Noticias).- Miles de personas marchar\u00e1n este s\u00e1bado 27 de abril en el Distrito Federal en M\u00e9xico, para exigir la derogaci\u00f3n de la ley que permite el aborto que fue aprobada por la Asamblea legislativa del pa\u00eds hace seis a\u00f1os y que\u2026","rel":"","context":"En \u00abAborto\u00bb","img":{"alt_text":"","src":"https:\/\/i0.wp.com\/catolicasmexico.com\/blog\/wp-content\/uploads\/2014\/04\/20140426-091046.jpg?resize=350%2C200","width":350,"height":200},"classes":[]},{"id":1889,"url":"http:\/\/catolicasmexico.com\/blog\/mexico-este-sabado-28-de-septiembre-gran-marcha-en-contra-del-aborto-en-puebla\/","url_meta":{"origin":2787,"position":3},"title":"M\u00e9xico: Este s\u00e1bado 28 de Septiembre Gran Marcha en contra del aborto en puebla","date":"25 septiembre 2013","format":false,"excerpt":"El pr\u00f3ximo S\u00e1bado 28 de septiembre de 2013 se llevar\u00e1 a cabo en la ciudad de Puebla, M\u00e9xico, una marcha en contra del aborto y su legalizaci\u00f3n en el Estado. Dicha marcha partir\u00e1 de cuatro puntos de la ciudad, que son: El Gallito, frente al Templo de Nuestra se\u00f1ora de\u2026","rel":"","context":"En \u00abAborto\u00bb","img":{"alt_text":"","src":"","width":0,"height":0},"classes":[]},{"id":2004,"url":"http:\/\/catolicasmexico.com\/blog\/pro-familias-y-pro-vida-de-peru-organizan-caminata-masiva-de-oracion-y-ayuno-por-chile-y-mexico\/","url_meta":{"origin":2787,"position":4},"title":"Pro familias y pro-vida de Per\u00fa : organizan caminata masiva de oraci\u00f3n y ayuno por Chile y M\u00e9xico","date":"3 noviembre 2013","format":false,"excerpt":"Todo el mundo esta al corriente de que en M\u00e9xico est\u00e1 por aprobarse esta ley, salvo los propios mexicanos, tenemos que unirnos y luchar por nuestro pa\u00eds, pues son nuestros hijos los que ser\u00e1n afectados con tan abominable y abyecta ley. ESPA\u00d1A.-(AGENCIALAVOZ) El pastor Jos\u00e9 Linares Cer\u00f3n Presidente de Ciprofam\u2026","rel":"","context":"En \u00abAborto\u00bb","img":{"alt_text":"","src":"","width":0,"height":0},"classes":[]},{"id":2881,"url":"http:\/\/catolicasmexico.com\/blog\/gran-marcha-provida-en-la-ciudad-de-puebla-mexico\/","url_meta":{"origin":2787,"position":5},"title":"Gran marcha provida en la ciudad de Puebla, Mexico.","date":"6 mayo 2014","format":false,"excerpt":"El movimiento de amor San Juan Diego de Italia, La Fundaci\u00f3n Santa Faz de Jesucristo A.C y el movimiento Maria por la vida invita a todos los cat\u00f3licos que est\u00e9n comprometidos con la vida a la marcha por la vida que se llevar\u00e1 a cabo este 17 de mayo a\u2026","rel":"","context":"En \u00abAborto\u00bb","img":{"alt_text":"","src":"https:\/\/i2.wp.com\/catolicasmexico.com\/blog\/wp-content\/uploads\/2014\/05\/20140506-102419.jpg?resize=350%2C200","width":350,"height":200},"classes":[]}],"jetpack_likes_enabled":false,"jetpack_sharing_enabled":true,"_links":{"self":[{"href":"http:\/\/catolicasmexico.com\/blog\/wp-json\/wp\/v2\/posts\/2787"}],"collection":[{"href":"http:\/\/catolicasmexico.com\/blog\/wp-json\/wp\/v2\/posts"}],"about":[{"href":"http:\/\/catolicasmexico.com\/blog\/wp-json\/wp\/v2\/types\/post"}],"author":[{"embeddable":true,"href":"http:\/\/catolicasmexico.com\/blog\/wp-json\/wp\/v2\/users\/2"}],"replies":[{"embeddable":true,"href":"http:\/\/catolicasmexico.com\/blog\/wp-json\/wp\/v2\/comments?post=2787"}],"version-history":[{"count":1,"href":"http:\/\/catolicasmexico.com\/blog\/wp-json\/wp\/v2\/posts\/2787\/revisions"}],"predecessor-version":[{"id":2788,"href":"http:\/\/catolicasmexico.com\/blog\/wp-json\/wp\/v2\/posts\/2787\/revisions\/2788"}],"wp:featuredmedia":[{"embeddable":true,"href":"http:\/\/catolicasmexico.com\/blog\/wp-json\/wp\/v2\/media\/2786"}],"wp:attachment":[{"href":"http:\/\/catolicasmexico.com\/blog\/wp-json\/wp\/v2\/media?parent=2787"}],"wp:term":[{"taxonomy":"category","embeddable":true,"href":"http:\/\/catolicasmexico.com\/blog\/wp-json\/wp\/v2\/categories?post=2787"},{"taxonomy":"post_tag","embeddable":true,"href":"http:\/\/catolicasmexico.com\/blog\/wp-json\/wp\/v2\/tags?post=2787"}],"curies":[{"name":"wp","href":"https:\/\/api.w.org\/{rel}","templated":true}]}}