{"id":278,"date":"2013-05-12T19:10:51","date_gmt":"2013-05-13T00:10:51","guid":{"rendered":"http:\/\/catolicasmexico.com\/blog\/?p=278"},"modified":"2013-05-12T19:12:31","modified_gmt":"2013-05-13T00:12:31","slug":"marcha-por-la-vida-en-italia","status":"publish","type":"post","link":"http:\/\/catolicasmexico.com\/blog\/marcha-por-la-vida-en-italia\/","title":{"rendered":"Marcha por la vida en Italia."},"content":{"rendered":"<p lang=\"es-ES\">Este domingo 12 de mayo, en Roma, los italianos, cada vez en mayor n\u00famero, salen a la calle y alzan su voz por los m\u00e1s indefensos. Si est\u00e1s en Roma esos d\u00edas suma tu voz por los ni\u00f1os en el seno materno y por sus madres.<\/p>\n<p lang=\"es-ES\">\u00a0<a href=\"http:\/\/catolicasmexico.com\/blog\/wp-content\/uploads\/2013\/05\/image-131.jpeg\"><img data-attachment-id=\"280\" data-permalink=\"http:\/\/catolicasmexico.com\/blog\/marcha-por-la-vida-en-italia\/image-13-2\/\" data-orig-file=\"http:\/\/catolicasmexico.com\/blog\/wp-content\/uploads\/2013\/05\/image-131.jpeg\" data-orig-size=\"480,360\" data-comments-opened=\"1\" data-image-meta=\"{&quot;aperture&quot;:&quot;0&quot;,&quot;credit&quot;:&quot;&quot;,&quot;camera&quot;:&quot;&quot;,&quot;caption&quot;:&quot;&quot;,&quot;created_timestamp&quot;:&quot;0&quot;,&quot;copyright&quot;:&quot;&quot;,&quot;focal_length&quot;:&quot;0&quot;,&quot;iso&quot;:&quot;0&quot;,&quot;shutter_speed&quot;:&quot;0&quot;,&quot;title&quot;:&quot;&quot;,&quot;orientation&quot;:&quot;0&quot;}\" data-image-title=\"image (13)\" data-image-description=\"\" data-medium-file=\"http:\/\/catolicasmexico.com\/blog\/wp-content\/uploads\/2013\/05\/image-131-300x225.jpeg\" data-large-file=\"http:\/\/catolicasmexico.com\/blog\/wp-content\/uploads\/2013\/05\/image-131.jpeg\" class=\"alignnone size-full wp-image-280\" title=\"image (13)\" src=\"http:\/\/catolicasmexico.com\/blog\/wp-content\/uploads\/2013\/05\/image-131.jpeg\" alt=\"\" width=\"480\" height=\"360\" srcset=\"http:\/\/catolicasmexico.com\/blog\/wp-content\/uploads\/2013\/05\/image-131.jpeg 480w, http:\/\/catolicasmexico.com\/blog\/wp-content\/uploads\/2013\/05\/image-131-300x225.jpeg 300w, http:\/\/catolicasmexico.com\/blog\/wp-content\/uploads\/2013\/05\/image-131-150x150.jpeg 150w\" sizes=\"100vw\" \/> <\/a><\/p>\n<p>REDACCI\u00d3N HO.- La manifestaci\u00f3n por la vida estar\u00e1\u00a0<strong>precedida<\/strong>, la v\u00edspera,\u00a0<strong>por una conferencia en el Ateneo Pontificio Regina Apostolorum<\/strong>\u00a0y una\u00a0<strong>vigilia de oraci\u00f3n en la Bas\u00edlica de los Santos Ap\u00f3stoles<\/strong>, la\u00a0<a href=\"http:\/\/www.marciaperlavita.it\/\" target=\"_blank\"><strong>Marcha por la Vida<\/strong><\/a>\u00a0partir\u00e1 a las\u00a0<strong>9 de la ma\u00f1ana<\/strong>\u00a0desde el\u00a0<strong>Coliseo<\/strong>\u00a0y terminar\u00e1 en el Castillo de Sant&#8217;Angelo.<strong><\/strong><\/p>\n<p lang=\"es-ES\"><strong>Una\u00a0<a href=\"http:\/\/www.hazteoir.org\/evento\/51155-italiaho-y-dav-marcia-nazionale-vita-roma\" target=\"_blank\">delegaci\u00f3n de HO se prepara ya<\/a>\u00a0con entusiasmo para participar en la<\/strong>\u00a0<a href=\"http:\/\/www.marciaperlavita.it\/\" target=\"_blank\"><strong><em>Marcia Nazionale per la Vita<\/em><\/strong><\/a>.<\/p>\n<p lang=\"es-ES\">El presidente de la Academia Pontificia para la Vida, Monse\u00f1or\u00a0<strong>Carrasco de Paula<\/strong>, expres\u00f3 que\u00a0<strong>\u00abla Iglesia apoya las marchas en todo el mundo\u00bb<\/strong>, y anim\u00f3 a sumarse para crear una gran voz que diga \u00abno al aborto y no a la ley 194, que en treinta a\u00f1os ha causado m\u00e1s de cinco millones de muertes\u00bb en Italia.<\/p>\n<p lang=\"es-ES\"><strong>Al evento<\/strong>\u00a0<strong>de la<\/strong>\u00a0<a href=\"http:\/\/www.hazteoir.org\/evento\/51155-italiaho-y-dav-marcia-nazionale-vita-roma\" target=\"_blank\"><strong>Marcha de Roma<\/strong><\/a>\u00a0tambi\u00e9n asistir\u00e1 el cardenal estadounidense\u00a0<strong>Leo Raymond Burke<\/strong>\u00a0que en una entrevista a\u00a0<em><a href=\"http:\/\/lifenews.com\/\" target=\"_blank\">LifeNews.com<\/a><\/em>\u00a0expres\u00f3: \u00abCreo que\u00a0<strong>en algunos lugares hay una gran vacilaci\u00f3n por parte de los prelados<\/strong>\u00a0a participar en manifestaciones p\u00fablicas como si esto fuese percibido como una especie de actividad pol\u00edtica que un sacerdote no debiera tener\u00bb pero Burke aclar\u00f3 que las manifestaciones por la vida \u00abno son manifestaciones pol\u00edticas o partidistas de tal o cual candidato\u00bb sino que es la defensa de la vida que es sagrada, un bien que nos afecta a todos.<\/p>\n","protected":false},"excerpt":{"rendered":"<p>Este domingo 12 de mayo, en Roma, los italianos, cada vez en mayor n\u00famero, salen a la calle y alzan su voz por los m\u00e1s indefensos. Si est\u00e1s en Roma esos d\u00edas suma tu voz por los ni\u00f1os en el seno materno y por sus madres. \u00a0 REDACCI\u00d3N HO.- La manifestaci\u00f3n por la vida estar\u00e1\u00a0precedida, [&hellip;]<\/p>\n","protected":false},"author":2,"featured_media":280,"comment_status":"open","ping_status":"open","sticky":false,"template":"","format":"standard","meta":{"spay_email":"","jetpack_publicize_message":"","jetpack_is_tweetstorm":false},"categories":[9,14,26],"tags":[],"aioseo_notices":[],"jetpack_featured_media_url":"http:\/\/catolicasmexico.com\/blog\/wp-content\/uploads\/2013\/05\/image-131.jpeg","jetpack_publicize_connections":[],"jetpack_shortlink":"https:\/\/wp.me\/p3B5XH-4u","jetpack-related-posts":[{"id":311,"url":"http:\/\/catolicasmexico.com\/blog\/20-mil-marcharon-en-roma-por-la-vida-y-contra-el-aborto\/","url_meta":{"origin":278,"position":0},"title":"20 mil marcharon en Roma por la vida y contra el aborto","date":"14 mayo 2013","format":false,"excerpt":"ROMA, 13 May. 13 \/ 12:29 pm (ACI\/EWTN Noticias).- M\u00e1s de 20 mil personas, entre italianos y extranjeros, salieron ayer a las calles de Roma (Italia) en un ambiente festivo para participar de la tercera Marcha por la\u00a0Vida, en la que se pidi\u00f3 respetar este derecho humano inalienable y para\u2026","rel":"","context":"En \u00abAborto\u00bb","img":{"alt_text":"","src":"https:\/\/i2.wp.com\/catolicasmexico.com\/blog\/wp-content\/uploads\/2013\/05\/ppbebevientre03042013.jpg?resize=350%2C200","width":350,"height":200},"classes":[]},{"id":2435,"url":"http:\/\/catolicasmexico.com\/blog\/gran-marcha-por-la-vida-en-ee-uu\/","url_meta":{"origin":278,"position":1},"title":"Gran Marcha por la Vida en EE.UU.","date":"23 enero 2014","format":false,"excerpt":"La Gran Marcha por la Vida del 22 de enero (Foto ACI Prensa) WASHINGTON D.C., 23 Ene. 14 \/ 12:32 pm (ACI\/EWTN Noticias).- Las bajas temperaturas registradas en los Estados Unidos no fueron impedimento para que miles de personas participaran ayer de la Marcha Nacional por la Vida en Washington\u2026","rel":"","context":"En \u00abAborto\u00bb","img":{"alt_text":"","src":"https:\/\/i2.wp.com\/catolicasmexico.com\/blog\/wp-content\/uploads\/2014\/01\/20140123-132232.jpg?resize=350%2C200","width":350,"height":200},"classes":[]},{"id":334,"url":"http:\/\/catolicasmexico.com\/blog\/papa-sorprende-a-los-participantes-de-la-marcha-por-la-vida-en-roma\/","url_meta":{"origin":278,"position":2},"title":"Papa sorprende a los participantes de la marcha por la vida en Roma","date":"15 mayo 2013","format":false,"excerpt":"VATICANO, 13 May. 13 \/ 08:19 pm (ACI\/EWTN Noticias).- Gran sorpresa se llevaron los participantes de la tercera Marcha por la\u00a0Vida\u00a0en Roma, el domingo 12 de mayo, cuando al finalizar su recorrido hasta el Castillo San Angelo, vieron aproximarse hasta la primera cuadra de la Via della Conciliazione al Papa\u2026","rel":"","context":"En \u00abAborto\u00bb","img":{"alt_text":"","src":"https:\/\/i2.wp.com\/catolicasmexico.com\/blog\/wp-content\/uploads\/2013\/05\/image-20.jpeg?resize=350%2C200","width":350,"height":200},"classes":[]},{"id":402,"url":"http:\/\/catolicasmexico.com\/blog\/el-vaticano-ofrecera-conferencia-mundial-provida-y-misa-papal\/","url_meta":{"origin":278,"position":3},"title":"El Vaticano ofrecer\u00e1 conferencia mundial provida y misa papal","date":"20 mayo 2013","format":false,"excerpt":"Por Austin Ruse ROMA, 17 de mayo (C-FAM) Los provida contuvieron el aliento el d\u00eda en el que el mundo recibi\u00f3 al nuevo Papa. No cuestionaban sus credenciales a favor de la vida, pero se preguntaban si su discurso ser\u00eda en\u00e9rgico. Pronto surgi\u00f3 una vieja cita y las inquietudes se\u2026","rel":"","context":"En \u00abAborto\u00bb","img":{"alt_text":"","src":"https:\/\/i2.wp.com\/catolicasmexico.com\/blog\/wp-content\/uploads\/2013\/05\/image-30.jpeg?resize=350%2C200","width":350,"height":200},"classes":[]},{"id":3766,"url":"http:\/\/catolicasmexico.com\/blog\/25-000-marchan-por-la-vida-en-el-parlamento-de-canada\/","url_meta":{"origin":278,"position":4},"title":"25 000 marchan por la vida en el Parlamento de Canad\u00e1","date":"18 mayo 2015","format":false,"excerpt":"14 de mayo, 2015 (LifeSiteNews) - Cuarenta y seis a\u00f1os despu\u00e9s de que Canad\u00e1 legaliz\u00f3 la matanza de ni\u00f1os en el vientre, casi 25.000 personas se manifestaron en el Parlamento en Ottawa con un mensaje a los canadienses y particularmente a los miembros del parlamento: \"Que la vida gane!\" Organizado\u2026","rel":"","context":"En \u00abAborto\u00bb","img":{"alt_text":"","src":"https:\/\/i1.wp.com\/catolicasmexico.com\/blog\/wp-content\/uploads\/2015\/05\/20150518-103341.jpg?resize=350%2C200","width":350,"height":200},"classes":[]},{"id":2839,"url":"http:\/\/catolicasmexico.com\/blog\/marcha-por-la-vida-en-colombia-este-17-de-mayo\/","url_meta":{"origin":278,"position":5},"title":"Marcha por la vida en Colombia este 17 de mayo.","date":"21 abril 2014","format":false,"excerpt":"Colombia: Anuncian Marcha por la Vida a ocho a\u00f1os de despenalizaci\u00f3n del aborto BOGOT\u00c1, 21 Abr. 14 \/ 03:40 am (ACI\/EWTN Noticias).- Las organizaciones defensoras de la vida en Colombia anunciaron para el 17 de mayo la realizaci\u00f3n de la 8 Marcha por la Vida, conmemorando los 8 a\u00f1os de\u2026","rel":"","context":"En \u00abAborto\u00bb","img":{"alt_text":"","src":"https:\/\/i1.wp.com\/catolicasmexico.com\/blog\/wp-content\/uploads\/2014\/04\/20140421-120317.jpg?resize=350%2C200","width":350,"height":200},"classes":[]}],"jetpack_likes_enabled":false,"jetpack_sharing_enabled":true,"_links":{"self":[{"href":"http:\/\/catolicasmexico.com\/blog\/wp-json\/wp\/v2\/posts\/278"}],"collection":[{"href":"http:\/\/catolicasmexico.com\/blog\/wp-json\/wp\/v2\/posts"}],"about":[{"href":"http:\/\/catolicasmexico.com\/blog\/wp-json\/wp\/v2\/types\/post"}],"author":[{"embeddable":true,"href":"http:\/\/catolicasmexico.com\/blog\/wp-json\/wp\/v2\/users\/2"}],"replies":[{"embeddable":true,"href":"http:\/\/catolicasmexico.com\/blog\/wp-json\/wp\/v2\/comments?post=278"}],"version-history":[{"count":4,"href":"http:\/\/catolicasmexico.com\/blog\/wp-json\/wp\/v2\/posts\/278\/revisions"}],"predecessor-version":[{"id":284,"href":"http:\/\/catolicasmexico.com\/blog\/wp-json\/wp\/v2\/posts\/278\/revisions\/284"}],"wp:featuredmedia":[{"embeddable":true,"href":"http:\/\/catolicasmexico.com\/blog\/wp-json\/wp\/v2\/media\/280"}],"wp:attachment":[{"href":"http:\/\/catolicasmexico.com\/blog\/wp-json\/wp\/v2\/media?parent=278"}],"wp:term":[{"taxonomy":"category","embeddable":true,"href":"http:\/\/catolicasmexico.com\/blog\/wp-json\/wp\/v2\/categories?post=278"},{"taxonomy":"post_tag","embeddable":true,"href":"http:\/\/catolicasmexico.com\/blog\/wp-json\/wp\/v2\/tags?post=278"}],"curies":[{"name":"wp","href":"https:\/\/api.w.org\/{rel}","templated":true}]}}