{"id":2750,"date":"2014-03-19T09:51:12","date_gmt":"2014-03-19T15:51:12","guid":{"rendered":"http:\/\/catolicasmexico.com\/blog\/?p=2750"},"modified":"2014-03-19T09:51:12","modified_gmt":"2014-03-19T15:51:12","slug":"hoy-la-iglesia-celebra-a-san-jose-el-castisimo-esposo-de-la-virgen-maria","status":"publish","type":"post","link":"http:\/\/catolicasmexico.com\/blog\/hoy-la-iglesia-celebra-a-san-jose-el-castisimo-esposo-de-la-virgen-maria\/","title":{"rendered":"Hoy la Iglesia celebra a San Jos\u00e9, el cast\u00edsimo esposo de la Virgen Mar\u00eda"},"content":{"rendered":"<p><a href=\"http:\/\/catolicasmexico.com\/blog\/wp-content\/uploads\/2014\/03\/20140319-1202221.jpg\"><img src=\"http:\/\/catolicasmexico.com\/blog\/wp-content\/uploads\/2014\/03\/20140319-1202221.jpg\" alt=\"20140319-120222.jpg\" class=\"alignnone size-full\"  \/> <\/a><\/p>\n<p>LIMA, 19 Mar. 14 \/ 12:04 am (ACI).- Hoy 19 de marzo la Iglesia Universal celebra la fiesta del verdadero esposo virginal de la Madre de Dios, San Jos\u00e9, el padre adoptivo de Jesucristo, el var\u00f3n prudente y justo que con paternal amor cuida al mundo entero.<\/p>\n<p>San Jos\u00e9 desde la eternidad, fue preparado por Dios para ser el protector y custodio de Mar\u00eda y su hijo amado, como lo se\u00f1ala el Beato Juan Pablo II en la Exhortaci\u00f3n Apost\u00f3lica Redemptoris Custos \u201cSan Jos\u00e9 ha sido llamado por Dios para servir directamente a la persona y a la misi\u00f3n de Jes\u00fas mediante el ejercicio de su paternidad; de este modo \u00e9l coopera en la plenitud de los tiempos en el gran misterio de la redenci\u00f3n y es verdaderamente \u00b4ministro de la salvaci\u00f3n\u00a8\u201d.<\/p>\n<p>Este documento escrito con el fin de destacar la figura y la misi\u00f3n de San Jos\u00e9 en la vida de Cristo y de la Iglesia, tambi\u00e9n se\u00f1ala que la vida de este casto var\u00f3n fue una peregrinaci\u00f3n de fe que se demuestra en su obediencia.<\/p>\n<p>San Jos\u00e9, el padre y patr\u00f3n de todos los cat\u00f3licos, se caracteriza porque su vida y trabajo fue pura expresi\u00f3n de amor a Dios, tambi\u00e9n es conocido como patr\u00f3n de los obreros y patr\u00f3n de la buena muerte pues muri\u00f3 junto a Jes\u00fas y Mar\u00eda.<\/p>\n<p>En la Carta Enc\u00edclica del Papa Le\u00f3n XIII de 1889, llamada Quamquam Pluries, se lee que \u201clas razones por las que el bienaventurado Jos\u00e9 debe ser considerado especial patrono de la Iglesia, y por las que a su vez, la Iglesia espera much\u00edsimo de su tutela y patrocinio, nacen principalmente del hecho de que \u00e9l es el esposo de Mar\u00eda y padre putativo de Jes\u00fas. De estas fuentes ha manado su dignidad, su santidad, su gloria\u201d.<\/p>\n","protected":false},"excerpt":{"rendered":"<p>LIMA, 19 Mar. 14 \/ 12:04 am (ACI).- Hoy 19 de marzo la Iglesia Universal celebra la fiesta del verdadero esposo virginal de la Madre de Dios, San Jos\u00e9, el padre adoptivo de Jesucristo, el var\u00f3n prudente y justo que con paternal amor cuida al mundo entero. San Jos\u00e9 desde la eternidad, fue preparado por [&hellip;]<\/p>\n","protected":false},"author":2,"featured_media":2749,"comment_status":"open","ping_status":"open","sticky":false,"template":"","format":"standard","meta":{"spay_email":"","jetpack_publicize_message":"","jetpack_is_tweetstorm":false},"categories":[15,13,197],"tags":[357,358],"aioseo_notices":[],"jetpack_featured_media_url":"http:\/\/catolicasmexico.com\/blog\/wp-content\/uploads\/2014\/03\/20140319-1202221.jpg","jetpack_publicize_connections":[],"jetpack_shortlink":"https:\/\/wp.me\/p3B5XH-Im","jetpack-related-posts":[{"id":4814,"url":"http:\/\/catolicasmexico.com\/blog\/consagracion-a-san-jose\/","url_meta":{"origin":2750,"position":0},"title":"Consagraci\u00f3n a San Jos\u00e9.","date":"18 diciembre 2018","format":false,"excerpt":"Poderoso San Jos\u00e9 padre adoptivo de Jes\u00fas y esposo de la Bienaventurada Virgen Mar\u00eda, yo ....(aqu\u00ed se menciona nuestro nombre) os escojo como mi patr\u00f3n particular y puesto que os a escogido como el jefe de la Santa familia sobre la tierra, favor\u00e9ceme con Vuestra protecci\u00f3n ante Dios y obt\u00e9nme\u2026","rel":"","context":"En \u00abOraciones\u00bb","img":{"alt_text":"","src":"","width":0,"height":0},"classes":[]},{"id":2759,"url":"http:\/\/catolicasmexico.com\/blog\/cerca-de-mil-personas-participan-en-procesion-de-san-jose-de-la-montana-en-barcelona\/","url_meta":{"origin":2750,"position":1},"title":"Cerca de mil personas participan en procesi\u00f3n de San Jos\u00e9 de la Monta\u00f1a en Barcelona","date":"20 marzo 2014","format":false,"excerpt":"Foto: jovenesdesanjose.org MADRID, 20 Mar. 14 \/ 12:35 am (ACI\/EWTN Noticias).- El grupo J\u00f3venes de San Jos\u00e9 organiz\u00f3 el pasado 16 de marzo en Barcelona (Espa\u00f1a) una procesi\u00f3n con la imagen de San Jos\u00e9 de la Monta\u00f1a a la que acudieron casi mil personas. La procesi\u00f3n se inici\u00f3 en la\u2026","rel":"","context":"En \u00abEspa\u00f1a\u00bb","img":{"alt_text":"","src":"https:\/\/i0.wp.com\/catolicasmexico.com\/blog\/wp-content\/uploads\/2014\/03\/20140320-153002.jpg?resize=350%2C200","width":350,"height":200},"classes":[]},{"id":1526,"url":"http:\/\/catolicasmexico.com\/blog\/hoy-la-iglesia-celebra-la-fiesta-del-cura-de-ars-san-juan-maria-vianney\/","url_meta":{"origin":2750,"position":2},"title":"Hoy la Iglesia celebra la fiesta del Cura de Ars, San Juan Mar\u00eda Vianney","date":"4 agosto 2013","format":false,"excerpt":"Noticia ACI. REDACCI\u00d3N CENTRAL, 04 Ago. 13 \/ 12:01 am (ACI).- Hoy la Iglesia celebra a San Juan Bautista Mar\u00eda Vianney o Cura de Ars, por el nombre del pueblo en Francia donde sirvi\u00f3 durante 41 a\u00f1os. Fue un gran confesor, ten\u00eda el don de profec\u00eda, recib\u00eda ataques f\u00edsicos del\u2026","rel":"","context":"En \u00abFe\u00bb","img":{"alt_text":"","src":"","width":0,"height":0},"classes":[]},{"id":2701,"url":"http:\/\/catolicasmexico.com\/blog\/grave-sacrilegio-en-venezuela-destruyen-sagrario-en-iglesia-y-arrojan-hostias-consagradas\/","url_meta":{"origin":2750,"position":3},"title":"Grave sacrilegio en Venezuela: Destruyen sagrario en Iglesia y arrojan Hostias consagradas","date":"11 marzo 2014","format":false,"excerpt":"Sagrario profanado. Foto: Twitter \/ @padrenestor1945 Pedimos sus oraciones y penitencias en acto de desagravio por este acto macabro y sacr\u00edlego. Dios perdone a estas almas extraviadas. \u00a1Jesus, perdona este y todos los actos ignominiosos en tu contra! \"Dios m\u00edo, yo creo, adoro, espero y Te amo. Te pido perd\u00f3n\u2026","rel":"","context":"En \u00abataques contra la Iglesia Catolica\u00bb","img":{"alt_text":"","src":"https:\/\/i0.wp.com\/catolicasmexico.com\/blog\/wp-content\/uploads\/2014\/03\/20140311-1201071.jpg?resize=350%2C200","width":350,"height":200},"classes":[]},{"id":2217,"url":"http:\/\/catolicasmexico.com\/blog\/hoy-la-iglesia-celebra-a-la-virgen-de-guadalupe-patrona-de-america\/","url_meta":{"origin":2750,"position":4},"title":"Hoy la Iglesia celebra a la Virgen de Guadalupe, Patrona de Am\u00e9rica","date":"12 diciembre 2013","format":false,"excerpt":"LIMA, 12 Dic. 13 \/ 12:04 am (ACI).- Hoy 12 de diciembre fieles en el mundo entero festejan a Nuestra Se\u00f1ora de Guadalupe, Patrona de M\u00e9xico y Emperatriz de Am\u00e9rica, y en el marco de esta fecha el Papa Francisco se\u00f1al\u00f3 que la aparici\u00f3n de la Madre de Dios en\u2026","rel":"","context":"En \u00abFe\u00bb","img":{"alt_text":"","src":"","width":0,"height":0},"classes":[]},{"id":1766,"url":"http:\/\/catolicasmexico.com\/blog\/egipto-escuelas-iglesias-y-orfanatos-quemados-para-borrar-todo-rastro-de-presencia-cristiana\/","url_meta":{"origin":2750,"position":5},"title":"Egipto: escuelas, iglesias y orfanatos quemados para borrar todo rastro de presencia cristiana","date":"5 septiembre 2013","format":false,"excerpt":"EGIPTO.-(AGENCIALAVOZ) Despu\u00e9s de asaltar la Iglesia de San Tawadros el-Shatbi, los extremistas isl\u00e1micos armados dirigieron su atenci\u00f3n a dos hogares para ni\u00f1os desfavorecidos, situados cerca de la iglesia parroquial, seg\u00fan afirmaron los habitantes de la zona. Robaron las ofrendas de la iglesia, ropa y los juguetes de los ni\u00f1os antes\u2026","rel":"","context":"En \u00abFe\u00bb","img":{"alt_text":"","src":"https:\/\/i1.wp.com\/catolicasmexico.com\/blog\/wp-content\/uploads\/2013\/09\/20130905-130019.jpg?resize=350%2C200","width":350,"height":200},"classes":[]}],"jetpack_likes_enabled":false,"jetpack_sharing_enabled":true,"_links":{"self":[{"href":"http:\/\/catolicasmexico.com\/blog\/wp-json\/wp\/v2\/posts\/2750"}],"collection":[{"href":"http:\/\/catolicasmexico.com\/blog\/wp-json\/wp\/v2\/posts"}],"about":[{"href":"http:\/\/catolicasmexico.com\/blog\/wp-json\/wp\/v2\/types\/post"}],"author":[{"embeddable":true,"href":"http:\/\/catolicasmexico.com\/blog\/wp-json\/wp\/v2\/users\/2"}],"replies":[{"embeddable":true,"href":"http:\/\/catolicasmexico.com\/blog\/wp-json\/wp\/v2\/comments?post=2750"}],"version-history":[{"count":1,"href":"http:\/\/catolicasmexico.com\/blog\/wp-json\/wp\/v2\/posts\/2750\/revisions"}],"predecessor-version":[{"id":2751,"href":"http:\/\/catolicasmexico.com\/blog\/wp-json\/wp\/v2\/posts\/2750\/revisions\/2751"}],"wp:featuredmedia":[{"embeddable":true,"href":"http:\/\/catolicasmexico.com\/blog\/wp-json\/wp\/v2\/media\/2749"}],"wp:attachment":[{"href":"http:\/\/catolicasmexico.com\/blog\/wp-json\/wp\/v2\/media?parent=2750"}],"wp:term":[{"taxonomy":"category","embeddable":true,"href":"http:\/\/catolicasmexico.com\/blog\/wp-json\/wp\/v2\/categories?post=2750"},{"taxonomy":"post_tag","embeddable":true,"href":"http:\/\/catolicasmexico.com\/blog\/wp-json\/wp\/v2\/tags?post=2750"}],"curies":[{"name":"wp","href":"https:\/\/api.w.org\/{rel}","templated":true}]}}