{"id":274,"date":"2013-05-12T09:22:00","date_gmt":"2013-05-12T14:22:00","guid":{"rendered":"http:\/\/catolicasmexico.com\/blog\/?p=274"},"modified":"2013-05-16T16:54:51","modified_gmt":"2013-05-16T21:54:51","slug":"los-ciudadanos-denuncian-la-manipulacion-del-caso-beatriz-en-el-salvador-para-promover-la-legalizacion-del-aborto","status":"publish","type":"post","link":"http:\/\/catolicasmexico.com\/blog\/los-ciudadanos-denuncian-la-manipulacion-del-caso-beatriz-en-el-salvador-para-promover-la-legalizacion-del-aborto\/","title":{"rendered":"Los ciudadanos denuncian la manipulaci\u00f3n del \u00abcaso Beatriz\u00bb, en El Salvador para promover la legalizaci\u00f3n del aborto."},"content":{"rendered":"<p>M\u00e1s de 50 organizaciones c\u00edvicas, integradas en Red Familia, denuncian la estrategia de presi\u00f3n abortista y ofrecen alternativas.<\/p>\n<p>&nbsp;<\/p>\n<p>REDACCI\u00d3N HO.-\u00a0<strong>La Fundaci\u00f3n\u00a0<em>S\u00ed a la Vida<\/em>\u00a0de El Salvador traslada a Noticias HO su denuncia y preocupaci\u00f3n por el hecho de que\u00a0<a href=\"http:\/\/www.hazteoir.org\/noticia\/51423-lobby-abortista-conspira-salvador-favor-aborto\" target=\"_blank\">el caso de\u00a0<\/a><em><a href=\"http:\/\/www.hazteoir.org\/noticia\/51423-lobby-abortista-conspira-salvador-favor-aborto\" target=\"_blank\">Beatriz<\/a>\u00a0&#8211;<\/em><\/strong>nombre supuesto para salvaguardar la identidad de una joven de 22 a\u00f1os\u00a0que padece lupus e insuficiencia renal, madre de un ni\u00f1o de un a\u00f1o y\u00a0embarazada de 19 semanas de un beb\u00e9 al que le han diagnosticado anencefalia y que ha solicitado abortar-,\u00a0<strong>est\u00e1 siendo utilizado por grupos feministas y organizaciones como Amnist\u00eda Internacional con apoyos medi\u00e1ticos para presionar por la legalizaci\u00f3n del aborto\u00a0<\/strong>en este pa\u00eds iberoamericano. Una<strong>\u00a0denuncia que comparte\u00a0<\/strong><strong>Red Familia<\/strong>, liderada por la Fundaci\u00f3n S\u00ed a la Vida, y<strong>\u00a0que aglutina a m\u00e1s de 50 organizaciones en defensa de la vida y la familia en el pa\u00eds,<\/strong>\u00a0 la cual\u00a0ha mostrado p\u00fablicamente su rechazo total a que se perpetre el aborto.<\/p>\n<p>El pasado mi\u00e9rcoles,\u00a0<strong>la Sala de lo Constitucional de la Corte Suprema de Justicia (CSJ) admiti\u00f3 la demanda de amparo presentada por el apoderado legal de la joven<\/strong>, donde se solicita el aborto.\u00a0Ese mismo d\u00eda<strong>\u00a0la ministra de Salud, Mar\u00eda Isabel Rodr\u00edguez, garantiz<\/strong>\u00f3 que el Sistema de Salud est\u00e1 listo para acometer lo que denominan como\u00a0<em>\u00a0aborto terap\u00e9utico<\/em>.\u00a0<strong>El procurador de Derechos Humanos, \u00d3scar Luna, tambi\u00e9n se ha mostrado a favor<\/strong>\u00a0de que el Estado lo permita. Esto pese a que\u00a0<strong>la Constituci\u00f3n del pa\u00eds reconoce como persona \u00aba todo ser humano desde el instante de la concepci\u00f3n\u00bb, por lo que tiene el derecho a la vida, y el C\u00f3digo Penal subraya<\/strong>\u00a0que \u00abninguna persona o autoridad puede violar estos preceptos constitucionales y atentar contra la vida de un inocente cometiendo el delito de aborto\u00bb.<\/p>\n<p><strong>No hay motivo<\/strong><\/p>\n<p><strong>Red Familia s<\/strong>ostiene en cambio que<strong>\u00a0no existe raz\u00f3n alguna por la cual Beatriz deba someterse a un aborto ya que se encuentra estable.<\/strong>\u00a0\u00abElla est\u00e1 estable, est\u00e1 dispuesta a hablar, lo que queremos es su bienestar f\u00edsico y emocional, estamos tratando que se acerque a nosotros para ayudarle\u00bb, dijo al respecto Julia Regina de Cardenal, Presidenta de la Fundaci\u00f3n S\u00ed a la Vida.<\/p>\n<p>De igual forma,\u00a0<strong>Georgina de Rivas de la asociaci\u00f3n Abogados por Derechos Humanos,<\/strong>sostiene que<strong>\u00a0Beatriz est\u00e1 siendo sometida a presiones<\/strong>\u00a0que le abonan a que se le altere su enfermedad. \u00abReprobamos la pretensi\u00f3n de las autoridades que de forma maliciosa promueven interses particulares, manipulan un dato delicado que merece atenci\u00f3n medica especial\u00bb, expres\u00f3.\u00a0\u00abEsto se est\u00e1 manipulando totalmente con intenci\u00f3n. Llamamos a todos los abogados y a la poblaci\u00f3n a que se pronuncien. Los m\u00e9dicos han actuado como deb\u00edan actuar y de hecho ella (Beatriz) no andar\u00eda en la calle si estuviera en un estado de gravedad tal y como se ha difundido en las noticias\u00bb, dijo.<\/p>\n<p><img src=\"http:\/\/hazteoir.org\/sites\/default\/files\/Julia%20Regina%20de%20Cardenal.jpg\" alt=\"\" width=\"312\" height=\"276\"  \/> <\/p>\n<p>La<strong>\u00a0Fundaci\u00f3n S\u00ed a la Vida asegura que el tema se ha polemizado con la intenci\u00f3n de promover la legalizaci\u00f3n del aborto<\/strong>, que adem\u00e1s de permitir el asesinato de un beb\u00e9 tambi\u00e9n da\u00f1a la integridad f\u00edsica y emocional de la madre. \u201cLo cual est\u00e1 fuera de sentido, me parece que es incorrecto utilizar el dolor, la ansiedad que debe de estar pasando esta muchacha para promover la legalizaci\u00f3n de un delito, de un crimen\u201d, denunci\u00f3 la presidenta de la Fundaci\u00f3n S\u00ed a la Vida, Julia Regina de Cardenal.<\/p>\n<p>\u00abEs necesario aclarar que todo esto\u00a0<strong>es muy diferente a entrar a provocarle un aborto criminal destroz\u00e1ndole el ni\u00f1o en su vientre caus\u00e1ndole un trauma m\u00e1s grande a la madre.<\/strong>\u00a0Ahora bien, con esto de inducir el parto, el beb\u00e9 probablemente va a morir cuando nazca, pues no tiene posibilidades de vida.\u00a0Entonces,\u00a0<strong>\u00bfcu\u00e1l es la prisa en tratar de provocarle un aborto?\u00a0<\/strong>Lo que est\u00e1 claro es que este caso lo est\u00e1n instrumentalizando los que est\u00e1n a favor del mismo tratando de usarlo para que se legalice tal y como sucedi\u00f3 en otros pa\u00edses que han instrumentalizado casos terribles o extraordinarios para pedir la legalizaci\u00f3n del asesinato de los beb\u00e9s en el vientre de sus madres cuyas vidas no corren ning\u00fan peligro como es en este caso\u00bb, subraya De Cardenal.<\/p>\n<p><strong>El ginec\u00f3logo Carlos Mayora Escobar, representante de la Asociaci\u00f3n de Bio\u00e9tica de El Salvador,<\/strong>\u00a0respalda esta posici\u00f3n y<strong>\u00a0recomienda que Beatriz deje continuar el embarazo y que, cuando los m\u00e9dicos lo estimen conveniente, le induzcan el parto<\/strong>\u00a0por medio de ces\u00e1rea o v\u00eda vaginal.\u00a0Aunque no ha tenido acceso al expediente de la paciente ni ha podido examinarla,\u00a0el m\u00e9dico asegura que siguiendo la informaci\u00f3n facilitada la joven<strong>\u00a0tiene el lupus en etapa inactiva, lo que significa que puede medicarse sin inconvenientes<\/strong>. Sin embargo, el ni\u00f1o va a morir pocos minutos despu\u00e9s de nacer.<\/p>\n<p>\u201cEsta paciente est\u00e1 siendo muy bien manejada en el Hospital de Maternidad, la est\u00e1n vigilando cuidadosamente, le est\u00e1n monitorizando sus constantes vitales\u201d, destac\u00f3 Mayora.\u00a0La situaci\u00f3n, afirmaron,<strong>\u00a0queda en evidencia, porque la paciente est\u00e1 en su casa y no hospitalizada.\u00a0<\/strong><strong>\u201cLa realidad es que Beatriz no morir\u00e1 si recibe la atenci\u00f3n m\u00e9dica adecuada,<\/strong>\u00a0que incluye su observaci\u00f3n y cuido dentro de un centro hospitalario\u201d, detalla un comunicado de prensa distribuido por la fundaci\u00f3n.<\/p>\n<p><strong>Regina de Cardenal relat\u00f3 que despu\u00e9s de insistentes llamadas telef\u00f3nicas lograron hablar con Beatriz para ofrecerle resguardo<\/strong>\u00a0en la sede de la Fundaci\u00f3n.\u00a0Temen que la joven sea aislada en una organizaci\u00f3n feminista proaborto: \u00abcomo\u00a0<em>S\u00ed a la Vida<\/em>\u00a0estamos velando por su bienestar f\u00edsico y emocional y le ofrecemos todo nuestro apoyo no solo m\u00e9dico sino de nuestro albergue para que ella tenga todo lo que se necesite, para que ella pueda salir adelante con su vida y sin ning\u00fan problema\u00bb, declara la presidenta de la Fundaci\u00f3n.\u00a0 \u00abCreo que se ha estado filtrando informaci\u00f3n incorrecta sobre el caso de Beatriz pues se est\u00e1 manipulando, se est\u00e1 instrumentalizando este caso.\u00a0Ella es una mujer que est\u00e1 enferma y necesita todo el apoyo que se le pueda dar para que pueda salir bien de todo esto\u00bb.<\/p>\n<p><strong>Sin embargo, la joven expres\u00f3 al m\u00e9dico de la Fundaci\u00f3n con el que habl\u00f3 que la ministra de Salud le ofreci\u00f3 darle albergue<\/strong>\u00a0y cuidados en la llamada \u201cCasa de Todas\u201d.\u00a0\u201cNo s\u00e9 por qu\u00e9 raz\u00f3n se est\u00e1 escondiendo, o la esconden, no sabemos. Le ofrecemos todo\u201d, concluy\u00f3 De Cardenal. \u00abNos llama la atenci\u00f3n, pues<strong>\u00a0si se considera que el caso es tan grave, \u00bfporqu\u00e9 no se traslada a un hospital en lugar de a una casa?\u00bb.<\/strong><\/p>\n<p>&nbsp;<\/p>\n","protected":false},"excerpt":{"rendered":"<p>M\u00e1s de 50 organizaciones c\u00edvicas, integradas en Red Familia, denuncian la estrategia de presi\u00f3n abortista y ofrecen alternativas. &nbsp; REDACCI\u00d3N HO.-\u00a0La Fundaci\u00f3n\u00a0S\u00ed a la Vida\u00a0de El Salvador traslada a Noticias HO su denuncia y preocupaci\u00f3n por el hecho de que\u00a0el caso de\u00a0Beatriz\u00a0&#8211;nombre supuesto para salvaguardar la identidad de una joven de 22 a\u00f1os\u00a0que padece lupus [&hellip;]<\/p>\n","protected":false},"author":1,"featured_media":3882,"comment_status":"open","ping_status":"open","sticky":false,"template":"","format":"standard","meta":{"spay_email":"","jetpack_publicize_message":"","jetpack_is_tweetstorm":false},"categories":[9],"tags":[],"aioseo_notices":[],"jetpack_featured_media_url":"http:\/\/catolicasmexico.com\/blog\/wp-content\/uploads\/2015\/07\/Julia-Regina-de-Cardenal.jpg","jetpack_publicize_connections":[],"jetpack_shortlink":"https:\/\/wp.me\/p3B5XH-4q","jetpack-related-posts":[{"id":721,"url":"http:\/\/catolicasmexico.com\/blog\/el-salvador-beatriz-no-aborto-y-dio-a-luz-a-su-hija-con-anencefalia\/","url_meta":{"origin":274,"position":0},"title":"El Salvador: \"Beatriz\" no abort\u00f3 y dio a luz a su hija con anencefalia","date":"4 junio 2013","format":false,"excerpt":"SAN SALVADOR, 04 Jun. 13 \/ 12:15 pm (ACI\/EWTN Noticias).- \"Beatriz\" -nombre ficticio- una joven de 22 a\u00f1os que padece lupus y estaba embarazada de una ni\u00f1a con anencefalia, no se someti\u00f3 a un aborto y dio a luz a trav\u00e9s de una ces\u00e1rea ayer, alrededor del mediod\u00eda (hora de\u2026","rel":"","context":"En \u00abAborto\u00bb","img":{"alt_text":"","src":"","width":0,"height":0},"classes":[]},{"id":688,"url":"http:\/\/catolicasmexico.com\/blog\/derecho-a-vivir-critica-las-mentiras-del-lobby-del-aborto-en-caso-beatriz\/","url_meta":{"origin":274,"position":1},"title":"Derecho a Vivir critica las mentiras del lobby del aborto en caso \u201cBeatriz\u201d","date":"3 junio 2013","format":false,"excerpt":"Noticia de ETWN. \u201cBeatriz\u201d nunca quiso aborto: La estafa del lobby de la muerte. Derecho a Vivir critica las mentiras del lobby del aborto en caso \u201cBeatriz\u201d El fallo emitido por la Sala de lo Constitucional de la Corte Suprema de Justicia (CSJ) de El Salvador el 29 de mayo,\u2026","rel":"","context":"En \u00abAborto\u00bb","img":{"alt_text":"","src":"","width":0,"height":0},"classes":[]},{"id":613,"url":"http:\/\/catolicasmexico.com\/blog\/buenas-noticias-triunfo-pro-vida-la-corte-suprema-de-el-salvador-no-se-deja-enganar-por-el-supuesto-conflicto-de-intereses\/","url_meta":{"origin":274,"position":2},"title":"Buenas noticias, triunfo Pro-Vida : La Corte suprema de El salvador no se Deja  enga\u00f1ar por el supuesto \"conflicto de intereses\"","date":"30 mayo 2013","format":false,"excerpt":"El Salvador protege la vida frente al enga\u00f1o abortista. Noticia de HO. \"Los derechos de la madre no pueden privilegiarse sobre los del nasciturus\": la Corte Suprema no se amilana ante el lobby abortista, que con campa\u00f1as como la desatada por Amnist\u00eda Internacional y el IPPF manipulan el caso Beatriz\u2026","rel":"","context":"En \u00abAborto\u00bb","img":{"alt_text":"","src":"https:\/\/i1.wp.com\/catolicasmexico.com\/blog\/wp-content\/uploads\/2013\/05\/image-121.jpeg?resize=350%2C200","width":350,"height":200},"classes":[]},{"id":730,"url":"http:\/\/catolicasmexico.com\/blog\/denuncian-intento-de-aprobar-ideologia-gay-y-aborto-en-asamblea-general-de-la-oea\/","url_meta":{"origin":274,"position":3},"title":"Denuncian intento de aprobar ideolog\u00eda gay y aborto en Asamblea General de la OEA","date":"5 junio 2013","format":false,"excerpt":"GUATEMALA, 04 Jun. 13 \/ 05:42 pm (ACI\/EWTN Noticias).- Organizaciones defensoras de la vida y la familia de Guatemala denunciaron en un comunicado que en el marco de la 43 Asamblea General de la Organizaci\u00f3n de Estados Americanos (OEA), que se realiza en estos d\u00edas en ese pa\u00eds, se buscar\u00eda\u2026","rel":"","context":"En \u00abAborto\u00bb","img":{"alt_text":"","src":"","width":0,"height":0},"classes":[]},{"id":2777,"url":"http:\/\/catolicasmexico.com\/blog\/onu-y-oea-son-titeres-de-la-agenda-pro-gay-y-pro-aborto-denuncia-experta\/","url_meta":{"origin":274,"position":4},"title":"ONU y OEA son t\u00edteres de la agenda pro gay y pro aborto, denuncia experta","date":"27 marzo 2014","format":false,"excerpt":"Neydi Casillas. Foto: adfmedia.org ROMA, 26 Mar. 14 \/ 01:35 pm (ACI\/EWTN Noticias).- La abogada Neydi Casillas Padr\u00f3n, experta en monitoreo de organizaciones internacionales en temas de vida, libertad religiosa y familia, asegur\u00f3 que tanto la Organizaci\u00f3n de Naciones Unidas (ONU) y la Organizaci\u00f3n de los Estados Americanos (OEA), son\u2026","rel":"","context":"En \u00abAborto\u00bb","img":{"alt_text":"","src":"https:\/\/i1.wp.com\/catolicasmexico.com\/blog\/wp-content\/uploads\/2014\/03\/20140327-172131.jpg?resize=350%2C200","width":350,"height":200},"classes":[]},{"id":798,"url":"http:\/\/catolicasmexico.com\/blog\/irlanda-numero-record-asiste-a-la-vigilia-nacional-contra-el-aborto\/","url_meta":{"origin":274,"position":5},"title":"Irlanda: N\u00famero r\u00e9cord asiste a la vigilia nacional contra el aborto","date":"11 junio 2013","format":false,"excerpt":"Traducci\u00f3n y redacci\u00f3n libre Alejandro P. de www.catolicasmexico.com por Steven Ertelt | Dublin, Ireland | LifeNews.com Un n\u00famero r\u00e9cord de personas asistieron a la vigilia nacional por la vida en Dubl\u00edn, Irlanda para mostrar que hay un gran contingente que se opone a plan de aborto del gobierno. La vigilia\u2026","rel":"","context":"En \u00abAborto\u00bb","img":{"alt_text":"","src":"https:\/\/i2.wp.com\/catolicasmexico.com\/blog\/wp-content\/uploads\/2015\/07\/ireland24.jpg?resize=350%2C200","width":350,"height":200},"classes":[]}],"jetpack_likes_enabled":false,"jetpack_sharing_enabled":true,"_links":{"self":[{"href":"http:\/\/catolicasmexico.com\/blog\/wp-json\/wp\/v2\/posts\/274"}],"collection":[{"href":"http:\/\/catolicasmexico.com\/blog\/wp-json\/wp\/v2\/posts"}],"about":[{"href":"http:\/\/catolicasmexico.com\/blog\/wp-json\/wp\/v2\/types\/post"}],"author":[{"embeddable":true,"href":"http:\/\/catolicasmexico.com\/blog\/wp-json\/wp\/v2\/users\/1"}],"replies":[{"embeddable":true,"href":"http:\/\/catolicasmexico.com\/blog\/wp-json\/wp\/v2\/comments?post=274"}],"version-history":[{"count":3,"href":"http:\/\/catolicasmexico.com\/blog\/wp-json\/wp\/v2\/posts\/274\/revisions"}],"predecessor-version":[{"id":276,"href":"http:\/\/catolicasmexico.com\/blog\/wp-json\/wp\/v2\/posts\/274\/revisions\/276"}],"wp:featuredmedia":[{"embeddable":true,"href":"http:\/\/catolicasmexico.com\/blog\/wp-json\/wp\/v2\/media\/3882"}],"wp:attachment":[{"href":"http:\/\/catolicasmexico.com\/blog\/wp-json\/wp\/v2\/media?parent=274"}],"wp:term":[{"taxonomy":"category","embeddable":true,"href":"http:\/\/catolicasmexico.com\/blog\/wp-json\/wp\/v2\/categories?post=274"},{"taxonomy":"post_tag","embeddable":true,"href":"http:\/\/catolicasmexico.com\/blog\/wp-json\/wp\/v2\/tags?post=274"}],"curies":[{"name":"wp","href":"https:\/\/api.w.org\/{rel}","templated":true}]}}