{"id":2726,"date":"2014-03-14T12:09:45","date_gmt":"2014-03-14T18:09:45","guid":{"rendered":"http:\/\/catolicasmexico.com\/blog\/?p=2726"},"modified":"2014-03-14T12:09:46","modified_gmt":"2014-03-14T18:09:46","slug":"un-aborto-se-hace-con-el-mismo-amor-con-el-que-se-atiende-un-parto","status":"publish","type":"post","link":"http:\/\/catolicasmexico.com\/blog\/un-aborto-se-hace-con-el-mismo-amor-con-el-que-se-atiende-un-parto\/","title":{"rendered":"\u201cUn aborto se hace con el mismo amor con el que se atiende un parto\u201d."},"content":{"rendered":"<p><a href=\"http:\/\/catolicasmexico.com\/blog\/wp-content\/uploads\/2014\/03\/20140314-142043.jpg\"><img src=\"http:\/\/catolicasmexico.com\/blog\/wp-content\/uploads\/2014\/03\/20140314-142043.jpg\" alt=\"20140314-142043.jpg\" class=\"alignnone size-full\"  \/> <\/a><\/p>\n<p>Articulo de ForumLibertas.com<br \/>\nEl m\u00e9dico abortista considera que el aborto es \u201cun procedimiento tan \u00e9tico como el parto\u201d, y confiesa que abort\u00f3 a su propio nieto de su hija embarazada con 19 a\u00f1os; cuando lo agendaron \u201cme qued\u00e9 con miedo de que cambiase de idea\u201d, afirma<\/p>\n<p>ESPA\u00d1A-El peri\u00f3dico El Pa\u00eds es una de las principales cabeceras espa\u00f1olas y principal promotor del aborto en la prensa del pa\u00eds. En una entrevista reciente, del 8 de marzo retrata el negocio que esconde el aborto y sus protagonistas al entrevistar a un ginec\u00f3logo brasile\u00f1o que practica abortos clandestinos y que afirma que \u201cun aborto se hace con el mismo amor con el que se atiende un parto\u201d.<\/p>\n<p>(&#8230;)<\/p>\n<p>\u201cIgual que no lleva la cuenta de ecograf\u00edas o tratamientos contra la menopausia\u201d, seg\u00fan explica el diario, el ginec\u00f3logo tampoco sabe decir cu\u00e1ntos abortos clandestinos ha practicado. Tambi\u00e9n niega que se lucre con su actividad y se considera un activista de los derechos de las mujeres aunque cobre 3.000 reales por aborto (1.300 d\u00f3lares) en su cl\u00ednica de S\u00e3o Paulo.<\/p>\n<p>El m\u00e9dico afirma que en Brasil se realiza \u201cun mill\u00f3n de abortos por a\u00f1o y mueren cerca de 30.000 mujeres que han sufrido alguna secuela\u201d. Una estrategia que ya ha utilizado el lobby del aborto cuando ha presionado para legalizar su pr\u00e1ctica en alg\u00fan pa\u00eds: inflar las cifras del n\u00famero de abortos clandestinos, ya que no se pueden medir, y las de las presuntas mujeres fallecidas por culpa de esos abortos. En Espa\u00f1a, por ejemplo, antes de su despenalizaci\u00f3n los abortistas afirmaban que 200.000 espa\u00f1olas abortaban al a\u00f1o. La realidad es que tras su despenalizaci\u00f3n el n\u00famero fue enormemente inferior y a d\u00eda de hoy cada a\u00f1o abortan en Espa\u00f1a 110.000 mujeres.<\/p>\n<p>Este ginec\u00f3logo abortista dice creer que \u201cla interrupci\u00f3n es un procedimiento tan \u00e9tico como un parto\u201d, ya que a su juicio \u201cel Gobierno no garantiza la salud, no da educaci\u00f3n&#8230; \u00bfc\u00f3mo va a exigir que una mujer tenga m\u00e1s hijos?\u201d.<\/p>\n<p>(&#8230;)<br \/>\nEl ginec\u00f3logo afirma que su vocaci\u00f3n por los abortos clandestinos naci\u00f3 cuando dej\u00f3 embarazada con 18 a\u00f1os a su novia de 20 y la acompa\u00f1\u00f3 a abortar a \u201cun lugar horroroso\u201d. Dice que empez\u00f3 practicando abortos \u201cen los casos de malformaci\u00f3n\u201d del feto ya que considera que ese tipo de \u201cproblema\u201d \u201cacaba con la vida de pareja\u201d, casos en los que, seg\u00fan \u00e9l, \u201cni el Estado, ni la Iglesia, dan apoyo\u201d.<\/p>\n<p>\u201cUn procedimiento tan \u00e9tico como el parto\u201d<\/p>\n<p>Este ginec\u00f3logo an\u00f3nimo considera el aborto \u201cun procedimiento tan \u00e9tico como el parto\u201d y tilda la situaci\u00f3n de ilegalidad del aborto en Brasil de \u201chip\u00f3crita\u201d.<\/p>\n<p>A la pregunta de si tiene familia afirma que tiene una hija que se qued\u00f3 embarazada con 19 a\u00f1os: \u201cLe pregunt\u00e9 lo que quer\u00eda hacer. Y dijo: \u2018quiero interrumpirlo\u2019. Pregunt\u00e9 \u2018\u00bfest\u00e1s en ayunas?\u2019. Dijo que no y lo agendamos para el d\u00eda siguiente. Fue la noche m\u00e1s larga de mi vida, me qued\u00e9 con miedo de que cambiase de idea. Pero despu\u00e9s, por la noche, salimos a cenar y dijo: \u2018vamos a tomar una copa de vino para celebrar este alivio\u2019. Solo quien ha pasado por eso lo sabe&#8230; Despu\u00e9s tuvo hijos, yo atend\u00ed el parto\u201d.<\/p>\n<p>A pregunta del periodista el abortista considera que no le supuso un problema abortar a su nieto: \u201ctodas las mujeres son iguales\u201d afirma, y agrega: \u201cSiempre queremos lo mejor para nuestros hijos\u201d.<\/p>\n<p>En la entrevista le interpelan afirmando que su nombre es el m\u00e1s citado por las mujeres a la hora de abortar, \u00e9l contesta: \u201cS\u00ed, uno lo hace con \u00e9tica, con decencia, seguridad, libertad, amor. Con el mismo amor con el que uno atiende un parto se hace un aborto. Porque eso le sucede a la mujer. En ese momento lo necesita. El hombre jam\u00e1s va a saberlo, jam\u00e1s va a quedarse embarazado. \u00bfQu\u00e9 va a entender sobre interrumpir algo que jam\u00e1s va a sucederle?\u201d.<\/p>\n<p>Este an\u00f3nimo que se considera un \u201cactivista\u201d dice que \u2013a pesar de cobrar 1.300 d\u00f3lares por aborto y haberlo hecho durante 40 a\u00f1os- lo hace por \u201cconvicci\u00f3n\u201d ya que no se \u201cresigna\u201d al \u201csufrimiento de la mujer\u201d. Adem\u00e1s admite que ha bajado el ritmo: \u201cHoy practico un aborto por d\u00eda, y hay d\u00edas que no lo hago. Pero a veces uno ve la situaci\u00f3n de la persona y lo hace&#8230; por pena, que es un sentimiento muy malo\u201d.<\/p>\n<p>El m\u00e9dico abortista que afirma que \u201cel aborto es tan simple que el equipo soy yo\u201d dice que el hecho de que realice abortos clandestinos \u201cno influye en el precio\u201d, y se justifica asegurando que hizo cientos \u201cde forma gratuita\u201d. Cabe tener en cuenta que en Espa\u00f1a un aborto puede oscilar entre 300 y 700 euros.<\/p>\n<p><a href=\"http:\/\/catolicasmexico.com\/blog\/wp-content\/uploads\/2014\/03\/20140314-141937.jpg\"><img src=\"http:\/\/catolicasmexico.com\/blog\/wp-content\/uploads\/2014\/03\/20140314-141937.jpg\" alt=\"20140314-141937.jpg\" class=\"alignnone size-full\"  \/> <\/a><\/p>\n<p><a href=\"http:\/\/catolicasmexico.com\/blog\/wp-content\/uploads\/2014\/03\/20140314-142002.jpg\"><img src=\"http:\/\/catolicasmexico.com\/blog\/wp-content\/uploads\/2014\/03\/20140314-142002.jpg\" alt=\"20140314-142002.jpg\" class=\"alignnone size-full\"  \/> <\/a><\/p>\n","protected":false},"excerpt":{"rendered":"<p>Articulo de ForumLibertas.com El m\u00e9dico abortista considera que el aborto es \u201cun procedimiento tan \u00e9tico como el parto\u201d, y confiesa que abort\u00f3 a su propio nieto de su hija embarazada con 19 a\u00f1os; cuando lo agendaron \u201cme qued\u00e9 con miedo de que cambiase de idea\u201d, afirma ESPA\u00d1A-El peri\u00f3dico El Pa\u00eds es una de las principales [&hellip;]<\/p>\n","protected":false},"author":2,"featured_media":2725,"comment_status":"open","ping_status":"open","sticky":false,"template":"","format":"standard","meta":{"spay_email":"","jetpack_publicize_message":"","jetpack_is_tweetstorm":false},"categories":[9,27],"tags":[718,344],"aioseo_notices":[],"jetpack_featured_media_url":"http:\/\/catolicasmexico.com\/blog\/wp-content\/uploads\/2014\/03\/20140314-142043.jpg","jetpack_publicize_connections":[],"jetpack_shortlink":"https:\/\/wp.me\/p3B5XH-HY","jetpack-related-posts":[{"id":4249,"url":"http:\/\/catolicasmexico.com\/blog\/dos-anos-despues-del-nacimiento-de-su-nino-aborto-a-su-hermano-por-nacer\/","url_meta":{"origin":2726,"position":0},"title":"Dos a\u00f1os despu\u00e9s del nacimiento de su ni\u00f1o, abort\u00f3 a su hermano por nacer","date":"18 febrero 2016","format":false,"excerpt":"\u00a0 Original de lifenews.com traduccion libre para catolicasmexico.com Hoy en d\u00eda, millones de ni\u00f1os en Am\u00e9rica tienen hermanos o hermanas que nunca conocer\u00e1n a causa del aborto. \u00a0 El hijo de la promotora del aborto Liz Jones es uno de ellos. El blog de Tumblr \"Pregnant, Parenting & Pro-Choice\" (Embarazada,\u2026","rel":"","context":"En \u00abAborto\u00bb","img":{"alt_text":"","src":"https:\/\/i2.wp.com\/catolicasmexico.com\/blog\/wp-content\/uploads\/2016\/02\/lizjones.png?resize=350%2C200","width":350,"height":200},"classes":[]},{"id":688,"url":"http:\/\/catolicasmexico.com\/blog\/derecho-a-vivir-critica-las-mentiras-del-lobby-del-aborto-en-caso-beatriz\/","url_meta":{"origin":2726,"position":1},"title":"Derecho a Vivir critica las mentiras del lobby del aborto en caso \u201cBeatriz\u201d","date":"3 junio 2013","format":false,"excerpt":"Noticia de ETWN. \u201cBeatriz\u201d nunca quiso aborto: La estafa del lobby de la muerte. Derecho a Vivir critica las mentiras del lobby del aborto en caso \u201cBeatriz\u201d El fallo emitido por la Sala de lo Constitucional de la Corte Suprema de Justicia (CSJ) de El Salvador el 29 de mayo,\u2026","rel":"","context":"En \u00abAborto\u00bb","img":{"alt_text":"","src":"","width":0,"height":0},"classes":[]},{"id":274,"url":"http:\/\/catolicasmexico.com\/blog\/los-ciudadanos-denuncian-la-manipulacion-del-caso-beatriz-en-el-salvador-para-promover-la-legalizacion-del-aborto\/","url_meta":{"origin":2726,"position":2},"title":"Los ciudadanos denuncian la manipulaci\u00f3n del \"caso Beatriz\", en El Salvador para promover la legalizaci\u00f3n del aborto.","date":"12 mayo 2013","format":false,"excerpt":"M\u00e1s de 50 organizaciones c\u00edvicas, integradas en Red Familia, denuncian la estrategia de presi\u00f3n abortista y ofrecen alternativas. \u00a0 REDACCI\u00d3N HO.-\u00a0La Fundaci\u00f3n\u00a0S\u00ed a la Vida\u00a0de El Salvador traslada a Noticias HO su denuncia y preocupaci\u00f3n por el hecho de que\u00a0el caso de\u00a0Beatriz\u00a0-nombre supuesto para salvaguardar la identidad de una joven\u2026","rel":"","context":"En \u00abAborto\u00bb","img":{"alt_text":"","src":"https:\/\/i0.wp.com\/catolicasmexico.com\/blog\/wp-content\/uploads\/2015\/07\/Julia-Regina-de-Cardenal.jpg?resize=350%2C200","width":350,"height":200},"classes":[]},{"id":721,"url":"http:\/\/catolicasmexico.com\/blog\/el-salvador-beatriz-no-aborto-y-dio-a-luz-a-su-hija-con-anencefalia\/","url_meta":{"origin":2726,"position":3},"title":"El Salvador: \"Beatriz\" no abort\u00f3 y dio a luz a su hija con anencefalia","date":"4 junio 2013","format":false,"excerpt":"SAN SALVADOR, 04 Jun. 13 \/ 12:15 pm (ACI\/EWTN Noticias).- \"Beatriz\" -nombre ficticio- una joven de 22 a\u00f1os que padece lupus y estaba embarazada de una ni\u00f1a con anencefalia, no se someti\u00f3 a un aborto y dio a luz a trav\u00e9s de una ces\u00e1rea ayer, alrededor del mediod\u00eda (hora de\u2026","rel":"","context":"En \u00abAborto\u00bb","img":{"alt_text":"","src":"","width":0,"height":0},"classes":[]},{"id":3626,"url":"http:\/\/catolicasmexico.com\/blog\/la-realidad-del-aborto-tardio\/","url_meta":{"origin":2726,"position":4},"title":"La realidad del aborto tard\u00edo","date":"4 marzo 2015","format":false,"excerpt":"A continuaci\u00f3n podr\u00e1n ver exactamente c\u00f3mo se realiza un aborto tard\u00edo: Les desaf\u00edo a que lean esto, y entonces me dir\u00e1n Uds. si a\u00fan son favorables al aborto. Traducci\u00f3n y edici\u00f3n libre Sr. Mart\u00edn Pacheco para cat\u00f3licas M\u00e9xico.com \u00a0Art\u00edculo original Campagne Quebec Vie. Estoy\u00a0consciente de que no va a ser\u2026","rel":"","context":"En \u00abAborto\u00bb","img":{"alt_text":"","src":"https:\/\/i1.wp.com\/catolicasmexico.com\/blog\/wp-content\/uploads\/2015\/03\/Picture_DE_Abortion.jpg?resize=350%2C200","width":350,"height":200},"classes":[]},{"id":4370,"url":"http:\/\/catolicasmexico.com\/blog\/un-abortista-renuncio-despues-de-ver-la-cara-de-un-bebe-abortado\/","url_meta":{"origin":2726,"position":5},"title":"Un abortista renunci\u00f3 despu\u00e9s de ver la cara de un beb\u00e9 abortado.","date":"22 abril 2016","format":false,"excerpt":"\"Entre los restos de la caja tor\u00e1cica, encontr\u00e9 un peque\u00f1o coraz\u00f3n latiendo. Por fin pude sacar la cabeza y mir\u00e9 claramente la cara de un ser humano - un ser humano al que acababa de matar. \u00bb \u00a0Testimonio del Ex abortista Dr. Paul Jarrett.\u00a0 Mientras que Jarrett era todav\u00eda interno,\u2026","rel":"","context":"En \u00abAborto\u00bb","img":{"alt_text":"","src":"https:\/\/i2.wp.com\/catolicasmexico.com\/blog\/wp-content\/uploads\/2016\/04\/IMG_0538.jpg?resize=350%2C200","width":350,"height":200},"classes":[]}],"jetpack_likes_enabled":false,"jetpack_sharing_enabled":true,"_links":{"self":[{"href":"http:\/\/catolicasmexico.com\/blog\/wp-json\/wp\/v2\/posts\/2726"}],"collection":[{"href":"http:\/\/catolicasmexico.com\/blog\/wp-json\/wp\/v2\/posts"}],"about":[{"href":"http:\/\/catolicasmexico.com\/blog\/wp-json\/wp\/v2\/types\/post"}],"author":[{"embeddable":true,"href":"http:\/\/catolicasmexico.com\/blog\/wp-json\/wp\/v2\/users\/2"}],"replies":[{"embeddable":true,"href":"http:\/\/catolicasmexico.com\/blog\/wp-json\/wp\/v2\/comments?post=2726"}],"version-history":[{"count":1,"href":"http:\/\/catolicasmexico.com\/blog\/wp-json\/wp\/v2\/posts\/2726\/revisions"}],"predecessor-version":[{"id":2727,"href":"http:\/\/catolicasmexico.com\/blog\/wp-json\/wp\/v2\/posts\/2726\/revisions\/2727"}],"wp:featuredmedia":[{"embeddable":true,"href":"http:\/\/catolicasmexico.com\/blog\/wp-json\/wp\/v2\/media\/2725"}],"wp:attachment":[{"href":"http:\/\/catolicasmexico.com\/blog\/wp-json\/wp\/v2\/media?parent=2726"}],"wp:term":[{"taxonomy":"category","embeddable":true,"href":"http:\/\/catolicasmexico.com\/blog\/wp-json\/wp\/v2\/categories?post=2726"},{"taxonomy":"post_tag","embeddable":true,"href":"http:\/\/catolicasmexico.com\/blog\/wp-json\/wp\/v2\/tags?post=2726"}],"curies":[{"name":"wp","href":"https:\/\/api.w.org\/{rel}","templated":true}]}}