{"id":2721,"date":"2014-03-13T11:02:35","date_gmt":"2014-03-13T17:02:35","guid":{"rendered":"http:\/\/catolicasmexico.com\/blog\/?p=2721"},"modified":"2014-03-13T11:02:35","modified_gmt":"2014-03-13T17:02:35","slug":"espana-promotores-del-aborto-apoyados-por-el-psoe-alientan-a-quemar-conferencia-episcopal","status":"publish","type":"post","link":"http:\/\/catolicasmexico.com\/blog\/espana-promotores-del-aborto-apoyados-por-el-psoe-alientan-a-quemar-conferencia-episcopal\/","title":{"rendered":"Espa\u00f1a: Promotores del aborto apoyados por el PSOE alientan a quemar Conferencia Episcopal"},"content":{"rendered":"<p><a href=\"http:\/\/catolicasmexico.com\/blog\/wp-content\/uploads\/2014\/03\/20140313-131335.jpg\"><img src=\"http:\/\/catolicasmexico.com\/blog\/wp-content\/uploads\/2014\/03\/20140313-131335.jpg\" alt=\"20140313-131335.jpg\" class=\"alignnone size-full\"  \/> <\/a><\/p>\n<p>Captura de pantalla del blog Contando Estrellas<\/p>\n<p>MADRID, 12 Mar. 14 \/ 09:02 pm (ACI\/EWTN Noticias).- El blog Contando Estrellas denunci\u00f3 que en una marcha realizada el 9 de marzo, en Santiago de Compostela (Espa\u00f1a), la Plataforma Gallega por el Derecho al Aborto, que cuenta con el ex gobernante Partido Socialista Obrero Espa\u00f1ol (PSOE) entre sus miembros, alent\u00f3 a quemar la sede de la Conferencia Episcopal Espa\u00f1ola.<\/p>\n<p>(&#8230;)<br \/>\nEntre las proclamas de la turba abortista que desfil\u00f3 por las calles de Santiago de Compostela se escuch\u00f3 el grito \u201cquememos la Conferencia Episcopal por machista e patriarcal\u201d, incluso frente a la Catedral de la ciudad.<\/p>\n<p>Proclamas como estas llevaron el a\u00f1o pasado a la Asociaci\u00f3n Espa\u00f1ola de Abogados Cristianos a presentar una denuncia contra los organizadores de dos marchas abortistas, tambi\u00e9n en Santiago de Compostela.<\/p>\n<p>El autor del blog, Elentir, cuestion\u00f3 que \u201ccon su participaci\u00f3n en esa plataforma abortista junto a grupos extremistas con un largo historial de violencia\u201d, el Partido Socialista Obrero Espa\u00f1ol, entre otros grupos de izquierda, \u201cest\u00e1n demostrando su rostro m\u00e1s extremista y totalitario\u201d.<\/p>\n<p>No es de extra\u00f1ar, advirti\u00f3 el bloguero espa\u00f1ol, que el PSOE y los otros partidos de izquierda que integran esta plataforma pro aborto, \u201ccallen como tumbas ante la brutal represi\u00f3n del r\u00e9gimen de Maduro contra los estudiantes venezolanos, vi\u00e9ndoles aqu\u00ed en Espa\u00f1a participando en marchas en las que se amenaza con quemar, sin rodeos, a los que no piensan como ellos\u201d.<\/p>\n<p>\u201c\u00bfQu\u00e9 no dir\u00edan estos impresentables si en una marcha provida se gritase \u2018vamos a quemar al PSOE por abortista y feminazi\u2019? La diferencia, claro, es que los provida defendemos el derecho a vivir\u201d.<\/p>\n<p>En cambio, advirti\u00f3, los promotores del aborto \u201cllaman \u2018derecho\u2019 a matar y descuartizar a seres humanos inocentes e indefensos: de ah\u00ed a pedir quemar a los que discrepan s\u00f3lo hay un paso\u201d.<\/p>\n<p>\u201cY a prop\u00f3sito: \u00bftiene algo que decir la Fiscal\u00eda de estas amenazas, o ahora anunciar en p\u00fablico que se va a quemar a otros por opinar distinto forma parte del derecho de manifestaci\u00f3n?\u201d, cuestion\u00f3.<\/p>\n","protected":false},"excerpt":{"rendered":"<p>Captura de pantalla del blog Contando Estrellas MADRID, 12 Mar. 14 \/ 09:02 pm (ACI\/EWTN Noticias).- El blog Contando Estrellas denunci\u00f3 que en una marcha realizada el 9 de marzo, en Santiago de Compostela (Espa\u00f1a), la Plataforma Gallega por el Derecho al Aborto, que cuenta con el ex gobernante Partido Socialista Obrero Espa\u00f1ol (PSOE) entre [&hellip;]<\/p>\n","protected":false},"author":2,"featured_media":2720,"comment_status":"open","ping_status":"open","sticky":false,"template":"","format":"standard","meta":{"spay_email":"","jetpack_publicize_message":"","jetpack_is_tweetstorm":false},"categories":[9,335,63],"tags":[728,343],"aioseo_notices":[],"jetpack_featured_media_url":"http:\/\/catolicasmexico.com\/blog\/wp-content\/uploads\/2014\/03\/20140313-131335.jpg","jetpack_publicize_connections":[],"jetpack_shortlink":"https:\/\/wp.me\/p3B5XH-HT","jetpack-related-posts":[{"id":896,"url":"http:\/\/catolicasmexico.com\/blog\/repudian-asedio-de-promotores-del-aborto-a-catedral-de-santiago-de-compostela-promovido-por-el-psoe\/","url_meta":{"origin":2721,"position":0},"title":"Repudian asedio de promotores del aborto a Catedral de Santiago de Compostela promovido por el PSOE","date":"18 junio 2013","format":false,"excerpt":"REDACCI\u00d3N CENTRAL, 17 Jun. 13 \/ 12:42 pm (ACI\/EWTN Noticias).- Miguel Vidal, portavoz de la plataforma M\u00e1s Libres, que defiende la libertad religiosa y de expresi\u00f3n en Europa, critic\u00f3 el \"totalitarismo\" expuesto por los grupos que asediaron el 16 de junio la Catedral de Santiago de Compostela (Espa\u00f1a) defendiendo el\u2026","rel":"","context":"En \u00abEspa\u00f1a\u00bb","img":{"alt_text":"","src":"","width":0,"height":0},"classes":[]},{"id":1979,"url":"http:\/\/catolicasmexico.com\/blog\/promotores-del-aborto-atacan-sede-de-conferencia-episcopal-de-costa-rica\/","url_meta":{"origin":2721,"position":1},"title":"Promotores del aborto atacan sede de Conferencia Episcopal de Costa Rica","date":"17 octubre 2013","format":false,"excerpt":"(Foto Conferencia Episcopal Costa Rica) SAN JOS\u00c9, 17 Oct. 13 \/ 03:15 pm (ACI\/EWTN Noticias).- Un grupo de desconocidos llen\u00f3 de lemas a favor del\u00a0aborto\u00a0buena parte del exterior de la sede de la Conferencia Episcopal de Costa Rica (CECR) en San Jos\u00e9, la capital del pa\u00eds, as\u00ed como tambi\u00e9n la\u2026","rel":"","context":"En \u00abAborto\u00bb","img":{"alt_text":"","src":"https:\/\/i2.wp.com\/catolicasmexico.com\/blog\/wp-content\/uploads\/2013\/10\/Costa_Rica_aborto_CECR.jpg?resize=350%2C200","width":350,"height":200},"classes":[]},{"id":524,"url":"http:\/\/catolicasmexico.com\/blog\/espana-joven-sacerdote-gana-concurso-de-videos-pro-vida\/","url_meta":{"origin":2721,"position":2},"title":"Espa\u00f1a: Joven sacerdote gana concurso de videos pro-vida","date":"27 mayo 2013","format":false,"excerpt":"\u00a0 El joven Borja Uriarte Corral ha obtenido el primer premio del concurso de la Conferencia Episcopal Espa\u00f1ola 'Este soy yo', lanzado en el marco de la campa\u00f1a de la Jornada por la vida 2013, por un v\u00eddeo en el que cuenta qui\u00e9n es, desde que estaba en el vientre\u2026","rel":"","context":"En \u00abAborto\u00bb","img":{"alt_text":"","src":"","width":0,"height":0},"classes":[]},{"id":3546,"url":"http:\/\/catolicasmexico.com\/blog\/madrid-una-exposicion-en-el-museo-reina-sofia-incita-a-quemar-las-iglesias\/","url_meta":{"origin":2721,"position":3},"title":"Madrid: una exposici\u00f3n en el museo Reina Sof\u00eda incita \u00e0 quemar las iglesias","date":"19 noviembre 2014","format":false,"excerpt":"traducci\u00f3n y edici\u00f3n libre Mart\u00edn Pacheco original del sitio Egalit\u00e9 et Reconciliaton. Una treintena de militantes de la plataforma \u201cM\u00e1sLibres.org\u201d manifest\u00f3 esta ma\u00f1ana ante el museo Reina Sof\u00eda de Madrid para protestar contra algunas \u201cobras\u201d de la exposici\u00f3n intitulada \u2018Un saber realmente \u00fatil\u2019. Se ven, en particular, cuatro incitaciones a\u2026","rel":"","context":"En \u00abAborto\u00bb","img":{"alt_text":"","src":"","width":0,"height":0},"classes":[]},{"id":2240,"url":"http:\/\/catolicasmexico.com\/blog\/en-espana-el-psoe-se-compromete-a-volver-a-legislar-a-favor-del-aborto-libre\/","url_meta":{"origin":2721,"position":4},"title":"En Espa\u00f1a el PSOE se compromete a volver a legislar a favor del aborto libre.","date":"16 diciembre 2013","format":false,"excerpt":"ESPA\u00d1A-.(AGENCIALAVOZ) La vicesecretaria general del PSOE, Elena Valenciano, se comprometi\u00f3 este jueves con la Asociaci\u00f3n de Cl\u00ednicas Acreditadas para la Interrupci\u00f3n Voluntaria del Embarazo (ACAI) -es decir, para acabar con la vida de los no nacidos- a buscar un acuerdo parlamentario entre los grupos de la oposici\u00f3n para derogar la\u2026","rel":"","context":"En \u00abAborto\u00bb","img":{"alt_text":"","src":"","width":0,"height":0},"classes":[]},{"id":157,"url":"http:\/\/catolicasmexico.com\/blog\/obispos-de-uruguay-alientan-referendum-contra-el-aborto\/","url_meta":{"origin":2721,"position":5},"title":"Obispos de Uruguay alientan refer\u00e9ndum contra el aborto","date":"7 mayo 2013","format":false,"excerpt":"MONTEVIDEO, 03 May. 13 \/ 05:38 pm (ACI\/EWTN Noticias) .- En un comunicado emitido hoy, la Conferencia Episcopal del Uruguay (CEU) expres\u00f3 su apoyo a la realizaci\u00f3n de un referendo que permita la derogaci\u00f3n de la legislaci\u00f3n abortista en el pa\u00eds. Los Obispos uruguayos aseguraron que con el referendo, los\u2026","rel":"","context":"En \u00abAborto\u00bb","img":{"alt_text":"","src":"","width":0,"height":0},"classes":[]}],"jetpack_likes_enabled":false,"jetpack_sharing_enabled":true,"_links":{"self":[{"href":"http:\/\/catolicasmexico.com\/blog\/wp-json\/wp\/v2\/posts\/2721"}],"collection":[{"href":"http:\/\/catolicasmexico.com\/blog\/wp-json\/wp\/v2\/posts"}],"about":[{"href":"http:\/\/catolicasmexico.com\/blog\/wp-json\/wp\/v2\/types\/post"}],"author":[{"embeddable":true,"href":"http:\/\/catolicasmexico.com\/blog\/wp-json\/wp\/v2\/users\/2"}],"replies":[{"embeddable":true,"href":"http:\/\/catolicasmexico.com\/blog\/wp-json\/wp\/v2\/comments?post=2721"}],"version-history":[{"count":1,"href":"http:\/\/catolicasmexico.com\/blog\/wp-json\/wp\/v2\/posts\/2721\/revisions"}],"predecessor-version":[{"id":2722,"href":"http:\/\/catolicasmexico.com\/blog\/wp-json\/wp\/v2\/posts\/2721\/revisions\/2722"}],"wp:featuredmedia":[{"embeddable":true,"href":"http:\/\/catolicasmexico.com\/blog\/wp-json\/wp\/v2\/media\/2720"}],"wp:attachment":[{"href":"http:\/\/catolicasmexico.com\/blog\/wp-json\/wp\/v2\/media?parent=2721"}],"wp:term":[{"taxonomy":"category","embeddable":true,"href":"http:\/\/catolicasmexico.com\/blog\/wp-json\/wp\/v2\/categories?post=2721"},{"taxonomy":"post_tag","embeddable":true,"href":"http:\/\/catolicasmexico.com\/blog\/wp-json\/wp\/v2\/tags?post=2721"}],"curies":[{"name":"wp","href":"https:\/\/api.w.org\/{rel}","templated":true}]}}