{"id":2718,"date":"2014-03-13T10:54:52","date_gmt":"2014-03-13T16:54:52","guid":{"rendered":"http:\/\/catolicasmexico.com\/blog\/?p=2718"},"modified":"2014-03-13T10:54:52","modified_gmt":"2014-03-13T16:54:52","slug":"mexico-una-mujer-es-asesinada-por-no-querer-abortar-donde-estan-las-feministas","status":"publish","type":"post","link":"http:\/\/catolicasmexico.com\/blog\/mexico-una-mujer-es-asesinada-por-no-querer-abortar-donde-estan-las-feministas\/","title":{"rendered":"M\u00e9xico: Una mujer es asesinada por no querer abortar&#8230;\u00bfD\u00f3nde est\u00e1n las feministas?"},"content":{"rendered":"<p><a href=\"http:\/\/catolicasmexico.com\/blog\/wp-content\/uploads\/2014\/03\/20140313-130347.jpg\"><img src=\"http:\/\/catolicasmexico.com\/blog\/wp-content\/uploads\/2014\/03\/20140313-130347.jpg\" alt=\"20140313-130347.jpg\" class=\"alignnone size-full\"  \/> <\/a><\/p>\n<p>Un doble asesinato es cometido, Karla L\u00f3pez Albert embarazada de 5 meses, fue asesinada por el hecho de no querer abortar. Ella hab\u00eda tomado la decisi\u00f3n de dar la vida, a pesar de las m\u00faltiples presiones recibidas, ella se mantuvo firme, el resultado: su muerte y la de su hijo. \u00bfDonde est\u00e1n las feministas y los grupos que reivindican el derecho a elegir? \u00bfdonde est\u00e1n los grupos de gente que vali\u00e9ndose de un caso doloroso, salen enardecidos por las calles para pedir justicia y cambiar leyes de pa\u00edses enteros? karla no tuvo derecho a elegir ,m\u00e1s para estos grupos no es importante ,simplemente, porque su objetivo no es el de obtener el derecho a elegir sino obtener el derecho a matar.<\/p>\n<p>Informaci\u00f3n del peri\u00f3dico Milenio Puebla, edici\u00f3n libre www.catolicasmexico.com<\/p>\n<p>LA DESAPARICI\u00d3N<\/p>\n<p>Karla L\u00f3pez Albert fue reportada como desaparecida el 31 de enero, sus familiares y amigos iniciaron una intensa b\u00fasqueda en redes sociales que termin\u00f3 el 7 de febrero cuando se confirm\u00f3 que hab\u00eda sido asesinada y que su cuerpo fue abandonado en un paraje del Distrito Federal.<br \/>\nLas amigas de Karla informaron a las autoridades que sal\u00eda con Manuel Forcelledo, a quien conoci\u00f3 en el antro La Chilanguita, y analizaba si tendr\u00edan una relaci\u00f3n formal, sin embargo meses despu\u00e9s les dijo que estaba embarazada.<br \/>\nSe\u00f1alaron que estaba ilusionada pues en sus planes de vida estaba tener un hijo despu\u00e9s de los 30 a\u00f1os; sin embargo estaba angustiada porque cuando se lo dijo a Forcelledo se puso muy agresivo y le exigi\u00f3 que abortara al beb\u00e9.<br \/>\nEl tiempo pas\u00f3, el embarazo ya hab\u00eda pasado el tiempo en el que se pod\u00eda llevar a cabo un aborto, a\u00fan as\u00ed la llev\u00f3 con dos m\u00e9dicos, uno se neg\u00f3, el otro le dijo que lo que se pod\u00eda hacer era un parto inducido, sin embargo Karla se neg\u00f3.<br \/>\nUn d\u00eda en su desesperaci\u00f3n Forcelledo le entreg\u00f3 15 mil pesos para que ella eligiera la cl\u00ednica para que abortara, Karla no cambi\u00f3 su decisi\u00f3n por lo que el sujeto le exigi\u00f3 que le devolviera el dinero.<br \/>\nLa madre de la v\u00edctima fue testigo de cuando Karla le entreg\u00f3 el dinero que estaba en un sobre, d\u00edas despu\u00e9s le ofreci\u00f3 hacerse cargo de los gastos del embarazo por medio de un seguro y la cit\u00f3 en una plaza comercial de Cholula, estos hechos fueron confirmados por la Procuradur\u00eda General de Justicia.<br \/>\nAl ser el principal sospechoso de la desaparici\u00f3n de Karla en varias ocasiones Forcelledo neg\u00f3 ante amigos, familiares y autoridades conocer el paradero de su v\u00edctima.<br \/>\nAl suponer tener una buena coartada tramit\u00f3 un amparo y declar\u00f3 voluntariamente ante la Procuradur\u00eda General de Justicia por los hechos, derivado de las sospechas y algunas inconsistencias se le dict\u00f3 un arraigo.<br \/>\nEn su declaraci\u00f3n asegur\u00f3 que desde que conoci\u00f3 a Karla la hab\u00eda encontrado en varias ocasiones y en una ocasi\u00f3n ella le propuso que tuvieran relaciones y que fue la \u00fanica vez que estuvieron juntos.<br \/>\nMeses despu\u00e9s se enter\u00f3 del embarazo de Karla a quien le dijo que eso no era posible, pues se hab\u00edan cuidado, pero que si era cierto despu\u00e9s de una prueba de paternidad la apoyar\u00eda con los gastos, sin embargo los mensajes en redes sociales, v\u00eda Whats App y llamadas telef\u00f3nicas echaron abajo la coartada de Forcelledo quien junto a sus c\u00f3mplices fue recluido en el penal de San Miguel en donde enfrentar\u00e1n el proceso penal por el delito de feminicidio.<\/p>\n<p>Familia L\u00f3pez reconoce las labores de la PGJ<\/p>\n<p>Los padres de Karla L\u00f3pez Albert reconocieron el trabajo de la Procuradur\u00eda General de Justicia (PGJ) para la resoluci\u00f3n del homicidio de hija y pidieron al Tribunal Superior de Justicia act\u00fae apegado a derecho y caiga todo el peso de la ley en contra de los cuatro detenidos.<br \/>\nEn las oficinas de la dependencia, Carlos L\u00f3pez, padre de la v\u00edctima, se\u00f1al\u00f3 que la investigaci\u00f3n no le devolver\u00e1 a su hija ni al beb\u00e9 que esperaba, pero que su dolor hubiera sido mayor si el crimen hubiera quedado impune.<br \/>\n(&#8230;)<\/p>\n","protected":false},"excerpt":{"rendered":"<p>Un doble asesinato es cometido, Karla L\u00f3pez Albert embarazada de 5 meses, fue asesinada por el hecho de no querer abortar. Ella hab\u00eda tomado la decisi\u00f3n de dar la vida, a pesar de las m\u00faltiples presiones recibidas, ella se mantuvo firme, el resultado: su muerte y la de su hijo. \u00bfDonde est\u00e1n las feministas y [&hellip;]<\/p>\n","protected":false},"author":2,"featured_media":2717,"comment_status":"open","ping_status":"open","sticky":false,"template":"","format":"standard","meta":{"spay_email":"","jetpack_publicize_message":"","jetpack_is_tweetstorm":false},"categories":[9,20,57],"tags":[116,342],"aioseo_notices":[],"jetpack_featured_media_url":"http:\/\/catolicasmexico.com\/blog\/wp-content\/uploads\/2014\/03\/20140313-130347.jpg","jetpack_publicize_connections":[],"jetpack_shortlink":"https:\/\/wp.me\/p3B5XH-HQ","jetpack-related-posts":[{"id":3251,"url":"http:\/\/catolicasmexico.com\/blog\/hombre-tendra-que-enfrentar-juicio-por-asesinato-despues-de-que-haya-envenenado-los-panqueques-de-su-novia-con-droga-abortiva\/","url_meta":{"origin":2718,"position":0},"title":"Hombre tendr\u00e1 que enfrentar juicio por asesinato despu\u00e9s de que haya envenenado los panqueques de su novia con droga abortiva","date":"16 julio 2014","format":false,"excerpt":"Art\u00edculo original en: Lifesitenews.com traducci\u00f3n Mart\u00edn Pacheco www.catolicasmexico.com Un hombre fue programado para un juicio despu\u00e9s de que un juez decidiera admitir como evidencia su confesi\u00f3n, seg\u00fan la cual envenen\u00f3 los panqueques de su novia embarazada con una droga abortiva comprada por Internet. Scott Robert Bollig, de 30 a\u00f1os de\u2026","rel":"","context":"En \u00abAborto\u00bb","img":{"alt_text":"","src":"https:\/\/i1.wp.com\/catolicasmexico.com\/blog\/wp-content\/uploads\/2014\/07\/20140716-091330.jpg?resize=350%2C200","width":350,"height":200},"classes":[]},{"id":1048,"url":"http:\/\/catolicasmexico.com\/blog\/sin-ninguna-duda-las-primeras-feministas-eran-provida\/","url_meta":{"origin":2718,"position":1},"title":"Sin ninguna duda las primeras feministas eran provida.","date":"4 julio 2013","format":false,"excerpt":"Del blog de LifeNews. Traducci\u00f3n Monica Y.A. de wwwcatolicasmexico.com Edici\u00f3n libre Alejandro P. de www.catolicasmexico.com \"El aborto es la m\u00e1xima explotaci\u00f3n para las mujeres.\" - Alice Paul Los objetivos del feminismo fueron el derecho a votar, la educaci\u00f3n y el divorcio. Ninguno de ellos demandaba el derecho al aborto -\u2026","rel":"","context":"En \u00abAborto\u00bb","img":{"alt_text":"","src":"","width":0,"height":0},"classes":[]},{"id":4084,"url":"http:\/\/catolicasmexico.com\/blog\/estaba-a-punto-de-abortar-cuando-dios-le-hablo\/","url_meta":{"origin":2718,"position":2},"title":"Estaba a punto de abortar cuando Dios le habl\u00f3","date":"13 noviembre 2015","format":false,"excerpt":"\u00a0 \u00bfC\u00f3mo es tener 16 a\u00f1os y estar embarazada? Jamie Jeffries, autora del blog Esposa Provida, comparte c\u00f3mo una amiga abri\u00f3 los ojos ante las dificultades y las tentaciones de una adolescente embarazada. La amiga de Jeffries, Donanne, comparti\u00f3 su experiencia en el blog: Ten\u00eda 15 cuando qued\u00e9 embarazada de\u2026","rel":"","context":"En \u00abAborto\u00bb","img":{"alt_text":"","src":"https:\/\/i1.wp.com\/catolicasmexico.com\/blog\/wp-content\/uploads\/2015\/11\/jamiejeffries.png?resize=350%2C200","width":350,"height":200},"classes":[]},{"id":274,"url":"http:\/\/catolicasmexico.com\/blog\/los-ciudadanos-denuncian-la-manipulacion-del-caso-beatriz-en-el-salvador-para-promover-la-legalizacion-del-aborto\/","url_meta":{"origin":2718,"position":3},"title":"Los ciudadanos denuncian la manipulaci\u00f3n del \"caso Beatriz\", en El Salvador para promover la legalizaci\u00f3n del aborto.","date":"12 mayo 2013","format":false,"excerpt":"M\u00e1s de 50 organizaciones c\u00edvicas, integradas en Red Familia, denuncian la estrategia de presi\u00f3n abortista y ofrecen alternativas. \u00a0 REDACCI\u00d3N HO.-\u00a0La Fundaci\u00f3n\u00a0S\u00ed a la Vida\u00a0de El Salvador traslada a Noticias HO su denuncia y preocupaci\u00f3n por el hecho de que\u00a0el caso de\u00a0Beatriz\u00a0-nombre supuesto para salvaguardar la identidad de una joven\u2026","rel":"","context":"En \u00abAborto\u00bb","img":{"alt_text":"","src":"https:\/\/i0.wp.com\/catolicasmexico.com\/blog\/wp-content\/uploads\/2015\/07\/Julia-Regina-de-Cardenal.jpg?resize=350%2C200","width":350,"height":200},"classes":[]},{"id":2693,"url":"http:\/\/catolicasmexico.com\/blog\/carta-de-una-inmigrante\/","url_meta":{"origin":2718,"position":4},"title":"Carta de una inmigrante","date":"10 marzo 2014","format":false,"excerpt":"Soy mexicana y vivo en Canad\u00e1, Quiero compartir con todos Ustedes, la historia de una muchacha de origen ruso, que se encuentra embarazada de su novio de origen mexicano, la llamaremos Natalia, para conservar su anonimato. Natalia le dijo de su embarazo a su patrona, su patrona le dijo a\u2026","rel":"","context":"En \u00abTestimonio\u00bb","img":{"alt_text":"","src":"https:\/\/i0.wp.com\/catolicasmexico.com\/blog\/wp-content\/uploads\/2014\/03\/20140312-2223321.jpg?resize=350%2C200","width":350,"height":200},"classes":[]},{"id":1623,"url":"http:\/\/catolicasmexico.com\/blog\/un-par-de-lesbianas-intentan-invocar-el-privilegio-conyugal-para-evitar-testificar-en-un-juicio-por-el-asesinato-perpetrado-por-una-de-las-amantes\/","url_meta":{"origin":2718,"position":5},"title":"Un par de lesbianas intentan invocar el  privilegio conyugal para evitar testificar en un juicio por el asesinato perpetrado por una de las amantes.","date":"20 agosto 2013","format":false,"excerpt":"Louisville, KY, 13 de agosto de 2013 - Una mujer de Kentucky cuya amante es homosexual fue acusada por el crimen de asesinato y se ha negado a declarar en el juicio, citando el privilegio conyugal, a pesar de que Kentucky no reconoce los \"matrimonios homosexuales\u201d y las dos s\u00f3lo\u2026","rel":"","context":"En \u00abEEUU\u00bb","img":{"alt_text":"","src":"","width":0,"height":0},"classes":[]}],"jetpack_likes_enabled":false,"jetpack_sharing_enabled":true,"_links":{"self":[{"href":"http:\/\/catolicasmexico.com\/blog\/wp-json\/wp\/v2\/posts\/2718"}],"collection":[{"href":"http:\/\/catolicasmexico.com\/blog\/wp-json\/wp\/v2\/posts"}],"about":[{"href":"http:\/\/catolicasmexico.com\/blog\/wp-json\/wp\/v2\/types\/post"}],"author":[{"embeddable":true,"href":"http:\/\/catolicasmexico.com\/blog\/wp-json\/wp\/v2\/users\/2"}],"replies":[{"embeddable":true,"href":"http:\/\/catolicasmexico.com\/blog\/wp-json\/wp\/v2\/comments?post=2718"}],"version-history":[{"count":1,"href":"http:\/\/catolicasmexico.com\/blog\/wp-json\/wp\/v2\/posts\/2718\/revisions"}],"predecessor-version":[{"id":2719,"href":"http:\/\/catolicasmexico.com\/blog\/wp-json\/wp\/v2\/posts\/2718\/revisions\/2719"}],"wp:featuredmedia":[{"embeddable":true,"href":"http:\/\/catolicasmexico.com\/blog\/wp-json\/wp\/v2\/media\/2717"}],"wp:attachment":[{"href":"http:\/\/catolicasmexico.com\/blog\/wp-json\/wp\/v2\/media?parent=2718"}],"wp:term":[{"taxonomy":"category","embeddable":true,"href":"http:\/\/catolicasmexico.com\/blog\/wp-json\/wp\/v2\/categories?post=2718"},{"taxonomy":"post_tag","embeddable":true,"href":"http:\/\/catolicasmexico.com\/blog\/wp-json\/wp\/v2\/tags?post=2718"}],"curies":[{"name":"wp","href":"https:\/\/api.w.org\/{rel}","templated":true}]}}