{"id":2701,"date":"2014-03-11T09:50:34","date_gmt":"2014-03-11T15:50:34","guid":{"rendered":"http:\/\/catolicasmexico.com\/blog\/?p=2701"},"modified":"2014-03-11T09:50:35","modified_gmt":"2014-03-11T15:50:35","slug":"grave-sacrilegio-en-venezuela-destruyen-sagrario-en-iglesia-y-arrojan-hostias-consagradas","status":"publish","type":"post","link":"http:\/\/catolicasmexico.com\/blog\/grave-sacrilegio-en-venezuela-destruyen-sagrario-en-iglesia-y-arrojan-hostias-consagradas\/","title":{"rendered":"Grave sacrilegio en Venezuela: Destruyen sagrario en Iglesia y arrojan Hostias consagradas"},"content":{"rendered":"<p><a href=\"http:\/\/catolicasmexico.com\/blog\/wp-content\/uploads\/2014\/03\/20140311-1201071.jpg\"><img src=\"http:\/\/catolicasmexico.com\/blog\/wp-content\/uploads\/2014\/03\/20140311-1201071.jpg\" alt=\"20140311-120107.jpg\" class=\"alignnone size-full\"  \/> <\/a><\/p>\n<p>Sagrario profanado. Foto: Twitter \/ @padrenestor1945<br \/>\nPedimos sus oraciones y penitencias  en acto de desagravio por este acto macabro y sacr\u00edlego. Dios perdone a estas almas extraviadas. \u00a1Jesus, perdona este y todos los actos ignominiosos en tu contra!  \u00abDios m\u00edo, yo creo, adoro, espero y Te amo. Te pido perd\u00f3n por los que no creen, no adoran, no esperan y no Te aman\u00bb<br \/>\n\u00abSant\u00edsima Trinidad, Padre, Hijo y Esp\u00edritu Santo: yo Te adoro profundamente y Te ofrezco el preciosismo Cuerpo, Sangre, Alma y Divinidad de Jesus Cristo, presente en todos los sagrarios de la tierra, en reparaci\u00f3n de los ultrajes,sacrilegios e indiferencias con que El mismo es ofendido. Por los infinitos m\u00e9ritos de Su Sant\u00edsimo Coraz\u00f3n y del Inmaculado Coraz\u00f3n de Mar\u00eda Te pido la conversi\u00f3n de los pobres pecadores.<\/p>\n<p>LA VICTORIA, 10 Mar. 14 \/ 11:59 pm (ACI).- La Iglesia La Candelaria en Victoria, Aragua (Venezuela), fue violentada la madrugada del domingo por unos supuestos ladrones, quienes destruyeron el sagrario, tiraron las Hostias al piso y arrojaron excremento humano sobre ellas.<\/p>\n<p>Los delincuentes adem\u00e1s hurtaron equipos de sonido del templo.<\/p>\n<p>El Superior de la Casa Hogar de los Hermanos Franciscanos De Cruz Blanca, Hno. Jes\u00fas Est\u00e9vez Betancourt indic\u00f3 que esta no es la primera vez que robaron el templo. En esta ocasi\u00f3n, el hurto y sacrilegio se produjo alrededor de la 1:00 a.m. (hora local).<\/p>\n<p>\u00abAgarraron el Sagrario lo botaron, lo rompieron y  botaron las hostias consagradas, las tiraron  por el suelo e incluso hicieron sus necesidades all\u00ed al lado\u201d, describi\u00f3 el Superior.<\/p>\n<p>En declaraciones recogidas por la prensa local, el religioso dijo que el P. Jos\u00e9  Miguel Vargas, P\u00e1rroco de la Iglesia, fue quien se percat\u00f3 de que las luces estaban encendidas y las puertas estaban violentadas.<\/p>\n<p>El Hno. Est\u00e9vez se\u00f1al\u00f3 que la profanaci\u00f3n a las Hostias Consagradas \u201cfue lo m\u00e1s grave\u00bb, indicando que las autoridades fueron avisadas inmediatamente.<\/p>\n<p>A trav\u00e9s de su p\u00e1gina en la red social Facebook, la Parroquia San Jos\u00e9 pidi\u00f3 oraciones en desagravio a este hecho en donde \u201cdestrozaron completamente Nuestro Amado en su Sagrario y como si fuese poco esparcieron excremento de humano en el Pan Consagrado\u201d.<\/p>\n<p>\u201cTodos hagamos acto de desagravio y roguemos a Dios que tal acto no quede impune e igualmente roguemos por su p\u00e1rroco; pbro Jos\u00e9 Miguel Vargas Caballero para que Nuestro Padre le fortalezca en estos dolorosos momentos\u201d, se\u00f1al\u00f3 la nota.<\/p>\n<p>Actualmente, la violencia que vive Venezuela ha incrementado los ataques a los lugares religiosos.<\/p>\n<p>El P. Jos\u00e9 Palmar, sacerdote que fue golpeado por autoridades gubernamentales a mediados de febrero al intentar defender a manifestantes pac\u00edficos, dio a conocer que \u201cya el Sant\u00edsimo Sacramento (de su Parroquia) est\u00e1 bajo resguardo en la Casa Parroquial Guadalupe. Alabado sea el Se\u00f1or Sacramentado\u201d, de la misma manera se\u00f1al\u00f3 que \u201cya la imagen de la Virgen de Guadalupe est\u00e1 protegida, chavistas pueden quemar el Templo, lo dem\u00e1s se repara\u201d.<\/p>\n<p>Luego de anunciarse que hoy  a las 2 p.m. se realizar\u00eda una marcha a favor del Gobierno, el P. Palmar pidi\u00f3 \u201ca los feligreses de mi Parroquia Guadalupe dejen que los chavistas destruyan lo que quieran, ya saque el Sant\u00edsimo y a la Virgen\u201d.<\/p>\n<p>Etiquetas: Venezuela, Ataques a Iglesias, violencia, Agresiones contra la fe<\/p>\n","protected":false},"excerpt":{"rendered":"<p>Sagrario profanado. Foto: Twitter \/ @padrenestor1945 Pedimos sus oraciones y penitencias en acto de desagravio por este acto macabro y sacr\u00edlego. Dios perdone a estas almas extraviadas. \u00a1Jesus, perdona este y todos los actos ignominiosos en tu contra! \u00abDios m\u00edo, yo creo, adoro, espero y Te amo. Te pido perd\u00f3n por los que no creen, [&hellip;]<\/p>\n","protected":false},"author":2,"featured_media":2700,"comment_status":"open","ping_status":"open","sticky":false,"template":"","format":"standard","meta":{"spay_email":"","jetpack_publicize_message":"","jetpack_is_tweetstorm":false},"categories":[335,13,197],"tags":[336,725],"aioseo_notices":[],"jetpack_featured_media_url":"http:\/\/catolicasmexico.com\/blog\/wp-content\/uploads\/2014\/03\/20140311-1201071.jpg","jetpack_publicize_connections":[],"jetpack_shortlink":"https:\/\/wp.me\/p3B5XH-Hz","jetpack-related-posts":[{"id":1434,"url":"http:\/\/catolicasmexico.com\/blog\/lo-que-al-parecer-es-un-milagro-en-jardines-de-la-paz-guadalajara-mexico\/","url_meta":{"origin":2701,"position":0},"title":"Lo que al parecer es un \"Milagro Eucar\u00edstico\"en Jardines de la Paz, Guadalajara. M\u00e9xico.","date":"26 julio 2013","format":false,"excerpt":"Comentario de www.catolicasmexico.com El hecho se produjo, apenas el d\u00eda de ayer, tendremos que esperar, una vez que se comiencen los estudios un tiempo para conocer el resultados de los mismos. Sin embargo, nosotros como cat\u00f3licos estamos seguros de la presencia de Nuestro Se\u00f1or Jesucristo en la Santa Eucarist\u00eda. He\u2026","rel":"","context":"En \u00abFe\u00bb","img":{"alt_text":"","src":"https:\/\/i0.wp.com\/catolicasmexico.com\/blog\/wp-content\/uploads\/2013\/07\/20130726-142344.jpg?resize=350%2C200","width":350,"height":200},"classes":[]},{"id":628,"url":"http:\/\/catolicasmexico.com\/blog\/628\/","url_meta":{"origin":2701,"position":1},"title":"La Iglesia ha sido vital para evitar m\u00e1s violencia en Venezuela, responde periodista a ministro","date":"31 mayo 2013","format":false,"excerpt":"Noticia de EWTN. Comentario www.catolicasmexico.com La columnista venezolana Mar\u00eda Denisse Fanianos de Capriles respondi\u00f3 al ministro del Interior Rodr\u00edguez Torres, que acus\u00f3 la semana pasada a la Iglesia de ignorar el tema de la delincuencia, y le record\u00f3 que es la Iglesia la que ha evitado que los niveles de\u2026","rel":"","context":"En \u00abFamilia\u00bb","img":{"alt_text":"","src":"","width":0,"height":0},"classes":[]},{"id":2217,"url":"http:\/\/catolicasmexico.com\/blog\/hoy-la-iglesia-celebra-a-la-virgen-de-guadalupe-patrona-de-america\/","url_meta":{"origin":2701,"position":2},"title":"Hoy la Iglesia celebra a la Virgen de Guadalupe, Patrona de Am\u00e9rica","date":"12 diciembre 2013","format":false,"excerpt":"LIMA, 12 Dic. 13 \/ 12:04 am (ACI).- Hoy 12 de diciembre fieles en el mundo entero festejan a Nuestra Se\u00f1ora de Guadalupe, Patrona de M\u00e9xico y Emperatriz de Am\u00e9rica, y en el marco de esta fecha el Papa Francisco se\u00f1al\u00f3 que la aparici\u00f3n de la Madre de Dios en\u2026","rel":"","context":"En \u00abFe\u00bb","img":{"alt_text":"","src":"","width":0,"height":0},"classes":[]},{"id":1703,"url":"http:\/\/catolicasmexico.com\/blog\/los-cristeros-y-su-viril-ideal\/","url_meta":{"origin":2701,"position":3},"title":"LOS CRISTEROS Y SU VIRIL IDEAL","date":"27 agosto 2013","format":false,"excerpt":"Art\u00edculo original de\u00a0http:\/\/radiocristiandad.wordpress.com\u00a0comentario de Alejandro P. para catolicasmexico.com NECESITAMOS QUE \u00c9L REINE Aqu\u00e9l por el que M\u00e9xico luch\u00f3 y muri\u00f3 hace 84 a\u00f1os. Sus enemigos los llamaron \u201cCristeros\u201d por su grito de guerra:\u00a0\u00a1Viva Cristo Rey!\u00a0Ese bendito grito que empez\u00f3 a o\u00edrse en nuestra Patria por primera vez en 1854, cuando\u2026","rel":"","context":"En \u00abFe\u00bb","img":{"alt_text":"","src":"https:\/\/i1.wp.com\/catolicasmexico.com\/blog\/wp-content\/uploads\/2013\/08\/christusrex.jpg?resize=350%2C200","width":350,"height":200},"classes":[]},{"id":4413,"url":"http:\/\/catolicasmexico.com\/blog\/detengamos-la-publicacion-de-este-libro-que-blasfema-en-contra-de-la-santisima-virgen\/","url_meta":{"origin":2701,"position":4},"title":"Detengamos la publicaci\u00f3n de este libro que blasfema en contra de la Sant\u00edsima Virgen.","date":"16 junio 2016","format":false,"excerpt":"Recientemente el 13 de abril, las ediciones \"drawn and quarterly\" publicaron un libro ilustrado: Maria llorando a los pies de Jes\u00fas. En una entrevista con salon.com el autor e ilustrador Chester Brown dijo: \" mi pensamiento es que Jes\u00fas tuvo una relaci\u00f3n con la prostituci\u00f3n muy diferente de lo que\u2026","rel":"","context":"En \u00abataques contra la Iglesia Catolica\u00bb","img":{"alt_text":"","src":"https:\/\/i2.wp.com\/catolicasmexico.com\/blog\/wp-content\/uploads\/2016\/06\/IMG_0659.jpg?resize=350%2C200","width":350,"height":200},"classes":[]},{"id":763,"url":"http:\/\/catolicasmexico.com\/blog\/fiesta-del-sagrado-corazon-de-jesus\/","url_meta":{"origin":2701,"position":5},"title":"Fiesta del Sagrado Coraz\u00f3n de Jesus.","date":"7 junio 2013","format":false,"excerpt":"Hoy es fiesta solemne del Sagrado Corazon de Jesus. Ojala, puedas visitarlo en el Sagrario, para adorarlo y hacer reparaci\u00f3n por los ultrajes, blasfemias y la indiferencia que recibe, de parte de todos los pecadores. Fuente de informaci\u00f3n. Cofrad\u00eda del Sant\u00edsimo Sacramento. Himno. Oculto en nuestros altares Amante Redentor m\u00edo,\u2026","rel":"","context":"En \u00abFe\u00bb","img":{"alt_text":"","src":"https:\/\/i1.wp.com\/catolicasmexico.com\/blog\/wp-content\/uploads\/2013\/06\/20130607-0810511.jpg?resize=350%2C200","width":350,"height":200},"classes":[]}],"jetpack_likes_enabled":false,"jetpack_sharing_enabled":true,"_links":{"self":[{"href":"http:\/\/catolicasmexico.com\/blog\/wp-json\/wp\/v2\/posts\/2701"}],"collection":[{"href":"http:\/\/catolicasmexico.com\/blog\/wp-json\/wp\/v2\/posts"}],"about":[{"href":"http:\/\/catolicasmexico.com\/blog\/wp-json\/wp\/v2\/types\/post"}],"author":[{"embeddable":true,"href":"http:\/\/catolicasmexico.com\/blog\/wp-json\/wp\/v2\/users\/2"}],"replies":[{"embeddable":true,"href":"http:\/\/catolicasmexico.com\/blog\/wp-json\/wp\/v2\/comments?post=2701"}],"version-history":[{"count":1,"href":"http:\/\/catolicasmexico.com\/blog\/wp-json\/wp\/v2\/posts\/2701\/revisions"}],"predecessor-version":[{"id":2702,"href":"http:\/\/catolicasmexico.com\/blog\/wp-json\/wp\/v2\/posts\/2701\/revisions\/2702"}],"wp:featuredmedia":[{"embeddable":true,"href":"http:\/\/catolicasmexico.com\/blog\/wp-json\/wp\/v2\/media\/2700"}],"wp:attachment":[{"href":"http:\/\/catolicasmexico.com\/blog\/wp-json\/wp\/v2\/media?parent=2701"}],"wp:term":[{"taxonomy":"category","embeddable":true,"href":"http:\/\/catolicasmexico.com\/blog\/wp-json\/wp\/v2\/categories?post=2701"},{"taxonomy":"post_tag","embeddable":true,"href":"http:\/\/catolicasmexico.com\/blog\/wp-json\/wp\/v2\/tags?post=2701"}],"curies":[{"name":"wp","href":"https:\/\/api.w.org\/{rel}","templated":true}]}}