{"id":27,"date":"2013-04-21T00:55:47","date_gmt":"2013-04-21T00:55:47","guid":{"rendered":"http:\/\/catolicasmexico.com\/blog\/?p=27"},"modified":"2013-04-25T20:59:31","modified_gmt":"2013-04-26T01:59:31","slug":"27","status":"publish","type":"post","link":"http:\/\/catolicasmexico.com\/blog\/27\/","title":{"rendered":"Irlanda: Muerte debida a circunstancias diversas de orden medical"},"content":{"rendered":"<p><a href=\"http:\/\/catolicasmexico.com\/blog\/wp-content\/uploads\/2013\/04\/savita3.jpg\"><img data-attachment-id=\"71\" data-permalink=\"http:\/\/catolicasmexico.com\/blog\/27\/savita3\/\" data-orig-file=\"http:\/\/catolicasmexico.com\/blog\/wp-content\/uploads\/2013\/04\/savita3.jpg\" data-orig-size=\"290,174\" data-comments-opened=\"1\" data-image-meta=\"{&quot;aperture&quot;:&quot;0&quot;,&quot;credit&quot;:&quot;&quot;,&quot;camera&quot;:&quot;&quot;,&quot;caption&quot;:&quot;&quot;,&quot;created_timestamp&quot;:&quot;0&quot;,&quot;copyright&quot;:&quot;&quot;,&quot;focal_length&quot;:&quot;0&quot;,&quot;iso&quot;:&quot;0&quot;,&quot;shutter_speed&quot;:&quot;0&quot;,&quot;title&quot;:&quot;&quot;,&quot;orientation&quot;:&quot;0&quot;}\" data-image-title=\"savita3\" data-image-description=\"\" data-medium-file=\"http:\/\/catolicasmexico.com\/blog\/wp-content\/uploads\/2013\/04\/savita3.jpg\" data-large-file=\"http:\/\/catolicasmexico.com\/blog\/wp-content\/uploads\/2013\/04\/savita3.jpg\" class=\"alignnone size-full wp-image-71\" title=\"savita3\" src=\"http:\/\/catolicasmexico.com\/blog\/wp-content\/uploads\/2013\/04\/savita3.jpg\" alt=\"\" width=\"290\" height=\"174\" srcset=\"http:\/\/catolicasmexico.com\/blog\/wp-content\/uploads\/2013\/04\/savita3.jpg 290w, http:\/\/catolicasmexico.com\/blog\/wp-content\/uploads\/2013\/04\/savita3-150x150.jpg 150w\" sizes=\"100vw\" \/> <\/a><\/p>\n<p>AFP .<\/p>\n<p>La investigaci\u00f3n en Irlanda sobre la muerte de una mujer, que seg\u00fan su marido , se debi\u00f3 a la negaci\u00f3n de los m\u00e9dicos de realizarle un aborto concluyo el viernes con el resultado que la muerte de la mujer se fue debido a la evolucion cl\u00ednica de la paciente . Esta muerte, causa la reapertura del debate sobre el aborto en este pa\u00eds de tradici\u00f3n cat\u00f3lica. La interrupci\u00f3n del aborto est\u00e1n prohibidos, salvo de que la vida de la madre peligre. Savita Halappanavar una dentista de 31 a\u00f1os , originaria de la India, muri\u00f3 en octubre de una septicemia, en el hospital de Galway, una semana despu\u00e9s de ser admitida en el hospital, por causa de una aborto espont\u00e1neo. Su marido, Praveen, afirmo que el equipo m\u00e9dico rechazo la practica un aborto , pues el coraz\u00f3n del embri\u00f3n latia todav\u00eda. Pero la investigaci\u00f3n que comenz\u00f3 el 8 de abril, dio como resultado que la muerte de Savita, fue debida a circunstancias diversas de orden medical.<\/p>\n","protected":false},"excerpt":{"rendered":"<p>AFP . La investigaci\u00f3n en Irlanda sobre la muerte de una mujer, que seg\u00fan su marido , se debi\u00f3 a la negaci\u00f3n de los m\u00e9dicos de realizarle un aborto concluyo el viernes con el resultado que la muerte de la mujer se fue debido a la evolucion cl\u00ednica de la paciente . Esta muerte, causa [&hellip;]<\/p>\n","protected":false},"author":2,"featured_media":71,"comment_status":"open","ping_status":"open","sticky":false,"template":"","format":"standard","meta":{"spay_email":"","jetpack_publicize_message":"","jetpack_is_tweetstorm":false},"categories":[9],"tags":[],"aioseo_notices":[],"jetpack_featured_media_url":"http:\/\/catolicasmexico.com\/blog\/wp-content\/uploads\/2013\/04\/savita3.jpg","jetpack_publicize_connections":[],"jetpack_shortlink":"https:\/\/wp.me\/s3B5XH-27","jetpack-related-posts":[{"id":3845,"url":"http:\/\/catolicasmexico.com\/blog\/aborto-legal-y-seguromuerte-en-gran-bretana-de-una-joven-venida-de-irlanda-para-realizar-un-aborto-los-medios-de-comunicacion-callan\/","url_meta":{"origin":27,"position":0},"title":"\u00bfAborto legal y seguro?Muerte en Gran Breta\u00f1a de una joven venida de Irlanda para realizar un aborto: los medios de comunicaci\u00f3n callan.","date":"7 julio 2015","format":false,"excerpt":"El m\u00e9dico y las 2 enfermeras son acusados de homicidio involuntario. No hay medios de comunicaci\u00f3n internacionales que hablan de esto, sin embargo la muerte de Aisha Chitchira, una mujer de 32 a\u00f1os nacida en Malawi residente de Dubl\u00edn, Irlanda, viv\u00eda con su marido, contaba con la visa de estudiante\u2026","rel":"","context":"En \u00abAborto\u00bb","img":{"alt_text":"","src":"https:\/\/i0.wp.com\/catolicasmexico.com\/blog\/wp-content\/uploads\/2015\/07\/20150707-165532.jpg?resize=350%2C200","width":350,"height":200},"classes":[]},{"id":1169,"url":"http:\/\/catolicasmexico.com\/blog\/4-diputados-que-votaron-contra-el-proyecto-de-ley-para-legalizar-el-aborto-en-irlanda-han-sido-expulsados-de-su-partido\/","url_meta":{"origin":27,"position":1},"title":"4 Diputados que votaron contra el proyecto de ley para legalizar el aborto en Irlanda han sido expulsados de su partido","date":"10 julio 2013","format":false,"excerpt":"Del blog de www.cqv.qc.ca original del blog de Jeanne Smits. Traducci\u00f3n y edici\u00f3n libre www.catolicasmexico.com Tras la primera votaci\u00f3n que fue favorable (138 votos contra 24 en la c\u00e1mara baja) a la ley, que pone fin a la prohibici\u00f3n del aborto en Irlanda - en 24 horas - cuatro miembros\u2026","rel":"","context":"En \u00abAborto\u00bb","img":{"alt_text":"","src":"","width":0,"height":0},"classes":[]},{"id":4310,"url":"http:\/\/catolicasmexico.com\/blog\/una-mujer-en-estado-grave-por-aborto-tardio-fue-trasladada-por-las-escaleras-de-una-clinica\/","url_meta":{"origin":27,"position":2},"title":"Una mujer en estado grave por aborto tard\u00edo, fue trasladada por las escaleras de una cl\u00ednica.","date":"16 marzo 2016","format":false,"excerpt":"Unas horas despu\u00e9s de que los l\u00edderes de la coalici\u00f3n Provida emitieron un comunicado de prensa sobre una demanda contra un centro de aborto de la ciudad de Cleveland, la administraci\u00f3n de los Registros P\u00fablicos finalmente public\u00f3 la transcripci\u00f3n de una urgencia m\u00e9dica que ocurri\u00f3 tras un aborto tard\u00edo el\u2026","rel":"","context":"En \u00abAborto\u00bb","img":{"alt_text":"","src":"https:\/\/i0.wp.com\/catolicasmexico.com\/blog\/wp-content\/uploads\/2016\/03\/IMG_0476-0.png?resize=350%2C200","width":350,"height":200},"classes":[]},{"id":4809,"url":"http:\/\/catolicasmexico.com\/blog\/abortista-deja-instrumento-quirurgico-dentro-de-la-paciente-causandole-la-muerte\/","url_meta":{"origin":27,"position":3},"title":"Abortista deja instrumento quir\u00fargico dentro de la paciente caus\u00e1ndole la muerte.","date":"25 noviembre 2018","format":false,"excerpt":"El Centro para Mujeres en West Palm Beach fue responsable de la muerte de una mujer de 31 a\u00f1os debido a las complicaciones de un aborto. Esta instalaci\u00f3n de aborto ya tuvo varios incidentes en su registro. El \u00faltimo, descubierto y revelado por \u201cOperation Rescue\u201d. Este es a\u00fan m\u00e1s impactante\u2026","rel":"","context":"En \u00abAborto\u00bb","img":{"alt_text":"","src":"https:\/\/i0.wp.com\/catolicasmexico.com\/blog\/wp-content\/uploads\/2018\/11\/frank-rodriguez-avorteur.jpg?resize=350%2C200","width":350,"height":200},"classes":[]},{"id":4783,"url":"http:\/\/catolicasmexico.com\/blog\/una-mujer-de-30-anos-muere-desangrada-en-un-aborto-de-segundo-trimestre\/","url_meta":{"origin":27,"position":4},"title":"Una mujer de 30 a\u00f1os muere desangrada en un aborto de segundo trimestre.","date":"29 noviembre 2017","format":false,"excerpt":"Jaime Morales entr\u00f3 el 9 de julio 2016 en un centro para abortar durante su segundo trimestro de embarazo y muri\u00f3 este mismo d\u00eda. El Dr Robert Rho fue encarcelado el 11 de octubre en un raro caso criminal. Dijo que era un aborto sin complicaci\u00f3n hasta que el equipo\u2026","rel":"","context":"En \u00abAborto\u00bb","img":{"alt_text":"","src":"https:\/\/i1.wp.com\/catolicasmexico.com\/blog\/wp-content\/uploads\/2017\/11\/IMG_0175.png?resize=350%2C200","width":350,"height":200},"classes":[]},{"id":1718,"url":"http:\/\/catolicasmexico.com\/blog\/ecuador-human-right-watch-presiona-para-legalizar-el-aborto\/","url_meta":{"origin":27,"position":5},"title":"Ecuador : Human Right Watch presiona para legalizar el aborto.","date":"29 agosto 2013","format":false,"excerpt":"Noticia Agencialavoz. Edici\u00f3n www.catolicasmexico.com ECUADOR.-(AGENCIALAVOZ) Contin\u00faa el proceso para extender el crimen del aborto en Am\u00e9rica. HRW (Human Right Watch), la ONG autodenominada \u00abdefensora de los Derechos Humanos\u00bb, quiere que el gobierno de Ecuador modifique su legislaci\u00f3n para que se pueda abortar libremente en casos de \u00abviolencia sexual\u00bb. La Asamblea\u2026","rel":"","context":"En \u00abAborto\u00bb","img":{"alt_text":"","src":"","width":0,"height":0},"classes":[]}],"jetpack_likes_enabled":false,"jetpack_sharing_enabled":true,"_links":{"self":[{"href":"http:\/\/catolicasmexico.com\/blog\/wp-json\/wp\/v2\/posts\/27"}],"collection":[{"href":"http:\/\/catolicasmexico.com\/blog\/wp-json\/wp\/v2\/posts"}],"about":[{"href":"http:\/\/catolicasmexico.com\/blog\/wp-json\/wp\/v2\/types\/post"}],"author":[{"embeddable":true,"href":"http:\/\/catolicasmexico.com\/blog\/wp-json\/wp\/v2\/users\/2"}],"replies":[{"embeddable":true,"href":"http:\/\/catolicasmexico.com\/blog\/wp-json\/wp\/v2\/comments?post=27"}],"version-history":[{"count":6,"href":"http:\/\/catolicasmexico.com\/blog\/wp-json\/wp\/v2\/posts\/27\/revisions"}],"predecessor-version":[{"id":65,"href":"http:\/\/catolicasmexico.com\/blog\/wp-json\/wp\/v2\/posts\/27\/revisions\/65"}],"wp:featuredmedia":[{"embeddable":true,"href":"http:\/\/catolicasmexico.com\/blog\/wp-json\/wp\/v2\/media\/71"}],"wp:attachment":[{"href":"http:\/\/catolicasmexico.com\/blog\/wp-json\/wp\/v2\/media?parent=27"}],"wp:term":[{"taxonomy":"category","embeddable":true,"href":"http:\/\/catolicasmexico.com\/blog\/wp-json\/wp\/v2\/categories?post=27"},{"taxonomy":"post_tag","embeddable":true,"href":"http:\/\/catolicasmexico.com\/blog\/wp-json\/wp\/v2\/tags?post=27"}],"curies":[{"name":"wp","href":"https:\/\/api.w.org\/{rel}","templated":true}]}}