{"id":2667,"date":"2014-03-06T17:05:14","date_gmt":"2014-03-06T23:05:14","guid":{"rendered":"http:\/\/catolicasmexico.com\/blog\/?p=2667"},"modified":"2014-03-07T13:03:02","modified_gmt":"2014-03-07T19:03:02","slug":"criminales-con-batas-practican-la-eutanasia-pasiva-de-recien-nacidos-en-francia","status":"publish","type":"post","link":"http:\/\/catolicasmexico.com\/blog\/criminales-con-batas-practican-la-eutanasia-pasiva-de-recien-nacidos-en-francia\/","title":{"rendered":"Criminales con batas  practican la eutanasia pasiva de reci\u00e9n nacidos en Francia."},"content":{"rendered":"<p><a href=\"http:\/\/catolicasmexico.com\/blog\/wp-content\/uploads\/2014\/03\/20140307-140849.jpg\"><img src=\"http:\/\/catolicasmexico.com\/blog\/wp-content\/uploads\/2014\/03\/20140307-140849.jpg\" alt=\"20140307-140849.jpg\" class=\"alignnone size-full\"  \/> <\/a><\/p>\n<p>Del sitio www.cqv.cq.ca original del sitio www.actusoins.com del 06 de marzo de 2014  traducci\u00f3n y edici\u00f3n libre www.catolicas mexico.com<br \/>\nlas  diferentes maneras de matar de hambre a los beb\u00e9s son explicadas:<\/p>\n<p>(&#8230;)<\/p>\n<p>El segundo modelo es mucho m\u00e1s activo. El equipo detiene todo cuidado, nutrici\u00f3n e hidrataci\u00f3n, pero  acompa\u00f1a al ni\u00f1o con sedaci\u00f3n, \u00abde modo que este va en silencio hacia la muerte, sin sufrimiento\u00bb. Los padres est\u00e1n informados y el bebe muere en dos o tres d\u00edas.<\/p>\n<p>Finalmente, el tercer modelo se encuentra entre los dos anteriores y es m\u00e1s respetuoso de la ley Leonetti: dejamos todo, tratamos de darle el biber\u00f3n pero sin insistir, despu\u00e9s, dejamos de d\u00e1rselo, para permitirle morir &#8216;naturalmente&#8217;, sin aumentar los sedantes. Esto puede tomar mucho tiempo dos o incluso tres semanas.<br \/>\nComentario de CQV.CQ.CA:<br \/>\nSe deja morir de hambre y sed a un ni\u00f1o durante semanas,  &#8216; naturalmente &#8216;&#8230; Pero \u00bfc\u00f3mo puede un equipo m\u00e9dico estar compuesto  &#8216;naturalmente&#8217; por tanta gente sin coraz\u00f3n?<\/p>\n<p>(&#8230;)<\/p>\n<p>Existen noticias realmente inimaginables&#8230;<\/p>\n","protected":false},"excerpt":{"rendered":"<p>Del sitio www.cqv.cq.ca original del sitio www.actusoins.com del 06 de marzo de 2014 traducci\u00f3n y edici\u00f3n libre www.catolicas mexico.com las diferentes maneras de matar de hambre a los beb\u00e9s son explicadas: (&#8230;) El segundo modelo es mucho m\u00e1s activo. El equipo detiene todo cuidado, nutrici\u00f3n e hidrataci\u00f3n, pero acompa\u00f1a al ni\u00f1o con sedaci\u00f3n, \u00abde modo [&hellip;]<\/p>\n","protected":false},"author":2,"featured_media":2675,"comment_status":"open","ping_status":"open","sticky":false,"template":"","format":"standard","meta":{"spay_email":"","jetpack_publicize_message":"","jetpack_is_tweetstorm":false},"categories":[10,78,70],"tags":[329,88,732],"aioseo_notices":[],"jetpack_featured_media_url":"http:\/\/catolicasmexico.com\/blog\/wp-content\/uploads\/2014\/03\/20140307-140849.jpg","jetpack_publicize_connections":[],"jetpack_shortlink":"https:\/\/wp.me\/p3B5XH-H1","jetpack-related-posts":[{"id":1115,"url":"http:\/\/catolicasmexico.com\/blog\/el-comite-de-etica-del-gobierno-de-francia-rechaza-la-legalizacion-del-suicidio-asistido\/","url_meta":{"origin":2667,"position":0},"title":"El Comit\u00e9 de \u00c9tica del gobierno de Francia rechaza la legalizaci\u00f3n del suicidio asistido.","date":"8 julio 2013","format":false,"excerpt":"Por Alex Schadenberg. Traducci\u00f3n y edici\u00f3n libre Alejandro P. de www.catolicasmexico.com Coalici\u00f3n de prevenci\u00f3n de la eutanasia El Comit\u00e9 Consultivo Oficial de \u00c9tica de Francia(CCNE de Francia) ha rechazado la legalizaci\u00f3n del suicidio asistido despu\u00e9s de un voto mayoritario. La Comisi\u00f3n encargada de investigar la cuesti\u00f3n de la eutanasia y\u2026","rel":"","context":"En \u00abEutanasia\u00bb","img":{"alt_text":"","src":"","width":0,"height":0},"classes":[]},{"id":5065,"url":"http:\/\/catolicasmexico.com\/blog\/bebes-recien-nacidos-en-belgica-y-paises-bajos-son-asesinados\/","url_meta":{"origin":2667,"position":1},"title":"Beb\u00e9s recien nacidos en B\u00e9lgica y pa\u00edses Bajos son asesinados.","date":"5 octubre 2021","format":false,"excerpt":"Los beb\u00e9s reci\u00e9n nacidos son asesinados en B\u00e9lgica y Pa\u00edses Bajos, pero los pro-muerte no lo llaman infanticidio.Publicado por Augustin Hamilton el 10\/01\/2021 21:14 Por Jonathon Van Maren - Traducido por Campaigne Qu\u00e9bec-Vie - Foto: Rawpixel.com\/AdobeStock 27 de septiembre de 2021 (LifeSiteNews) - Durante d\u00e9cadas, los activistas pro-vida advirtieron que\u2026","rel":"","context":"En \u00abAborto\u00bb","img":{"alt_text":"","src":"https:\/\/i0.wp.com\/catolicasmexico.com\/blog\/wp-content\/uploads\/2021\/10\/Bebe-pieds-hopital-rawpixel-com-adobestock.jpg?resize=350%2C200","width":350,"height":200},"classes":[]},{"id":125,"url":"http:\/\/catolicasmexico.com\/blog\/eduard-verhagen-apunta-a-eliminar-al-nino-enfermo-tras-el-nacimiento-en-lugar-de-durante-la-gestacion-certeza-total-sobre-el-diagnostico-y-un-pronostico-mas-claro-apunta-el-medico-holandes-autor\/","url_meta":{"origin":2667,"position":2},"title":"Eduard Verhagen apunta a eliminar al ni\u00f1o enfermo tras el nacimiento en lugar de durante la gestaci\u00f3n \"Certeza total sobre el diagn\u00f3stico y un pron\u00f3stico m\u00e1s claro\", apunta el m\u00e9dico holand\u00e9s, autor del Protocolo de Groningen","date":"3 mayo 2013","format":false,"excerpt":"Certeza total sobre el\u00a0diagn\u00f3stico y un pron\u00f3stico m\u00e1s claro: es por lo que el m\u00e9dico holand\u00e9s Eduard Verhagen defiende que se opte por eliminar al ni\u00f1o enfermo tras el nacimiento, en lugar de durante la gestaci\u00f3n. \u00a0 REDACCI\u00d3N HO.- \u00a0Certeza total sobre el\u00a0diagn\u00f3stico y un pron\u00f3stico m\u00e1s claro despu\u00e9s del\u2026","rel":"","context":"En \u00abAborto\u00bb","img":{"alt_text":"","src":"https:\/\/i1.wp.com\/catolicasmexico.com\/blog\/wp-content\/uploads\/2013\/05\/imagezz-1.jpeg?resize=350%2C200","width":350,"height":200},"classes":[]},{"id":2021,"url":"http:\/\/catolicasmexico.com\/blog\/en-belgica-se-esta-tratando-el-tema-de-la-eutanasia-para-los-ninos\/","url_meta":{"origin":2667,"position":3},"title":"En B\u00e9lgica se est\u00e1 tratando el tema de la eutanasia para los ni\u00f1os.","date":"5 noviembre 2013","format":false,"excerpt":"Traducci\u00f3n y edici\u00f3n libre www.catolicasmexico.com Del sitio de campagne quebec-vie original del Sitio web de Radio-Canada de 02 de noviembre de 2013. (Foto: Fr\u00e9d\u00e9rique Laporte en flickr.com de Creative Commons) Mientras que en Quebec se ha comenzado a hablar de la ayuda a morir , B\u00e9lgica evoca la posibilidad de\u2026","rel":"","context":"En \u00abEutanasia\u00bb","img":{"alt_text":"","src":"https:\/\/i0.wp.com\/catolicasmexico.com\/blog\/wp-content\/uploads\/2013\/11\/20131105-125149.jpg?resize=350%2C200","width":350,"height":200},"classes":[]},{"id":940,"url":"http:\/\/catolicasmexico.com\/blog\/la-eutanasia-infantil-en-belgica-y-los-paises-bajos-70-anos-despues-del-regimen-nazi\/","url_meta":{"origin":2667,"position":4},"title":"La eutanasia infantil en B\u00e9lgica y los Pa\u00edses Bajos 70 a\u00f1os despu\u00e9s del r\u00e9gimen Nazi","date":"21 junio 2013","format":false,"excerpt":"POR PETER SAUNDERS \u00a0 18 De junio del 2013 (PJSaunders) - La semana pasada B\u00e9lgica y Holanda han tomado pasos importantes para la legalizacion de la eutanasia para los ni\u00f1os. \u00a0 Seg\u00fan los informes, un acuerdo se ha formado entre los miembros del Parlamento Federal belga en apoyo a la\u2026","rel":"","context":"En \u00abEutanasia\u00bb","img":{"alt_text":"","src":"https:\/\/i1.wp.com\/catolicasmexico.com\/blog\/wp-content\/uploads\/2013\/06\/Karl_Brandt_SS-Arzt.jpg?resize=350%2C200","width":350,"height":200},"classes":[]},{"id":3116,"url":"http:\/\/catolicasmexico.com\/blog\/el-envenenador-bonnemaison-absuelto-por-la-corte-de-pau\/","url_meta":{"origin":2667,"position":5},"title":"El envenenador  \"Bonnemaison\" absuelto por la corte de Pau.","date":"25 junio 2014","format":false,"excerpt":"Del sitio www.cqv.cq.ca original del sitio www.nouvellesdefrance.com traducci\u00f3n y edici\u00f3n libre www.catolicas mexico.com En Francia el hecho de golpear a muerte una avestruz es m\u00e1s grave que el hecho de envenenar a la gente. Este individuo ha envenenado a siete pacientes en face terminal m\u00e1s la corte de Pau absolvi\u00f3\u2026","rel":"","context":"En \u00abEuropa\u00bb","img":{"alt_text":"","src":"https:\/\/i0.wp.com\/catolicasmexico.com\/blog\/wp-content\/uploads\/2014\/06\/20140625-1350001.jpg?resize=350%2C200","width":350,"height":200},"classes":[]}],"jetpack_likes_enabled":false,"jetpack_sharing_enabled":true,"_links":{"self":[{"href":"http:\/\/catolicasmexico.com\/blog\/wp-json\/wp\/v2\/posts\/2667"}],"collection":[{"href":"http:\/\/catolicasmexico.com\/blog\/wp-json\/wp\/v2\/posts"}],"about":[{"href":"http:\/\/catolicasmexico.com\/blog\/wp-json\/wp\/v2\/types\/post"}],"author":[{"embeddable":true,"href":"http:\/\/catolicasmexico.com\/blog\/wp-json\/wp\/v2\/users\/2"}],"replies":[{"embeddable":true,"href":"http:\/\/catolicasmexico.com\/blog\/wp-json\/wp\/v2\/comments?post=2667"}],"version-history":[{"count":2,"href":"http:\/\/catolicasmexico.com\/blog\/wp-json\/wp\/v2\/posts\/2667\/revisions"}],"predecessor-version":[{"id":2676,"href":"http:\/\/catolicasmexico.com\/blog\/wp-json\/wp\/v2\/posts\/2667\/revisions\/2676"}],"wp:featuredmedia":[{"embeddable":true,"href":"http:\/\/catolicasmexico.com\/blog\/wp-json\/wp\/v2\/media\/2675"}],"wp:attachment":[{"href":"http:\/\/catolicasmexico.com\/blog\/wp-json\/wp\/v2\/media?parent=2667"}],"wp:term":[{"taxonomy":"category","embeddable":true,"href":"http:\/\/catolicasmexico.com\/blog\/wp-json\/wp\/v2\/categories?post=2667"},{"taxonomy":"post_tag","embeddable":true,"href":"http:\/\/catolicasmexico.com\/blog\/wp-json\/wp\/v2\/tags?post=2667"}],"curies":[{"name":"wp","href":"https:\/\/api.w.org\/{rel}","templated":true}]}}