{"id":2665,"date":"2014-03-06T11:47:43","date_gmt":"2014-03-06T17:47:43","guid":{"rendered":"http:\/\/catolicasmexico.com\/blog\/?p=2665"},"modified":"2014-03-06T11:47:43","modified_gmt":"2014-03-06T17:47:43","slug":"en-mexico-tenemos-la-pareja-mas-longeva-del-mundo-tras-81-de-casados-y-dicen-el-matrimonio-no-es-para-relajo","status":"publish","type":"post","link":"http:\/\/catolicasmexico.com\/blog\/en-mexico-tenemos-la-pareja-mas-longeva-del-mundo-tras-81-de-casados-y-dicen-el-matrimonio-no-es-para-relajo\/","title":{"rendered":"En M\u00e9xico tenemos la pareja m\u00e1s longeva del mundo tras 81 de casados, y dicen: \u00abEl matrimonio no es para relajo\u00bb"},"content":{"rendered":"<p><a href=\"http:\/\/catolicasmexico.com\/blog\/wp-content\/uploads\/2014\/03\/20140306-125745.jpg\"><img src=\"http:\/\/catolicasmexico.com\/blog\/wp-content\/uploads\/2014\/03\/20140306-125745.jpg\" alt=\"20140306-125745.jpg\" class=\"alignnone size-full\"  \/> <\/a><\/p>\n<p>\u00a1Un ejemplo a seguir, orgullosamente mexicanos!<br \/>\nArticulo de ACI prensa<\/p>\n<p>Estefana G\u00f3mez V\u00e1zquez (97) y Faustino Jacinto V\u00e1zquez (99) llevan 81 a\u00f1os de casados y son probablemente la pareja de esposos m\u00e1s longeva de M\u00e9xico y quiz\u00e1 del mundo con una numerosa familia de 204 descendientes. Para los esposos, el matrimonio \u201ces un compromiso ante Dios. Es hasta que Dios nos quite la vida. Hay que sufrirle. Esto no es para relajo\u201d.<\/p>\n<p>Ellos todas las ma\u00f1anas rezan juntos frente a una imagen de Nuestra Se\u00f1ora de Guadalupe y una cruz tallada en madera ubicada en la sala de su casa, dando gracias por un d\u00eda m\u00e1s de vida.<\/p>\n<p>Faustino y Estefana viven en Villa del Carb\u00f3n en el Estado de M\u00e9xico, en donde adem\u00e1s vive la mayor\u00eda de sus 11 hijos que a\u00fan viven, sus 65 nietos, 110 bisnietos y 18 tataranietos, con quienes festejar\u00e1n en junio los 100 a\u00f1os de Faustino.<\/p>\n<p>Estefana se\u00f1al\u00f3 que durante su vida \u201cnos fuimos adaptando a lo que hab\u00eda. Nunca pens\u00e9 en separarnos. Nos casamos para estar unidos todo el tiempo que tengamos vida\u201d, a lo que agreg\u00f3 Faustino, \u201ccuando ella cre\u00eda que yo hac\u00eda algo mal, me correg\u00eda. Y tambi\u00e9n cuando yo ve\u00eda algo que no iba, se lo dec\u00eda\u201d, de esta manera resuelven sus diferencias.<\/p>\n<p>Los esposos en total tuvieron 15 hijos, de los cuales cuatro fallecieron, muchos de ellos enfermaron por no contar con las vacunas, algunos tuvieron sarampi\u00f3n y otros padecimientos inexplicables que trataban de curar con los remedios caseros que ten\u00edan a su alcance.<\/p>\n<p>En su testimonio concedido al peri\u00f3dico mexicano La Jornada, expresaron que \u201csi Dios me los quiere dejar, bien; si no, lo que haga est\u00e1 bien hecho\u201d. Actualmente los hijos vivos de la pareja tienen entre 52 y 78 a\u00f1os de edad.<\/p>\n<p>La historia de amor entre los esposos, empez\u00f3 cuando Faustino a la edad de 18 a\u00f1os escuch\u00f3 a su madre mencionar sobre una joven de 16 a\u00f1os llamada Estefana de buenos sentimientos y seria.<\/p>\n<p>En ese momento explic\u00f3 Faustino, sinti\u00f3 que su coraz\u00f3n se aceler\u00f3 y se enamor\u00f3 de ella sin conocerla y ya desde ah\u00ed se imaginaba toda una vida a su lado, por tanto se propuso hacerla su novia.<\/p>\n<p>Cuando se conocieron, Estefana trabajaba moment\u00e1neamente en una casa en Villa del Carb\u00f3n hasta que regres\u00f3 con su familia en Ca\u00f1ada, un poblado cercano. Esto hizo que Faustino caminara cerca de dos horas para verla.<\/p>\n<p>En ese entonces, \u00e9l trabajaba en la explotaci\u00f3n de carb\u00f3n vegetal y un d\u00eda le pregunt\u00f3 a la Estefana: \u201c\u00bfest\u00e1s segura que me quieres? S\u00f3lo tengo lo que traigo puesto, un sombrero de palma roto y la ropa sucia de carb\u00f3n\u201d, a lo que ella respondi\u00f3 con un \u201cs\u00ed\u201d, afirmando ahora que le toc\u00f3 \u201cun buen marido\u201d.<\/p>\n<p>Faustina entre risas comenta que el 15 de septiembre \u201cme la rob\u00e9\u201d y el 17 de octubre de 1932 a las pocas semanas de conocerse, la pareja se dio el s\u00ed ante Dios.<\/p>\n<p>Desde ah\u00ed han pasado por diferentes dificultades a causa de la pobreza, el hambre y las enfermedades. Estefana cuidaba a los hijos y trabajaba lavando ropa, \u201ccom\u00edamos lo que se pod\u00eda. Quelites, frijoles, tortillas\u201d, dijo ella.<\/p>\n<p>Luego de trabajar como carbonero, Faustino tambi\u00e9n fue machetero y chofer, hasta que el a\u00f1o 1980 decidi\u00f3 dedicarse a la siembra en sus tierras y al cuidado del ganado.<\/p>\n<p>Recuerda que para ver la televisi\u00f3n pagaba 20 centavos y ahora en cambio dice que \u201chay que acostumbrarse a los cambios\u201d ya tiene televisor en casa y todos sus familiares llegan con sus tel\u00e9fonos en mano. <\/p>\n<p>Tambi\u00e9n se dedic\u00f3 a ser delegado de San Jer\u00f3nimo Zacapexco y ahora el multideportivo del municipio y un corrido (canci\u00f3n popular) llevan su nombre, tomando en cuenta que form\u00f3 parte del equipo local de f\u00fatbol \u201cEl Oro\u201d en los a\u00f1os sesenta.<\/p>\n<p>Actualmente Faustino tiene problemas respiratorios y anda con ox\u00edgeno, y ya que viven solos, sus hijos se turnan para cuidarlos, sin embargo Estefana no ha dejado de cocinar para su esposo y preparandole la comida tal como a \u00e9l le gusta.<\/p>\n<p>En un informe difundido en Televisa, Antonio Jacinto G\u00f3mez, uno de sus hijos resalt\u00f3 el respeto que siempre hubo y contin\u00faa entre ellos, y para uno de sus nietos, Juan Manuel Jacinto Cruz, destac\u00f3 que el amor que dura entre ellos los anima a seguir ese ejemplo.<\/p>\n","protected":false},"excerpt":{"rendered":"<p>\u00a1Un ejemplo a seguir, orgullosamente mexicanos! Articulo de ACI prensa Estefana G\u00f3mez V\u00e1zquez (97) y Faustino Jacinto V\u00e1zquez (99) llevan 81 a\u00f1os de casados y son probablemente la pareja de esposos m\u00e1s longeva de M\u00e9xico y quiz\u00e1 del mundo con una numerosa familia de 204 descendientes. Para los esposos, el matrimonio \u201ces un compromiso ante [&hellip;]<\/p>\n","protected":false},"author":2,"featured_media":2664,"comment_status":"open","ping_status":"open","sticky":false,"template":"","format":"standard","meta":{"spay_email":"","jetpack_publicize_message":"","jetpack_is_tweetstorm":false},"categories":[15,13,57],"tags":[326,727],"aioseo_notices":[],"jetpack_featured_media_url":"http:\/\/catolicasmexico.com\/blog\/wp-content\/uploads\/2014\/03\/20140306-125745.jpg","jetpack_publicize_connections":[],"jetpack_shortlink":"https:\/\/wp.me\/p3B5XH-GZ","jetpack-related-posts":[{"id":2010,"url":"http:\/\/catolicasmexico.com\/blog\/mexico-ciudad-juarezchihuahua-cayo-a-las-sombras-de-sodoma-y-gomorra-por-un-recurso-de-amparo\/","url_meta":{"origin":2665,"position":0},"title":"M\u00e9xico: Ciudad Ju\u00e1rez,Chihuahua cayo a las sombras de Sodoma y Gomorra por un recurso de amparo","date":"4 noviembre 2013","format":false,"excerpt":"Una vez m\u00e1s, por la decisi\u00f3n de unos cuantos jueces, se cambian las leyes de toda una naci\u00f3n, recordemos como el aborto fue legalizado en E.U. y como por la decisi\u00f3n de esas 9 personas integrantes de la corte suprema, se acaba con la vida de 330,000 seres humanos cada\u2026","rel":"","context":"En \u00abHomosexualidad\u00bb","img":{"alt_text":"","src":"","width":0,"height":0},"classes":[]},{"id":1701,"url":"http:\/\/catolicasmexico.com\/blog\/un-juez-federal-obliga-al-estado-de-chihuahua-a-registrar-legalmente-un-matrimonio-homosexual\/","url_meta":{"origin":2665,"position":1},"title":"Un juez federal obliga al estado de Chihuahua a registrar legalmente un \u00abmatrimonio\u00bb homosexual","date":"26 agosto 2013","format":false,"excerpt":"Art\u00edculo de AGENCIALA VOZ. Edici\u00f3n y comentario www.catolicasmexico.com (\u00bfAlguien puede explicarnos porque leyes abyectas, son pronunciadas en el mundo, solo por el gusto y el inter\u00e9s de unos cuantos? Objetando los nuevos derechos del individuo, se esta destruyendo a la sociedad. Sabemos, por experiencia que el paso siguiente ser\u00e1 el\u2026","rel":"","context":"En \u00abHomosexualidad\u00bb","img":{"alt_text":"","src":"","width":0,"height":0},"classes":[]},{"id":2004,"url":"http:\/\/catolicasmexico.com\/blog\/pro-familias-y-pro-vida-de-peru-organizan-caminata-masiva-de-oracion-y-ayuno-por-chile-y-mexico\/","url_meta":{"origin":2665,"position":2},"title":"Pro familias y pro-vida de Per\u00fa : organizan caminata masiva de oraci\u00f3n y ayuno por Chile y M\u00e9xico","date":"3 noviembre 2013","format":false,"excerpt":"Todo el mundo esta al corriente de que en M\u00e9xico est\u00e1 por aprobarse esta ley, salvo los propios mexicanos, tenemos que unirnos y luchar por nuestro pa\u00eds, pues son nuestros hijos los que ser\u00e1n afectados con tan abominable y abyecta ley. ESPA\u00d1A.-(AGENCIALAVOZ) El pastor Jos\u00e9 Linares Cer\u00f3n Presidente de Ciprofam\u2026","rel":"","context":"En \u00abAborto\u00bb","img":{"alt_text":"","src":"","width":0,"height":0},"classes":[]},{"id":1125,"url":"http:\/\/catolicasmexico.com\/blog\/mientras-la-vieja-europa-celebra-el-dia-del-orgullo-gay-rusia-festeja-el-dia-de-la-familia-el-amor-y-la-fidelidad\/","url_meta":{"origin":2665,"position":3},"title":"Mientras la vieja Europa celebra el D\u00eda del Orgullo Gay, Rusia festeja el D\u00eda de la Familia, el Amor y la Fidelidad.","date":"8 julio 2013","format":false,"excerpt":"Art\u00edculo de alertadigital VR.- En Rusia comienzan hoy las actividades festivas por el D\u00eda Nacional de la Familia, el Amor y la Fidelidad. Tradicionalmente, esta fiesta, que se celebra a escala nacional desde 2008, coincide en el calendario ortodoxo con el D\u00eda de San Pedro y Santa Fevronia: el 8\u2026","rel":"","context":"En \u00abFamilia\u00bb","img":{"alt_text":"","src":"","width":0,"height":0},"classes":[]},{"id":528,"url":"http:\/\/catolicasmexico.com\/blog\/piden-retomar-los-valores-para-evitar-mas-violencia-familiar-en-mexico\/","url_meta":{"origin":2665,"position":4},"title":"Piden retomar los valores para evitar m\u00e1s violencia familiar en M\u00e9xico","date":"27 mayo 2013","format":false,"excerpt":"El vocero de la Di\u00f3cesis de Quer\u00e9taro (M\u00e9xico), P. Sa\u00fal Ragoitia Vega, llam\u00f3 a las autoridades y a la sociedad en general a retomar los valores para as\u00ed combatir la violencia dentro de la familia, que est\u00e1 sufriendo un deterioro como consecuencia de la cultura de la muerte. El vocero\u2026","rel":"","context":"En \u00abFamilia\u00bb","img":{"alt_text":"","src":"https:\/\/i0.wp.com\/catolicasmexico.com\/blog\/wp-content\/uploads\/2013\/05\/image-102.jpeg?resize=350%2C200","width":350,"height":200},"classes":[]},{"id":3495,"url":"http:\/\/catolicasmexico.com\/blog\/una-pareja-dijo-no-al-aborto-a-pesar-del-diagnostico-el-bebe-nacio-completamente-sano\/","url_meta":{"origin":2665,"position":5},"title":"Una pareja dijo no al aborto, a pesar del diagn\u00f3stico. \u00a1El beb\u00e9 naci\u00f3 completamente sano!","date":"30 octubre 2014","format":false,"excerpt":"Art\u00edculo original: Sarah Zagorski, Dubl\u00edn, Irlanda, Lifesnews.com, traducci\u00f3n y edici\u00f3n libre Jules para cat\u00f3licas M\u00e9xico 22 de octubre de 2014. Cuando Melanie y Damion Sheenan fueron al hospital para una ecograf\u00eda del vientre de Melanie, veinte semanas embarazada, recibieron una noticia muy preocupante. El m\u00e9dico les dijo que su hijo\u2026","rel":"","context":"En \u00abAborto\u00bb","img":{"alt_text":"","src":"https:\/\/i2.wp.com\/catolicasmexico.com\/blog\/wp-content\/uploads\/2014\/10\/joshuasheenan.png?resize=350%2C200","width":350,"height":200},"classes":[]}],"jetpack_likes_enabled":false,"jetpack_sharing_enabled":true,"_links":{"self":[{"href":"http:\/\/catolicasmexico.com\/blog\/wp-json\/wp\/v2\/posts\/2665"}],"collection":[{"href":"http:\/\/catolicasmexico.com\/blog\/wp-json\/wp\/v2\/posts"}],"about":[{"href":"http:\/\/catolicasmexico.com\/blog\/wp-json\/wp\/v2\/types\/post"}],"author":[{"embeddable":true,"href":"http:\/\/catolicasmexico.com\/blog\/wp-json\/wp\/v2\/users\/2"}],"replies":[{"embeddable":true,"href":"http:\/\/catolicasmexico.com\/blog\/wp-json\/wp\/v2\/comments?post=2665"}],"version-history":[{"count":1,"href":"http:\/\/catolicasmexico.com\/blog\/wp-json\/wp\/v2\/posts\/2665\/revisions"}],"predecessor-version":[{"id":2666,"href":"http:\/\/catolicasmexico.com\/blog\/wp-json\/wp\/v2\/posts\/2665\/revisions\/2666"}],"wp:featuredmedia":[{"embeddable":true,"href":"http:\/\/catolicasmexico.com\/blog\/wp-json\/wp\/v2\/media\/2664"}],"wp:attachment":[{"href":"http:\/\/catolicasmexico.com\/blog\/wp-json\/wp\/v2\/media?parent=2665"}],"wp:term":[{"taxonomy":"category","embeddable":true,"href":"http:\/\/catolicasmexico.com\/blog\/wp-json\/wp\/v2\/categories?post=2665"},{"taxonomy":"post_tag","embeddable":true,"href":"http:\/\/catolicasmexico.com\/blog\/wp-json\/wp\/v2\/tags?post=2665"}],"curies":[{"name":"wp","href":"https:\/\/api.w.org\/{rel}","templated":true}]}}