{"id":2646,"date":"2014-02-28T11:23:20","date_gmt":"2014-02-28T17:23:20","guid":{"rendered":"http:\/\/catolicasmexico.com\/blog\/?p=2646"},"modified":"2014-02-28T11:23:20","modified_gmt":"2014-02-28T17:23:20","slug":"la-peor-cosa-que-hice-en-mi-vida-fue-trabajar-en-un-centro-abortista","status":"publish","type":"post","link":"http:\/\/catolicasmexico.com\/blog\/la-peor-cosa-que-hice-en-mi-vida-fue-trabajar-en-un-centro-abortista\/","title":{"rendered":"La peor cosa que hice en mi vida fue trabajar en un centro abortista\u00bb"},"content":{"rendered":"<p><a href=\"http:\/\/catolicasmexico.com\/blog\/wp-content\/uploads\/2014\/02\/20140228-123400.jpg\"><img src=\"http:\/\/catolicasmexico.com\/blog\/wp-content\/uploads\/2014\/02\/20140228-123400.jpg\" alt=\"20140228-123400.jpg\" class=\"alignnone size-full\"  \/> <\/a><\/p>\n<p>Con informaci\u00f3n del National Catholic Register. Art\u00edculo publicado originalmente por Gaudium Press<br \/>\nsources: Gaudium Press<\/p>\n<p>Marianne Anderson trabaj\u00f3 desde inicios del 2010 hasta julio de 2012 en el Centro de Abortos de \u2018Planned Parenthood&#8217; en Indian\u00e1polis, el mayor proveedor de abortos del estado de Indiana, EE.UU. Hoy afirma que fue \u00abla peor cosa que hizo\u00bb en su vida.<\/p>\n<p>(&#8230;)<br \/>\n \u00abvarias veces hubo complicaciones con los abortos y tuvieron que llamar al hospital para venir a recoger a la mujer [en peligro]. Una chica casi se desangr\u00f3. Tenia co\u00e1gulos, su presi\u00f3n arterial estaba cayendo\u00bb, record\u00f3 Anderson.<\/p>\n<p>Su dram\u00e1tica experiencia la lleva hoy a decir que ese centro de abortos es \u00abun quita-dinero, malo, un triste lugar para trabajar\u00bb. Anderson estaba encargada de aplicar la sedaci\u00f3n por v\u00eda intravenosa a las pacientes.<\/p>\n<p>\u00abNos gritaban si no contest\u00e1bamos el tel\u00e9fono al tercer timbre. Nos dec\u00edan que nos despedir\u00edan, pues necesitaban el dinero\u00bb.<\/p>\n<p>(&#8230;)<\/p>\n<p>Anderson se enferm\u00f3 por lo que vio en la habitaci\u00f3n llamada \u2018POC Producto de la Concepci\u00f3n&#8217;.<\/p>\n<p>\u00abElla vert\u00eda los (productos de la concepci\u00f3n) en un colador, y luego descargar\u00eda los restos por el inodoro\u00bb.<\/p>\n<p>\u00abUn m\u00e9dico le hablaba al beb\u00e9 abortado mientras buscaba todas las partes [de su cuerpo]: \u2018Vamos, bracito, \u00a1s\u00e9 que est\u00e1s ah\u00ed! \u00a1Ahora deja de esconderte de m\u00ed!&#8217; Eso hizo que me enfermara del est\u00f3mago\u00bb, declar\u00f3 la enfermera.<\/p>\n<p>\u00abEl sonido que la m\u00e1quina de succi\u00f3n cuando se enciende a\u00fan me persigue\u00bb, dijo Anderson.<\/p>\n<p>Un d\u00eda ella vio un anuncio del libro \u00abUnplanned\u00bb, escrito por Abby Johnson, ex-directora de Planned Parenthood en Texas, y quien dej\u00f3 su trabajo en 2009 para convertirse en una activista pro-vida. La enfermera ley\u00f3 el libro, contact\u00f3 a la autora y \u00e9sta hizo que se relacionase con Eileen Hartman, defensora local pro-vida que dirige en los Grandes Lagos el Proyecto Gabriel, una red de voluntarios de la Iglesia que ayudan a las mujeres que enfrentan embarazos dif\u00edciles o no planificados.<\/p>\n<p>A trav\u00e9s de Eileen, la enfermera Anderson, tom\u00f3 contacto con toda la red pro -vida. Ella conversaba mucho con Eileen, y supo que varias personas comenzaron a orar por ella.<\/p>\n<p>La enfermera comenz\u00f3 a ser un \u00abproblema\u00bb en el centro de abortos, pues \u00abhablaba demasiado con las chicas [que iban a abortar], pregunt\u00e1ndoles si ellas estaban seguras de querer hacer eso\u00bb. Un d\u00eda de julio la despidieron, pero justo en esos momentos \u00abel tel\u00e9fono comenz\u00f3 a vibrar en mi bolsillo\u00bb: era una llamada del Community North Hospital en Indian\u00e1polis, ofreci\u00e9ndole un nuevo puesto, es el que conserva hasta el d\u00eda de hoy. \u00abYo amo ahora mi trabajo\u00bb, dice. \u00abTrabajo con personas cristianas maravillosas\u00bb.<\/p>\n<p>La enfermera narr\u00f3 sus experiencias en una cena del Proyecto Gabriel, el pasado 6 de febrero. \u00abHa sido un caminar continuo para m\u00ed. Hablar sobre todo ello es doloroso, pero al mismo tiempo curativo\u00bb.<\/p>\n<p>Recientemente la enfermera estuvo en un retiro dedicado a la curaci\u00f3n espiritual de personas que trabajaban en centros abortistas. All\u00ed pidieron a los participantes que a cada d\u00eda que pasara, pusieran un nombre de un ni\u00f1o abortado, de los abortos en que hab\u00edan participado. Ella no recuerda el n\u00famero de abortos en que particip\u00f3, pero se imagina que le \u00abva a tomar varios a\u00f1os antes de llegar a completar la lista\u00bb.<\/p>\n<p>Entretanto, en medio de su dolor, ahora se declara feliz.<\/p>\n","protected":false},"excerpt":{"rendered":"<p>Con informaci\u00f3n del National Catholic Register. Art\u00edculo publicado originalmente por Gaudium Press sources: Gaudium Press Marianne Anderson trabaj\u00f3 desde inicios del 2010 hasta julio de 2012 en el Centro de Abortos de \u2018Planned Parenthood&#8217; en Indian\u00e1polis, el mayor proveedor de abortos del estado de Indiana, EE.UU. Hoy afirma que fue \u00abla peor cosa que hizo\u00bb [&hellip;]<\/p>\n","protected":false},"author":2,"featured_media":2645,"comment_status":"open","ping_status":"open","sticky":false,"template":"","format":"standard","meta":{"spay_email":"","jetpack_publicize_message":"","jetpack_is_tweetstorm":false},"categories":[9,72,14,26],"tags":[322,730],"aioseo_notices":[],"jetpack_featured_media_url":"http:\/\/catolicasmexico.com\/blog\/wp-content\/uploads\/2014\/02\/20140228-123400.jpg","jetpack_publicize_connections":[],"jetpack_shortlink":"https:\/\/wp.me\/p3B5XH-GG","jetpack-related-posts":[{"id":4335,"url":"http:\/\/catolicasmexico.com\/blog\/un-ex-abortista-como-se-puede-compensar-la-vida-de-1-200-ninos-no-se-puede-me-arrepiento-de-haber-realizado-abortos\/","url_meta":{"origin":2646,"position":0},"title":"Un ex abortista :\u00bfC\u00f3mo se puede compensar la vida de 1.200 ni\u00f1os? No se puede...\" me arrepiento de haber realizado abortos \"","date":"4 abril 2016","format":false,"excerpt":"El Dr. Anthony Levatino, ex abortista Empec\u00e9 a hacer abortos en 1977 en el estado de Nueva York cuando hice mi servicio de obstetricia. Me gradu\u00e9 en 1980 , trabaj\u00e9 en el sector privado en Florida y Nueva York. En cinco a\u00f1os realic\u00e9 1200 abortos, incluyendo 100 abortos salinos en\u2026","rel":"","context":"En \u00abAborto\u00bb","img":{"alt_text":"","src":"https:\/\/i1.wp.com\/catolicasmexico.com\/blog\/wp-content\/uploads\/2016\/04\/IMG_0507.jpg?resize=350%2C200","width":350,"height":200},"classes":[]},{"id":4314,"url":"http:\/\/catolicasmexico.com\/blog\/cierra-el-ultimo-centro-de-aborto-en-south-bend-en-indiana\/","url_meta":{"origin":2646,"position":1},"title":"Cierra El \u00faltimo centro de aborto en South Bend en Indiana.","date":"18 marzo 2016","format":false,"excerpt":"Este centro de aborto ya no hac\u00eda abortos desde noviembre pero hab\u00eda continuado a dirigir a las mujeres a otros centros de abortos, ahora va a cerrar sus puertas definitivamente. El Estado le neg\u00f3 la renovaci\u00f3n de su permiso de servicio al tener una serie de problemas. El due\u00f1o de\u2026","rel":"","context":"En \u00abAborto\u00bb","img":{"alt_text":"","src":"https:\/\/i2.wp.com\/catolicasmexico.com\/blog\/wp-content\/uploads\/2016\/03\/IMG_0483.jpg?resize=350%2C200","width":350,"height":200},"classes":[]},{"id":4041,"url":"http:\/\/catolicasmexico.com\/blog\/el-abortista-detenido-con-contenedores-llenos-de-restos-de-bebes-abortados-trabaja-en-un-hospital-catolico\/","url_meta":{"origin":2646,"position":2},"title":"El abortista detenido con contenedores llenos de restos de bebes abortados trabaja en un hospital 'cat\u00f3lico'","date":"21 octubre 2015","format":false,"excerpt":"Original: lifesitenews Traducci\u00f3n libre para catolicasmexico.com \u00a0 \u00a0 Hace unos d\u00edas, LifeNews inform\u00f3 sobre la historia del abortista de\u00a0 Michigan que fue sorprendido con lo que la polic\u00eda local identific\u00f3 como 14 recipientes de pl\u00e1stico que posiblemente conten\u00edan los cuerpos de beb\u00e9s abortados junto con otros tejidos humanos. La polic\u00eda\u2026","rel":"","context":"En \u00abAborto\u00bb","img":{"alt_text":"","src":"https:\/\/i2.wp.com\/catolicasmexico.com\/blog\/wp-content\/uploads\/2015\/10\/michaelroth3.png?resize=350%2C200","width":350,"height":200},"classes":[]},{"id":4809,"url":"http:\/\/catolicasmexico.com\/blog\/abortista-deja-instrumento-quirurgico-dentro-de-la-paciente-causandole-la-muerte\/","url_meta":{"origin":2646,"position":3},"title":"Abortista deja instrumento quir\u00fargico dentro de la paciente caus\u00e1ndole la muerte.","date":"25 noviembre 2018","format":false,"excerpt":"El Centro para Mujeres en West Palm Beach fue responsable de la muerte de una mujer de 31 a\u00f1os debido a las complicaciones de un aborto. Esta instalaci\u00f3n de aborto ya tuvo varios incidentes en su registro. El \u00faltimo, descubierto y revelado por \u201cOperation Rescue\u201d. Este es a\u00fan m\u00e1s impactante\u2026","rel":"","context":"En \u00abAborto\u00bb","img":{"alt_text":"","src":"https:\/\/i0.wp.com\/catolicasmexico.com\/blog\/wp-content\/uploads\/2018\/11\/frank-rodriguez-avorteur.jpg?resize=350%2C200","width":350,"height":200},"classes":[]},{"id":2836,"url":"http:\/\/catolicasmexico.com\/blog\/estados-unidos-proyecto-de-ley-abortista-anularia-toda-ley-pro-vida-en-colorado\/","url_meta":{"origin":2646,"position":4},"title":"Estados Unidos: Proyecto de ley abortista anular\u00eda toda ley pro-vida en Colorado","date":"21 abril 2014","format":false,"excerpt":"Imagen referencial. Foto: Suparna Sinha (CC-BY-SA-2.0) DENVER, 16 Abr. 14 \/ 10:16 pm (ACI\/EWTN Noticias).- Un comit\u00e9 del Senado de Colorado aprob\u00f3 un proyecto de ley que prohibir\u00eda a futuro la aprobaci\u00f3n de cualquier ley pro-vida en el estado, desatando una ola de cr\u00edticas. La propuesta de ley 175 establece\u2026","rel":"","context":"En \u00abAborto\u00bb","img":{"alt_text":"","src":"https:\/\/i2.wp.com\/catolicasmexico.com\/blog\/wp-content\/uploads\/2014\/04\/20140421-115712.jpg?resize=350%2C200","width":350,"height":200},"classes":[]},{"id":3744,"url":"http:\/\/catolicasmexico.com\/blog\/al-sonar-con-santo-tomas-de-aquino-un-abortista-con-mas-de-40-000-abortos-se-convirtio-en-una-activista-pro-vida\/","url_meta":{"origin":2646,"position":5},"title":"Al so\u00f1ar con Santo Tom\u00e1s de Aquino Un abortista con m\u00e1s de 40 000 abortos se convirti\u00f3 en una activista pro-vida","date":"7 mayo 2015","format":false,"excerpt":"\"Saqu\u00e9 este pegote diciendo que deb\u00edan ser fragmentos de huesos y lo puse sobre la tela. Mir\u00e9 y v\u00ed un coraz\u00f3n humano, que se encog\u00eda y que lat\u00eda y lat\u00eda...Me volv\u00ed loco, V\u00ed el coraz\u00f3n batir despacio, m\u00e1s despacio, m\u00e1s lentamente, hasta que se detuvo completamente. Nadie pod\u00eda ver lo\u2026","rel":"","context":"En \u00abAborto\u00bb","img":{"alt_text":"","src":"https:\/\/i1.wp.com\/catolicasmexico.com\/blog\/wp-content\/uploads\/2015\/05\/20150507-124817.jpg?resize=350%2C200","width":350,"height":200},"classes":[]}],"jetpack_likes_enabled":false,"jetpack_sharing_enabled":true,"_links":{"self":[{"href":"http:\/\/catolicasmexico.com\/blog\/wp-json\/wp\/v2\/posts\/2646"}],"collection":[{"href":"http:\/\/catolicasmexico.com\/blog\/wp-json\/wp\/v2\/posts"}],"about":[{"href":"http:\/\/catolicasmexico.com\/blog\/wp-json\/wp\/v2\/types\/post"}],"author":[{"embeddable":true,"href":"http:\/\/catolicasmexico.com\/blog\/wp-json\/wp\/v2\/users\/2"}],"replies":[{"embeddable":true,"href":"http:\/\/catolicasmexico.com\/blog\/wp-json\/wp\/v2\/comments?post=2646"}],"version-history":[{"count":1,"href":"http:\/\/catolicasmexico.com\/blog\/wp-json\/wp\/v2\/posts\/2646\/revisions"}],"predecessor-version":[{"id":2647,"href":"http:\/\/catolicasmexico.com\/blog\/wp-json\/wp\/v2\/posts\/2646\/revisions\/2647"}],"wp:featuredmedia":[{"embeddable":true,"href":"http:\/\/catolicasmexico.com\/blog\/wp-json\/wp\/v2\/media\/2645"}],"wp:attachment":[{"href":"http:\/\/catolicasmexico.com\/blog\/wp-json\/wp\/v2\/media?parent=2646"}],"wp:term":[{"taxonomy":"category","embeddable":true,"href":"http:\/\/catolicasmexico.com\/blog\/wp-json\/wp\/v2\/categories?post=2646"},{"taxonomy":"post_tag","embeddable":true,"href":"http:\/\/catolicasmexico.com\/blog\/wp-json\/wp\/v2\/tags?post=2646"}],"curies":[{"name":"wp","href":"https:\/\/api.w.org\/{rel}","templated":true}]}}