{"id":2643,"date":"2014-02-26T11:59:33","date_gmt":"2014-02-26T17:59:33","guid":{"rendered":"http:\/\/catolicasmexico.com\/blog\/?p=2643"},"modified":"2014-02-26T11:59:33","modified_gmt":"2014-02-26T17:59:33","slug":"dakota-del-sur-prohibe-el-aborto-selectivo","status":"publish","type":"post","link":"http:\/\/catolicasmexico.com\/blog\/dakota-del-sur-prohibe-el-aborto-selectivo\/","title":{"rendered":"Dakota del sur proh\u00edbe  el aborto selectivo."},"content":{"rendered":"<p><a href=\"http:\/\/catolicasmexico.com\/blog\/wp-content\/uploads\/2014\/02\/20140226-130841.jpg\"><img src=\"http:\/\/catolicasmexico.com\/blog\/wp-content\/uploads\/2014\/02\/20140226-130841.jpg\" alt=\"20140226-130841.jpg\" class=\"alignnone size-full\"  \/> <\/a><\/p>\n<p>El Capitolio del estado de Dakota del sur)<\/p>\n<p>(Foto: J. Stephen Conn en flickr.com licencia de creative commons)<\/p>\n<p>Del sitio www.cqv.cq.ca original del sitio les observateurs.ch   traducci\u00f3n y edici\u00f3n libre www.catolicasmexico.com  25 de febrero de 2014 <\/p>\n<p>Dakota  del sur prohibe el aborto selectivo, fue aprobado por 60 votos a favor y 10 en contra ,el texto dirigido a prohibir abortos debido al sexo del ni\u00f1o. Illinois, Pensilvania, Oklahoma, Arizona, Dakota del norte, Kansas y Carolina del Norte ya han adoptado una ley similar. (&#8230;)<\/p>\n<p>Una encuesta de abril de 2013 indic\u00f3 que 85 por ciento de la poblaci\u00f3n deseaba la prohibici\u00f3n del aborto selectivo. \u00bfY en el Canad\u00e1? En enero del 2012  una encuesta indic\u00f3 que dos tercios de la poblaci\u00f3n estaba a favor de la prohibici\u00f3n del aborto selectivo.<\/p>\n","protected":false},"excerpt":{"rendered":"<p>El Capitolio del estado de Dakota del sur) (Foto: J. Stephen Conn en flickr.com licencia de creative commons) Del sitio www.cqv.cq.ca original del sitio les observateurs.ch traducci\u00f3n y edici\u00f3n libre www.catolicasmexico.com 25 de febrero de 2014 Dakota del sur prohibe el aborto selectivo, fue aprobado por 60 votos a favor y 10 en contra ,el [&hellip;]<\/p>\n","protected":false},"author":2,"featured_media":2642,"comment_status":"open","ping_status":"open","sticky":false,"template":"","format":"standard","meta":{"spay_email":"","jetpack_publicize_message":"","jetpack_is_tweetstorm":false},"categories":[9,72,70],"tags":[718,730,68],"aioseo_notices":[],"jetpack_featured_media_url":"http:\/\/catolicasmexico.com\/blog\/wp-content\/uploads\/2014\/02\/20140226-130841.jpg","jetpack_publicize_connections":[],"jetpack_shortlink":"https:\/\/wp.me\/p3B5XH-GD","jetpack-related-posts":[{"id":3786,"url":"http:\/\/catolicasmexico.com\/blog\/su-marido-queria-un-nino-entonces-ella-aborto-18-veces-antes-de-tener-un-varon\/","url_meta":{"origin":2643,"position":0},"title":"Su marido quer\u00eda un ni\u00f1o, entonces ella abort\u00f3 18 veces antes de tener un var\u00f3n","date":"4 junio 2015","format":false,"excerpt":"El aborto selectivo es un problema internacional \u2014 y el fen\u00f3meno es m\u00e1s frecuente en el sudeste asi\u00e1tico. En naciones como China e India, las ni\u00f1as son abortadas rutinariamente porque las costumbres culturales a favorecen a los varones. Vietnam, por desgracia, no es una excepci\u00f3n. \u00a0 Y es all\u00ed donde\u2026","rel":"","context":"En \u00abAborto\u00bb","img":{"alt_text":"","src":"https:\/\/i1.wp.com\/catolicasmexico.com\/blog\/wp-content\/uploads\/2015\/06\/vietnam.jpg?resize=350%2C200","width":350,"height":200},"classes":[]},{"id":1389,"url":"http:\/\/catolicasmexico.com\/blog\/un-juez-frena-la-ley-de-dakota-del-norte-que-prohibe-el-aborto-despues-de-6-semanas-la-llama-claramente-inconstitucional\/","url_meta":{"origin":2643,"position":1},"title":"Un juez frena la ley de Dakota del Norte que proh\u00edbe el aborto despu\u00e9s de 6 semanas: La llama 'claramente inconstitucional'","date":"25 julio 2013","format":false,"excerpt":"Por Ben Johnson Traducci\u00f3n y edici\u00f3n libre Alejandro P. de www.catolicasmexico.com Lunes, 22 de julio de 2013 12:22(LifeSiteNews.com) \u2013 Un juez de distrito de Estados Unidos ha frenado la ley que habr\u00eda prohibido el aborto a partir de seis semanas de embarazo en Dakota del Norte. La ley, que prohibe\u2026","rel":"","context":"En \u00abAborto\u00bb","img":{"alt_text":"","src":"","width":0,"height":0},"classes":[]},{"id":2326,"url":"http:\/\/catolicasmexico.com\/blog\/la-ultima-clinica-de-aborto-en-dakota-del-norte-practica-15-menos-de-abortos-que-el-ano-pasado\/","url_meta":{"origin":2643,"position":2},"title":"La ultima cl\u00ednica de aborto en Dakota del norte practica 15% menos de abortos que el a\u00f1o pasado.","date":"7 enero 2014","format":false,"excerpt":"Del sitio www.cqv.cq.ca original del sitio www.NouvellesdeFrance traducci\u00f3n y edici\u00f3n libre www.catolicas mexico.com La \"cl\u00ednica para mujeres Red River\" en Fargo, que es la \u00faltima del estado que practica abortos,anunci\u00f3 hace unos d\u00edas una ca\u00edda del 15% de su actividad: en 2013, eliminando 1.125 ni\u00f1os en el seno de su\u2026","rel":"","context":"En \u00abAborto\u00bb","img":{"alt_text":"","src":"","width":0,"height":0},"classes":[]},{"id":4359,"url":"http:\/\/catolicasmexico.com\/blog\/162-centros-de-aborto-en-los-eeuu-asesinan-a-bebes-de-mas-de-20-semanas-de-gestacion\/","url_meta":{"origin":2643,"position":3},"title":"162 centros de aborto en los EEUU asesinan a beb\u00e9s de m\u00e1s de 20 semanas de gestaci\u00f3n.","date":"7 abril 2016","format":false,"excerpt":"Cuando el peri\u00f3dico \"Marist\" hizo una encuesta p\u00fablica sobre el aborto tard\u00edo, en noviembre del 2015, los resultados fueron sorprendentes. 81% de los americanos est\u00e1n por la prohibici\u00f3n del aborto despu\u00e9s del primer trimestre del embarazo. 66% de los pro elecci\u00f3n tambi\u00e9n se oponen al aborto en tales condiciones. Considerando\u2026","rel":"","context":"En \u00abAborto\u00bb","img":{"alt_text":"","src":"https:\/\/i0.wp.com\/catolicasmexico.com\/blog\/wp-content\/uploads\/2016\/04\/IMG_0519.jpg?resize=350%2C200","width":350,"height":200},"classes":[]},{"id":1255,"url":"http:\/\/catolicasmexico.com\/blog\/texas-esta-por-adoptar-una-legislacion-que-restringe-el-aborto\/","url_meta":{"origin":2643,"position":4},"title":"Texas est\u00e1 por adoptar una legislaci\u00f3n que restringe el aborto.","date":"12 julio 2013","format":false,"excerpt":"En el sitio de Journal La Presse del 10 de julio. Traducci\u00f3n libre www.catolicasmexico.com La c\u00e1mara de representantes de Texas ha adoptado nuevas restricciones sobre el aborto, este mi\u00e9rcoles, en el segundo per\u00edodo extraordinario de sesiones. Hace poco menos de dos semanas, los republicanos en el Senado no pudieron completar\u2026","rel":"","context":"En \u00abAborto\u00bb","img":{"alt_text":"","src":"https:\/\/i2.wp.com\/catolicasmexico.com\/blog\/wp-content\/uploads\/2013\/07\/20130712-115613.jpg?resize=350%2C200","width":350,"height":200},"classes":[]},{"id":3341,"url":"http:\/\/catolicasmexico.com\/blog\/agrupaciones-pro-abortistas-dedican-6-millones-para-apoyar-la-candidata-abortista-kay-hagan\/","url_meta":{"origin":2643,"position":5},"title":"Agrupaciones pro-abortistas dedican $6 millones para apoyar la candidata abortista Kay Hagan","date":"13 agosto 2014","format":false,"excerpt":"Art\u00edculo original en www.lifenews.com traducci\u00f3n y edici\u00f3n libre Sr.Martin Pacheco La industria del aborto sabe que una elecci\u00f3n clave al Senado est\u00e1 en juego y \u2018Planned Parenthood\u2019 y compa\u00f1\u00eda est\u00e1n listos a gastar lo que sea necesario para asegurarse que Harry Reid controle el Senado. Si \u00e9l mantiene sus funciones,\u2026","rel":"","context":"En \u00abAborto\u00bb","img":{"alt_text":"","src":"","width":0,"height":0},"classes":[]}],"jetpack_likes_enabled":false,"jetpack_sharing_enabled":true,"_links":{"self":[{"href":"http:\/\/catolicasmexico.com\/blog\/wp-json\/wp\/v2\/posts\/2643"}],"collection":[{"href":"http:\/\/catolicasmexico.com\/blog\/wp-json\/wp\/v2\/posts"}],"about":[{"href":"http:\/\/catolicasmexico.com\/blog\/wp-json\/wp\/v2\/types\/post"}],"author":[{"embeddable":true,"href":"http:\/\/catolicasmexico.com\/blog\/wp-json\/wp\/v2\/users\/2"}],"replies":[{"embeddable":true,"href":"http:\/\/catolicasmexico.com\/blog\/wp-json\/wp\/v2\/comments?post=2643"}],"version-history":[{"count":1,"href":"http:\/\/catolicasmexico.com\/blog\/wp-json\/wp\/v2\/posts\/2643\/revisions"}],"predecessor-version":[{"id":2644,"href":"http:\/\/catolicasmexico.com\/blog\/wp-json\/wp\/v2\/posts\/2643\/revisions\/2644"}],"wp:featuredmedia":[{"embeddable":true,"href":"http:\/\/catolicasmexico.com\/blog\/wp-json\/wp\/v2\/media\/2642"}],"wp:attachment":[{"href":"http:\/\/catolicasmexico.com\/blog\/wp-json\/wp\/v2\/media?parent=2643"}],"wp:term":[{"taxonomy":"category","embeddable":true,"href":"http:\/\/catolicasmexico.com\/blog\/wp-json\/wp\/v2\/categories?post=2643"},{"taxonomy":"post_tag","embeddable":true,"href":"http:\/\/catolicasmexico.com\/blog\/wp-json\/wp\/v2\/tags?post=2643"}],"curies":[{"name":"wp","href":"https:\/\/api.w.org\/{rel}","templated":true}]}}