{"id":2610,"date":"2014-02-17T12:50:13","date_gmt":"2014-02-17T18:50:13","guid":{"rendered":"http:\/\/catolicasmexico.com\/blog\/?p=2610"},"modified":"2014-02-17T12:50:13","modified_gmt":"2014-02-17T18:50:13","slug":"el-tribunal-constitucional-rechaza-la-despenalizacion-del-aborto-en-bolivia","status":"publish","type":"post","link":"http:\/\/catolicasmexico.com\/blog\/el-tribunal-constitucional-rechaza-la-despenalizacion-del-aborto-en-bolivia\/","title":{"rendered":"El Tribunal Constitucional rechaza la despenalizaci\u00f3n del aborto en Bolivia."},"content":{"rendered":"<p><a href=\"http:\/\/catolicasmexico.com\/blog\/wp-content\/uploads\/2014\/02\/20140217-140011.jpg\"><img src=\"http:\/\/catolicasmexico.com\/blog\/wp-content\/uploads\/2014\/02\/20140217-140011.jpg\" alt=\"20140217-140011.jpg\" class=\"alignnone size-full\"  \/> <\/a><\/p>\n<p>BOLIVIA.-(AGENCIALAVOZ) El Tribunal Constitucional de Bolivia rechaz\u00f3 de facto la despenalizaci\u00f3n del aborto en este pa\u00eds, al ratificar en una sentencia la constitucionalidad del respeto a la vida desde la concepci\u00f3n, informaron hoy fuentes judiciales. En su dictamen, adelantado este jueves a la prensa pero que no se har\u00e1 p\u00fablico oficialmente hasta la pr\u00f3xima semana, el TC tambi\u00e9n insta a la Asamblea Legislativa a que elabore y apruebe una ley que regule los derechos sexuales y reproductivos de las mujeres. <\/p>\n<p>\ufeff<\/p>\n<p> El \u00faltimo intento de las feministas fue aprovechar la presencia del novelista  ex premio Nobel Mario Vargas Llosa quien defendi\u00f3 la posici\u00f3n del aborto.<\/p>\n<p>Pro vida y pro familia celebran!!<br \/>\n(&#8230;)<\/p>\n<p>Pro vida y pro familia celebran porque  el fallo no despenaliza el aborto como se pretend\u00eda. <\/p>\n<p>Mar\u00eda F\u00e1tima Oliva, defensora de los no Nacidos<br \/>\nAhora la vida de los no nacidos, no solo est\u00e1 vigente en la Constituci\u00f3n sino confirmara con el fallo a publicarse el respeto a la vida desde la concepci\u00f3n. Gracias Mar\u00eda F\u00e1tima Oliva; dejas un gran legado a los bolivianos que nunca te van olvidar y los millones de vidas que acabamos de salvar. Dios bendiga a Bolivia<\/p>\n<p>En junio de 2013, el presidente del Constitucional, Ruddy Flores, revel\u00f3 que los magistrados de ese organismo sosten\u00edan un intenso debate sobre la posible despenalizaci\u00f3n del aborto.<br \/>\nEste anuncio desemboc\u00f3 en manifestaciones en varias ciudades de Bolivia en las que miles de personas, sobre todo vinculadas a las iglesias Evang\u00e9licas, pidieron que no se legalizara la interrupci\u00f3n voluntaria del embarazo.<\/p>\n","protected":false},"excerpt":{"rendered":"<p>BOLIVIA.-(AGENCIALAVOZ) El Tribunal Constitucional de Bolivia rechaz\u00f3 de facto la despenalizaci\u00f3n del aborto en este pa\u00eds, al ratificar en una sentencia la constitucionalidad del respeto a la vida desde la concepci\u00f3n, informaron hoy fuentes judiciales. En su dictamen, adelantado este jueves a la prensa pero que no se har\u00e1 p\u00fablico oficialmente hasta la pr\u00f3xima semana, [&hellip;]<\/p>\n","protected":false},"author":2,"featured_media":2609,"comment_status":"open","ping_status":"open","sticky":false,"template":"","format":"standard","meta":{"spay_email":"","jetpack_publicize_message":"","jetpack_is_tweetstorm":false},"categories":[9,70],"tags":[718,132],"aioseo_notices":[],"jetpack_featured_media_url":"http:\/\/catolicasmexico.com\/blog\/wp-content\/uploads\/2014\/02\/20140217-140011.jpg","jetpack_publicize_connections":[],"jetpack_shortlink":"https:\/\/wp.me\/p3B5XH-G6","jetpack-related-posts":[{"id":1693,"url":"http:\/\/catolicasmexico.com\/blog\/bolivia-podria-despenalizar-el-aborto-los-pro-vida-y-pro-familias-salen-a-las-calles-en-forma-masiva\/","url_meta":{"origin":2610,"position":0},"title":"Bolivia podr\u00eda despenalizar el aborto los pro-vida y pro-familias salen a las calles en forma masiva","date":"26 agosto 2013","format":false,"excerpt":"Noticia de AGENCIALA VOZ. Edici\u00f3n www.catolicasmexico.com LA PAZ, BOLIVIA .- (AGENCIALAVOZ) Miles de personas se manifestaron el jueves en cuatro regiones de Bolivia en contra del aborto despu\u00e9s que una legisladora present\u00f3 un proyecto para su despenalizaci\u00f3n. La protesta, denominada \"En defensa de la vida\", uni\u00f3 a personas en los\u2026","rel":"","context":"En \u00abAborto\u00bb","img":{"alt_text":"","src":"https:\/\/i0.wp.com\/catolicasmexico.com\/blog\/wp-content\/uploads\/2013\/08\/20130826-121724.jpg?resize=350%2C200","width":350,"height":200},"classes":[]},{"id":1559,"url":"http:\/\/catolicasmexico.com\/blog\/pro-vidas-convocan-marcha-en-rechazo-al-aborto-en-bolivia\/","url_meta":{"origin":2610,"position":1},"title":"Pro-vidas convocan marcha en rechazo al aborto en Bolivia","date":"9 agosto 2013","format":false,"excerpt":"Unidos en oraci\u00f3n por la causa de la vida. LA PAZ, 08 Ago. 13 \/ 11:17 pm (ACI\/EWTN Noticias).- La Plataforma por La Vida, que re\u00fane a varias entidades y personalidades de Santa Cruz (Bolivia), convoc\u00f3 para el 22 de agosto a una marcha en rechazo a la posible despenalizaci\u00f3n\u2026","rel":"","context":"En \u00abAborto\u00bb","img":{"alt_text":"","src":"","width":0,"height":0},"classes":[]},{"id":2627,"url":"http:\/\/catolicasmexico.com\/blog\/evo-morales-insiste-en-implantar-la-ley-del-aborto-en-bolivia\/","url_meta":{"origin":2610,"position":2},"title":"Evo Morales insiste en implantar la ley del aborto en Bolivia.","date":"20 febrero 2014","format":false,"excerpt":"BOLIVIA.-(AGENCIALAVOZ) El vicepresidente \u00c1lvaro Garc\u00eda Linera anunci\u00f3 ayer que la Asamblea Legislativa elaborar\u00e1 una ley para la aplicaci\u00f3n del aborto legal, delegada por el fallo del Tribunal Constitucional Plurinacional (TCP). \u201cEl fallo es de cumplimiento obligatorio, independientemente de que est\u00e9 o no de acuerdo. El Tribunal Constitucional ha pedido que\u2026","rel":"","context":"En \u00abAborto\u00bb","img":{"alt_text":"","src":"https:\/\/i1.wp.com\/catolicasmexico.com\/blog\/wp-content\/uploads\/2014\/02\/20140220-144409.jpg?resize=350%2C200","width":350,"height":200},"classes":[]},{"id":2393,"url":"http:\/\/catolicasmexico.com\/blog\/tribunal-constitucional-plurinacional-emitira-una-resolucion-para-autorizar-o-rechazar-el-aborto-en-bolivia\/","url_meta":{"origin":2610,"position":3},"title":"Tribunal Constitucional Plurinacional emitir\u00e1 una resoluci\u00f3n para autorizar o rechazar el aborto en Bolivia","date":"16 enero 2014","format":false,"excerpt":"BOLIVIA.-(AGENCIALAVOZ)El debate del aborto se da luego de que la diputada del oficialista MAS, Patricia Mancilla, presentara el a\u00f1o 2012 una acci\u00f3n de inconstitucionalidad ante el TCP, en contra de 12 art\u00edculos del C\u00f3digo Penal. El presidente del Tribunal Constitucional Plurinacional (TCP), Rudy Flores, inform\u00f3 este martes que en el\u2026","rel":"","context":"En \u00abAborto\u00bb","img":{"alt_text":"","src":"","width":0,"height":0},"classes":[]},{"id":2252,"url":"http:\/\/catolicasmexico.com\/blog\/la-camara-de-diputados-aprobo-el-articulo-5-el-estado-boliviano-protegera-la-vida-desde-su-concepcion\/","url_meta":{"origin":2610,"position":4},"title":"La C\u00e1mara de Diputados aprob\u00f3 el art\u00edculo 5, el Estado boliviano proteger\u00e1 la vida desde su concepci\u00f3n.","date":"18 diciembre 2013","format":false,"excerpt":"BOLIVIA.-(AGENCIALAVOZ) La Presidenta de la C\u00e1mara de Diputados, Betty Tejada, present\u00f3 hoy la modificaci\u00f3n al art\u00edculo quinto del C\u00f3digo Ni\u00f1a, Ni\u00f1o y Adolescente que en su nueva redacci\u00f3n reconoce como sujetos de derecho a los ni\u00f1os y ni\u00f1as desde el momento de su concepci\u00f3n. En este sentido, el nuevo art\u00edculo\u2026","rel":"","context":"En \u00abAborto\u00bb","img":{"alt_text":"","src":"","width":0,"height":0},"classes":[]},{"id":2839,"url":"http:\/\/catolicasmexico.com\/blog\/marcha-por-la-vida-en-colombia-este-17-de-mayo\/","url_meta":{"origin":2610,"position":5},"title":"Marcha por la vida en Colombia este 17 de mayo.","date":"21 abril 2014","format":false,"excerpt":"Colombia: Anuncian Marcha por la Vida a ocho a\u00f1os de despenalizaci\u00f3n del aborto BOGOT\u00c1, 21 Abr. 14 \/ 03:40 am (ACI\/EWTN Noticias).- Las organizaciones defensoras de la vida en Colombia anunciaron para el 17 de mayo la realizaci\u00f3n de la 8 Marcha por la Vida, conmemorando los 8 a\u00f1os de\u2026","rel":"","context":"En \u00abAborto\u00bb","img":{"alt_text":"","src":"https:\/\/i1.wp.com\/catolicasmexico.com\/blog\/wp-content\/uploads\/2014\/04\/20140421-120317.jpg?resize=350%2C200","width":350,"height":200},"classes":[]}],"jetpack_likes_enabled":false,"jetpack_sharing_enabled":true,"_links":{"self":[{"href":"http:\/\/catolicasmexico.com\/blog\/wp-json\/wp\/v2\/posts\/2610"}],"collection":[{"href":"http:\/\/catolicasmexico.com\/blog\/wp-json\/wp\/v2\/posts"}],"about":[{"href":"http:\/\/catolicasmexico.com\/blog\/wp-json\/wp\/v2\/types\/post"}],"author":[{"embeddable":true,"href":"http:\/\/catolicasmexico.com\/blog\/wp-json\/wp\/v2\/users\/2"}],"replies":[{"embeddable":true,"href":"http:\/\/catolicasmexico.com\/blog\/wp-json\/wp\/v2\/comments?post=2610"}],"version-history":[{"count":1,"href":"http:\/\/catolicasmexico.com\/blog\/wp-json\/wp\/v2\/posts\/2610\/revisions"}],"predecessor-version":[{"id":2611,"href":"http:\/\/catolicasmexico.com\/blog\/wp-json\/wp\/v2\/posts\/2610\/revisions\/2611"}],"wp:featuredmedia":[{"embeddable":true,"href":"http:\/\/catolicasmexico.com\/blog\/wp-json\/wp\/v2\/media\/2609"}],"wp:attachment":[{"href":"http:\/\/catolicasmexico.com\/blog\/wp-json\/wp\/v2\/media?parent=2610"}],"wp:term":[{"taxonomy":"category","embeddable":true,"href":"http:\/\/catolicasmexico.com\/blog\/wp-json\/wp\/v2\/categories?post=2610"},{"taxonomy":"post_tag","embeddable":true,"href":"http:\/\/catolicasmexico.com\/blog\/wp-json\/wp\/v2\/tags?post=2610"}],"curies":[{"name":"wp","href":"https:\/\/api.w.org\/{rel}","templated":true}]}}