{"id":2607,"date":"2014-02-17T10:45:28","date_gmt":"2014-02-17T16:45:28","guid":{"rendered":"http:\/\/catolicasmexico.com\/blog\/?p=2607"},"modified":"2014-03-11T10:19:46","modified_gmt":"2014-03-11T16:19:46","slug":"testimonio-de-vida","status":"publish","type":"post","link":"http:\/\/catolicasmexico.com\/blog\/testimonio-de-vida\/","title":{"rendered":"Testimonio de vida."},"content":{"rendered":"<p><a href=\"http:\/\/catolicasmexico.com\/blog\/wp-content\/uploads\/2014\/02\/20140217-115551.jpg\"><img src=\"http:\/\/catolicasmexico.com\/blog\/wp-content\/uploads\/2014\/02\/20140217-115551.jpg\" alt=\"20140217-115551.jpg\" class=\"alignnone size-full\"  \/> <\/a><\/p>\n<p>Mi nombre es Veronica y vivo en puebla, Mexico,cuando me embarac\u00e9 tenia 22 a\u00f1os. Fue una noticia inesperada, imediatamente que tuve el resultado de la prueba de embarazo, fui con mi mam\u00e1 para contarle la noticia, sabia que me apoyaria y que asi evitaria las tentaciones. En ningun momento me paso por la cabeza el aborto, a pesar de que tenia problemas de adiccion y alcohol, sin embargo un chico que se decia mi amigo me recomend\u00f3 el aborto, hasta se ofreci\u00f3 a pagarme la intervenci\u00f3n de 3,000.00 pesos con un conocido que era un m\u00e9dico alem\u00e1n. Me dijo que tenia que abortar por el bien del ni\u00f1o pues mi vida era un desorden completo y que vida le dar\u00eda a esa criatura, entonces le respond\u00ed, que yo sabia quien era yo, pero que ese ni\u00f1o me iba a salvar, que era mi salvaci\u00f3n y que nos ver\u00edamos en dos a\u00f1os para ver quien de los dos tenia raz\u00f3n&#8230; Yo promet\u00ed a Dios que si el beb\u00e9 sal\u00eda sano dejar\u00eda de beber y dejar\u00eda todos los vicios.<br \/>\nAs\u00ed tuve a mi  bebe y con \u00e9l una nueva vida, ahora trabajo y tengo por quien vivir, a mi amigo lo volv\u00ed a ver y se disculpo conmigo y me dijo que era una muy buena mama.<br \/>\nDoy este testimonio para que otras chicas con mi problema sepan que hay esperanza, que la vida venci\u00f3 a la muerte , el apoyo de mi madre y sobre todo Dios me ayudaron a salir adelante y al darle una oportunidad de vida a mi hijo me la di a mi misma.<br \/>\n\u00a1Alabado sea Dios!<\/p>\n","protected":false},"excerpt":{"rendered":"<p>Mi nombre es Veronica y vivo en puebla, Mexico,cuando me embarac\u00e9 tenia 22 a\u00f1os. Fue una noticia inesperada, imediatamente que tuve el resultado de la prueba de embarazo, fui con mi mam\u00e1 para contarle la noticia, sabia que me apoyaria y que asi evitaria las tentaciones. En ningun momento me paso por la cabeza el [&hellip;]<\/p>\n","protected":false},"author":2,"featured_media":2606,"comment_status":"open","ping_status":"open","sticky":false,"template":"","format":"standard","meta":{"spay_email":"","jetpack_publicize_message":"","jetpack_is_tweetstorm":false},"categories":[9,27,25,332],"tags":[718,319,119],"aioseo_notices":[],"jetpack_featured_media_url":"http:\/\/catolicasmexico.com\/blog\/wp-content\/uploads\/2014\/02\/20140217-115551.jpg","jetpack_publicize_connections":[],"jetpack_shortlink":"https:\/\/wp.me\/p3B5XH-G3","jetpack-related-posts":[{"id":2756,"url":"http:\/\/catolicasmexico.com\/blog\/decidio-la-vida-en-el-primer-embarazo-en-el-segundo-la-muerte\/","url_meta":{"origin":2607,"position":0},"title":"Decidi\u00f3 dar la vida en el primer embarazo, en el segundo la muerte","date":"20 marzo 2014","format":false,"excerpt":"Pedimos sus oraciones por Gabriela, una chica que conocimos y que ha sentido en carne propia el horror del aborto, sus hijos no est\u00e1n bautizados,pidamos al Se\u00f1or para que la ilumine. Amen Soy Gabriela tengo 32 a\u00f1os, mi familia es de muy bajos recursos,no tengo mucha preparaci\u00f3n me embarac\u00e9 a\u2026","rel":"","context":"En \u00abAborto\u00bb","img":{"alt_text":"","src":"https:\/\/i1.wp.com\/catolicasmexico.com\/blog\/wp-content\/uploads\/2014\/03\/20140320-103746.jpg?resize=350%2C200","width":350,"height":200},"classes":[]},{"id":1233,"url":"http:\/\/catolicasmexico.com\/blog\/historia-de-una-violacion-y-un-embarazo\/","url_meta":{"origin":2607,"position":1},"title":"Historia de una violaci\u00f3n y un embarazo.","date":"11 julio 2013","format":false,"excerpt":"Del blog de www.cqv.cq.ca del blog mamanpourlavie.com 19 mayo 2010 Traducci\u00f3n y edici\u00f3n libre www.catolicasmexico.com A los 18 a\u00f1os, yo era un estudiante en la Universidad cuando fui v\u00edctima de una violaci\u00f3n. Esto fue la peor experiencia de mi vida. Fui golpeada y violada por dos hombres en un callej\u00f3n\u2026","rel":"","context":"En \u00abAborto\u00bb","img":{"alt_text":"","src":"","width":0,"height":0},"classes":[]},{"id":3669,"url":"http:\/\/catolicasmexico.com\/blog\/conmovedor-y-valiente-testimonio-de-una-chica-que-aborto-en-las-noches-empece-a-sonar-con-mi-bebe-ya-sea-que-lo-sonaba-dandole-de-amamantar-o-que-aun-estaba-embarazada-era-un-bb-hermoso\/","url_meta":{"origin":2607,"position":2},"title":"Conmovedor y valiente testimonio de una chica que abort\u00f3 \u00a0...\"En las noches empec\u00e9 a so\u00f1ar con mi bebe, ya sea que lo so\u00f1aba dandole de amamantar o que aun estaba embarazada, era un bb hermoso, sus ojos brillaban como la luna y ten\u00eda una tierna mirada\"...","date":"19 marzo 2015","format":false,"excerpt":"Entrevista concedida a CMBuenas tardes; hermana\u00bfCu\u00e1l es tu nombre y tu edad?Cintia Alejandra Orivio Iturbe..tengo 36 a\u00f1os.\u00a0Para dar un testimonio se necesita mucho valor\u00a0\u00bfQu\u00e9 te anim\u00f3 a contarnos tu historia?Bueno, me anim\u00f3 el hecho que hasta el d\u00eda de hoy he visto que el aborto ya se les hace com\u00fan\u2026","rel":"","context":"En \u00abAborto\u00bb","img":{"alt_text":"","src":"https:\/\/i2.wp.com\/catolicasmexico.com\/blog\/wp-content\/uploads\/2015\/03\/IMG_0190.jpg?resize=350%2C200","width":350,"height":200},"classes":[]},{"id":3649,"url":"http:\/\/catolicasmexico.com\/blog\/embarazada-a-los-17-aun-con-un-diagnostico-de-anencefalia-dijo-si-a-la-vida\/","url_meta":{"origin":2607,"position":3},"title":"Embarazada a los 17, aun con un diagn\u00f3stico de anencefalia, dijo s\u00ed a la vida","date":"12 marzo 2015","format":false,"excerpt":"Articulo original por Rebeca o ' Brien LifeSiteNews - traducido del sitio Campagne Quebec Vie para catolicasmexico.com \u00a0 MICAH ten\u00eda diecisiete a\u00f1os cuando descubri\u00f3 que estaba embarazada. Pero el aborto simplemente no era una opci\u00f3n para ella y su novio, Kyle. \u00a0 \"No est\u00e1bamos preparados en absoluto, pero ambos sentimos\u2026","rel":"","context":"En \u00abEmbarazo\u00bb","img":{"alt_text":"","src":"https:\/\/i0.wp.com\/catolicasmexico.com\/blog\/wp-content\/uploads\/2015\/03\/Ambra_333_500_55.jpg?resize=350%2C200","width":350,"height":200},"classes":[]},{"id":3263,"url":"http:\/\/catolicasmexico.com\/blog\/valiente-chica-visita-al-santisimo-y-dice-si-a-la-vida-gloria-a-dios\/","url_meta":{"origin":2607,"position":4},"title":"Valiente chica visita al Sant\u00edsimo y dice s\u00ed a la vida. \u00a1Gloria a Dios!","date":"17 julio 2014","format":false,"excerpt":"Jazmin Berenice\" nacio el 7 de julio a las 6:10 pm peso 3700 y midio 55 cms. Hola: mi nombre es Jaqueline Gutierrez tengo 18 a\u00f1os qued\u00e9 embarazada a los 18 cumplidos estudiaba mi prepa solo me faltaba 1 bimestre para terminar mi prepa pero no la termin\u00e9, me dedique\u2026","rel":"","context":"En \u00abAborto\u00bb","img":{"alt_text":"","src":"https:\/\/i1.wp.com\/catolicasmexico.com\/blog\/wp-content\/uploads\/2014\/07\/20140722-195720.jpg?resize=350%2C200","width":350,"height":200},"classes":[]},{"id":695,"url":"http:\/\/catolicasmexico.com\/blog\/tuvo-cinco-abortos-pero-luego-encontro-a-jesus-y-ahora-es-un-lider-pro-vida\/","url_meta":{"origin":2607,"position":5},"title":"Tuvo cinco abortos, pero luego encontr\u00f3 a Jes\u00fas y ahora es un l\u00edder pro-vida","date":"4 junio 2013","format":false,"excerpt":"Noticia de liveActionNews.org Por Christina Martin. Traducci\u00f3n del ingl\u00e9s y edici\u00f3n Alejandro P. de www.catolicasmexico.com Lunes, 03 de junio de 2013 9:54 EST \u00a0 3 De junio del 2013 (LiveActionNews.org) - Iman Essiet no quer\u00eda ser otra estad\u00edstica. Sin embargo, esta hermosa mujer afroamericana qued\u00f3 embarazada cuando ten\u00eda s\u00f3lo 16\u2026","rel":"","context":"En \u00abAborto\u00bb","img":{"alt_text":"","src":"https:\/\/i2.wp.com\/catolicasmexico.com\/blog\/wp-content\/uploads\/2013\/06\/Iman2-240x240.jpg?resize=350%2C200","width":350,"height":200},"classes":[]}],"jetpack_likes_enabled":false,"jetpack_sharing_enabled":true,"_links":{"self":[{"href":"http:\/\/catolicasmexico.com\/blog\/wp-json\/wp\/v2\/posts\/2607"}],"collection":[{"href":"http:\/\/catolicasmexico.com\/blog\/wp-json\/wp\/v2\/posts"}],"about":[{"href":"http:\/\/catolicasmexico.com\/blog\/wp-json\/wp\/v2\/types\/post"}],"author":[{"embeddable":true,"href":"http:\/\/catolicasmexico.com\/blog\/wp-json\/wp\/v2\/users\/2"}],"replies":[{"embeddable":true,"href":"http:\/\/catolicasmexico.com\/blog\/wp-json\/wp\/v2\/comments?post=2607"}],"version-history":[{"count":1,"href":"http:\/\/catolicasmexico.com\/blog\/wp-json\/wp\/v2\/posts\/2607\/revisions"}],"predecessor-version":[{"id":2608,"href":"http:\/\/catolicasmexico.com\/blog\/wp-json\/wp\/v2\/posts\/2607\/revisions\/2608"}],"wp:featuredmedia":[{"embeddable":true,"href":"http:\/\/catolicasmexico.com\/blog\/wp-json\/wp\/v2\/media\/2606"}],"wp:attachment":[{"href":"http:\/\/catolicasmexico.com\/blog\/wp-json\/wp\/v2\/media?parent=2607"}],"wp:term":[{"taxonomy":"category","embeddable":true,"href":"http:\/\/catolicasmexico.com\/blog\/wp-json\/wp\/v2\/categories?post=2607"},{"taxonomy":"post_tag","embeddable":true,"href":"http:\/\/catolicasmexico.com\/blog\/wp-json\/wp\/v2\/tags?post=2607"}],"curies":[{"name":"wp","href":"https:\/\/api.w.org\/{rel}","templated":true}]}}