{"id":2542,"date":"2014-02-07T22:06:38","date_gmt":"2014-02-08T04:06:38","guid":{"rendered":"http:\/\/catolicasmexico.com\/blog\/?p=2542"},"modified":"2017-07-22T00:42:48","modified_gmt":"2017-07-22T05:42:48","slug":"oracion-de-entrega-san-ignacio","status":"publish","type":"post","link":"http:\/\/catolicasmexico.com\/blog\/oracion-de-entrega-san-ignacio\/","title":{"rendered":"ORACI\u00d3N DE ENTREGA (San Ignacio)"},"content":{"rendered":"<p><a href=\"http:\/\/catolicasmexico.com\/blog\/wp-content\/uploads\/2014\/02\/san_ignacio_escritorio.gif\"><img data-attachment-id=\"4659\" data-permalink=\"http:\/\/catolicasmexico.com\/blog\/oracion-de-entrega-san-ignacio\/san_ignacio_escritorio\/\" data-orig-file=\"http:\/\/catolicasmexico.com\/blog\/wp-content\/uploads\/2014\/02\/san_ignacio_escritorio.gif\" data-orig-size=\"200,322\" data-comments-opened=\"1\" data-image-meta=\"{&quot;aperture&quot;:&quot;0&quot;,&quot;credit&quot;:&quot;&quot;,&quot;camera&quot;:&quot;&quot;,&quot;caption&quot;:&quot;&quot;,&quot;created_timestamp&quot;:&quot;0&quot;,&quot;copyright&quot;:&quot;&quot;,&quot;focal_length&quot;:&quot;0&quot;,&quot;iso&quot;:&quot;0&quot;,&quot;shutter_speed&quot;:&quot;0&quot;,&quot;title&quot;:&quot;&quot;,&quot;orientation&quot;:&quot;0&quot;}\" data-image-title=\"san_ignacio_escritorio\" data-image-description=\"\" data-medium-file=\"http:\/\/catolicasmexico.com\/blog\/wp-content\/uploads\/2014\/02\/san_ignacio_escritorio-186x300.gif\" data-large-file=\"http:\/\/catolicasmexico.com\/blog\/wp-content\/uploads\/2014\/02\/san_ignacio_escritorio.gif\" src=\"http:\/\/catolicasmexico.com\/blog\/wp-content\/uploads\/2014\/02\/san_ignacio_escritorio.gif\" alt=\"\" width=\"200\" height=\"322\" class=\"alignleft size-full wp-image-4659\"  \/> <\/a><\/p>\n<p align=\"center\">Tomad, Se\u00f1or, y recibid<br \/>\ntoda mi libertad,<br \/>\nmi memoria,<br \/>\nmi entendimiento<br \/>\ny toda mi voluntad;<br \/>\ntodo mi haber y mi poseer.<br \/>\nVos me disteis,<br \/>\na Vos, Se\u00f1or, lo torno.<br \/>\nTodo es Vuestro:<br \/>\ndisponed de ello<br \/>\nseg\u00fan Vuestra Voluntad.<br \/>\nDadme Vuestro Amor y Gracia,<br \/>\nque \u00e9stas me bastan. Am\u00e9n.<\/p>\n","protected":false},"excerpt":{"rendered":"<p>Tomad, Se\u00f1or, y recibid toda mi libertad, mi memoria, mi entendimiento y toda mi voluntad; todo mi haber y mi poseer. Vos me disteis, a Vos, Se\u00f1or, lo torno. Todo es Vuestro: disponed de ello seg\u00fan Vuestra Voluntad. Dadme Vuestro Amor y Gracia, que \u00e9stas me bastan. Am\u00e9n.<\/p>\n","protected":false},"author":1,"featured_media":4659,"comment_status":"open","ping_status":"open","sticky":false,"template":"","format":"standard","meta":{"spay_email":"","jetpack_publicize_message":"","jetpack_is_tweetstorm":false},"categories":[258],"tags":[],"aioseo_notices":[],"jetpack_featured_media_url":"http:\/\/catolicasmexico.com\/blog\/wp-content\/uploads\/2014\/02\/san_ignacio_escritorio.gif","jetpack_publicize_connections":[],"jetpack_shortlink":"https:\/\/wp.me\/p3B5XH-F0","jetpack-related-posts":[{"id":4930,"url":"http:\/\/catolicasmexico.com\/blog\/letania-para-aceptar-la-voluntad-de-dios\/","url_meta":{"origin":2542,"position":0},"title":"Letan\u00eda para aceptar la Voluntad de Dios.","date":"25 febrero 2020","format":false,"excerpt":"Dios m\u00edo, Padre m\u00edo, ten piedad de m\u00ed, Dios m\u00edo, mi Salvador ten piedad de m\u00ed oh Trinidad Santa, ten piedad de mi. Jes\u00fas agonizante en el jard\u00edn de los Olivos, mi alma est\u00e1 triste, esc\u00fachame. Jesus que oraste en el Jard\u00edn de los Olivos , mi alma est\u00e1 triste,\u2026","rel":"","context":"En \u00abOraciones\u00bb","img":{"alt_text":"","src":"https:\/\/i2.wp.com\/catolicasmexico.com\/blog\/wp-content\/uploads\/2020\/02\/fe89271a-1960-483d-94d3-6ee43dc11269-3639-000004273878a7ff-1.jpg?resize=350%2C200","width":350,"height":200},"classes":[]},{"id":4236,"url":"http:\/\/catolicasmexico.com\/blog\/hermoso-via-crucis-para-rezar-en-este-tiempo-de-cuaresma\/","url_meta":{"origin":2542,"position":1},"title":"Hermoso Via Crucis para rezar en este tiempo de Cuaresma.","date":"10 febrero 2016","format":false,"excerpt":"VIA-CRUCIS. OFRECIMIENTO. DULCISIMO JESUS m\u00edo, que por mi amor quisisteis caminar fatigado, y afligido con el pesado madero de la Santa Cruz, en memoria, y reverencia de lo que por mi padecisteis en este \u00e1spero camino, os ofrezco los pasos que en \u00e9l diere, unidos con vuestros infinitos merecimientos, y\u2026","rel":"","context":"En \u00abOraciones\u00bb","img":{"alt_text":"","src":"https:\/\/i2.wp.com\/catolicasmexico.com\/blog\/wp-content\/uploads\/2016\/02\/IMG_0106.jpg?resize=350%2C200","width":350,"height":200},"classes":[]},{"id":4128,"url":"http:\/\/catolicasmexico.com\/blog\/trisagios-a-la-santma-trinidad-y-al-sagrado-corazon-de-jesus-con-el-ejercicio-del-via-crucis\/","url_meta":{"origin":2542,"position":2},"title":"Trisagios  a La  Santma. Trinidad  y al  Sagrado Coraz\u00f3n  de  Jes\u00fas .  Con el ejercicio del Via-Crucis","date":"17 diciembre 2015","format":false,"excerpt":"\u00a0 TRISAGIOS A LA SANTMA. TRINIDAD, Y AL SAGRADO CORAZON DE JESUS. CON EL EJERCICIO DEL VIA-CRUCIS. \u00a0 \u00a0 \u2756 \u00a0 \u00a0 TRISAGIO PARA ALABAR A LA SANTISIMA TRINIDAD. \u00a0 Vers.\u00a0\u00a0\u00a0 Domine labia mea aperies. Resp. Et os meum anuntiabit laudem tuam. Vers. Deus in adjutorium meum intende. Resp. Domime\u2026","rel":"","context":"En \u00abOraciones\u00bb","img":{"alt_text":"","src":"https:\/\/i2.wp.com\/catolicasmexico.com\/blog\/wp-content\/uploads\/2015\/12\/trisagios.png?resize=350%2C200","width":350,"height":200},"classes":[]},{"id":3619,"url":"http:\/\/catolicasmexico.com\/blog\/santo-via-crucis-segun-las-meditaciones-de-san-alfonso-de-ligorio-indulgencia-plenaria-siguiendo-las-estaciones-en-una-iglesia-con-las-condiciones-habituales\/","url_meta":{"origin":2542,"position":3},"title":"Santo Via Crucis seg\u00fan las meditaciones de san Alfonso de Ligorio. Indulgencia plenaria \u00a0siguiendo las estaciones en una Iglesia, con las condiciones habituales.*","date":"26 febrero 2015","format":false,"excerpt":"Al comienzo de cada estaci\u00f3n se dice lo siguiente, besando de forma facultativa el suelo como forma de humildad y de amor.Te adoramas y te bendecimos Se\u00f1orPorque por tu Santa Cruz redimiste al mundo y a m\u00ed pecador. Am\u00e9nPrimera estaci\u00f3n.Nuestro Se\u00f1or Jes\u00fas es condenado a muerte.\u00a0Consideremos c\u00f3mo despu\u00e9s de haber\u2026","rel":"","context":"En \u00abFe\u00bb","img":{"alt_text":"","src":"https:\/\/i1.wp.com\/catolicasmexico.com\/blog\/wp-content\/uploads\/2015\/02\/20150227-084824.jpg?resize=350%2C200","width":350,"height":200},"classes":[]},{"id":4981,"url":"http:\/\/catolicasmexico.com\/blog\/pequeno-oficio-de-la-virgen\/","url_meta":{"origin":2542,"position":4},"title":"PEQUE\u00d1O OFICIO DE LA VIRGEN.","date":"16 agosto 2021","format":"image","excerpt":"El peque\u00f1o oficio de La Inmaculada Concepci\u00f3n. Permito con gusto la impresi\u00f3n del op\u00fasculo intitulado el peque\u00f1o oficio de la Inmaculada Concepci\u00f3n, que es una compilaci\u00f3n de oraciones y de pr\u00e1cticas piadosas indulgenciadas en honor a Mar\u00eda Inmaculada. En Santa Ana de Beaupr\u00e9 2 de febrero de 1928.Imprimatur: Fr. R.M.\u2026","rel":"","context":"En \u00abOraciones\u00bb","img":{"alt_text":"","src":"https:\/\/i2.wp.com\/catolicasmexico.com\/blog\/wp-content\/uploads\/2014\/02\/20140210-194830.jpg?resize=350%2C200","width":350,"height":200},"classes":[]},{"id":4300,"url":"http:\/\/catolicasmexico.com\/blog\/4300-2\/","url_meta":{"origin":2542,"position":5},"title":"LAS QUINCE ORACIONES DE SANTA BRIGIDA","date":"11 marzo 2016","format":false,"excerpt":"LAS QUINCE ORACIONES\u00a0DE SANTA BRIGIDA PARA REZAR DURANTE UN A\u00d1O.\u00a0 ORACIONES APROBADAS Promesas 1. Librar\u00e9 del Purgatorio a 15 almas de su parentela o linaje 2. 15 almas de su parentela o linaje ser\u00e1n preservadas y confirmadas en la gracia. 3. 15 pecadores de su linaje ser\u00e1n convertidos. 4. El\u2026","rel":"","context":"En \u00abFe\u00bb","img":{"alt_text":"","src":"https:\/\/i1.wp.com\/catolicasmexico.com\/blog\/wp-content\/uploads\/2016\/03\/IMG_0088.jpg?resize=350%2C200","width":350,"height":200},"classes":[]}],"jetpack_likes_enabled":false,"jetpack_sharing_enabled":true,"_links":{"self":[{"href":"http:\/\/catolicasmexico.com\/blog\/wp-json\/wp\/v2\/posts\/2542"}],"collection":[{"href":"http:\/\/catolicasmexico.com\/blog\/wp-json\/wp\/v2\/posts"}],"about":[{"href":"http:\/\/catolicasmexico.com\/blog\/wp-json\/wp\/v2\/types\/post"}],"author":[{"embeddable":true,"href":"http:\/\/catolicasmexico.com\/blog\/wp-json\/wp\/v2\/users\/1"}],"replies":[{"embeddable":true,"href":"http:\/\/catolicasmexico.com\/blog\/wp-json\/wp\/v2\/comments?post=2542"}],"version-history":[{"count":3,"href":"http:\/\/catolicasmexico.com\/blog\/wp-json\/wp\/v2\/posts\/2542\/revisions"}],"predecessor-version":[{"id":4660,"href":"http:\/\/catolicasmexico.com\/blog\/wp-json\/wp\/v2\/posts\/2542\/revisions\/4660"}],"wp:featuredmedia":[{"embeddable":true,"href":"http:\/\/catolicasmexico.com\/blog\/wp-json\/wp\/v2\/media\/4659"}],"wp:attachment":[{"href":"http:\/\/catolicasmexico.com\/blog\/wp-json\/wp\/v2\/media?parent=2542"}],"wp:term":[{"taxonomy":"category","embeddable":true,"href":"http:\/\/catolicasmexico.com\/blog\/wp-json\/wp\/v2\/categories?post=2542"},{"taxonomy":"post_tag","embeddable":true,"href":"http:\/\/catolicasmexico.com\/blog\/wp-json\/wp\/v2\/tags?post=2542"}],"curies":[{"name":"wp","href":"https:\/\/api.w.org\/{rel}","templated":true}]}}