{"id":2514,"date":"2014-02-03T09:08:36","date_gmt":"2014-02-03T15:08:36","guid":{"rendered":"http:\/\/catolicasmexico.com\/blog\/?p=2514"},"modified":"2014-06-03T09:27:16","modified_gmt":"2014-06-03T14:27:16","slug":"revelaciones-del-demonio-al-padre-francesco-bamonte","status":"publish","type":"post","link":"http:\/\/catolicasmexico.com\/blog\/revelaciones-del-demonio-al-padre-francesco-bamonte\/","title":{"rendered":"Revelaciones del demonio al padre Francesco Bamonte."},"content":{"rendered":"<p><a href=\"http:\/\/catolicasmexico.com\/blog\/wp-content\/uploads\/2014\/02\/20140204-130543.jpg\"><img src=\"http:\/\/catolicasmexico.com\/blog\/wp-content\/uploads\/2014\/02\/20140204-130543.jpg\" alt=\"20140204-130543.jpg\" class=\"alignnone size-full\"  \/> <\/a><\/p>\n<p>El combate de un exorcista hoy: lo que el diablo revela<br \/>\nFuentes: Eponymous Flower, Signos de estos Tiempos<\/p>\n<p>Habla el presidente de los exorcistas italianos.(&#8230;)<\/p>\n<p>Particularmente notable es el odio del diablo contra el sacramento del matrimonio, los v\u00ednculos familiares y el afecto. <\/p>\n<p>\u201c\u00c9l reacciona muy violentamente cuando se bendice el matrimonio de dos personas casadas o si se les invita a renovar sus votos matrimoniales\u201d, dice Bamonte. <\/p>\n<p>Francesco Bamonte pertenece a la joven Orden de los Siervos del Coraz\u00f3n Inmaculado de Mar\u00eda fundada en 1991; el  Cordis Mariae Immaculati Servi es un orden de derecho diocesano. Nacido en 1960, el Padre Bamote fue ordenado sacerdote en 1990. Desde 2012 es Presidente de la  Asociaci\u00f3n Italiana de Exorcistas.<\/p>\n<p>(&#8230;)<br \/>\nQUIERE QUE LO ADOREN COMO A DIOS<\/p>\n<p>(&#8230;)\u201cUna repetici\u00f3n en los exorcismos es la insistente demanda del demonio, que los hombres deben adorarle como si fuera Dios. El demonio no acepta ser criatura, se hace pasar a s\u00ed mismo por Dios, y \u00e9l tiene inter\u00e9s de que la gente le ofrezca a \u00e9l un culto que pertenece s\u00f3lo a Dios. Durante el exorcismo, a menudo dice: \u2018Oren para m\u00ed, p\u00eddanme a m\u00ed, yo soy dios, yo soy dios. Arrod\u00edllate, cuando es invocado mi nombre. Soy todopoderoso. Ll\u00e1mame.\u2019\u201d<\/p>\n<p>DESTRUCCI\u00d3N DE LO BUENO<br \/>\n(&#8230;)El sacerdote habla de un exorcismo en la que el demonio le dijo:<\/p>\n<p>\u201cNo me gusta la forma en que las mujeres est\u00e1n vestidas. Deben desnudarse a\u00fan m\u00e1s para que su sexo sea  prevalente y pueda destruir a m\u00e1s familias.\u201d<\/p>\n<p>En otros exorcismos, el demonio habl\u00f3 de una manera muy metaf\u00f3rica de los \u00f3rganos sexuales como el \u201ccentro del mundo\u201d.<\/p>\n<p>El diablo responde con \u201cfuria\u201d, si el matrimonio de una pareja es bendecida o si los j\u00f3venes quieren ser castos hasta el matrimonio. El diablo maldice esas decisiones de pureza y castidad como \u201cbasura\u201d, dice el padre Bamonte.<\/p>\n<p>ABORTO Y SEDUCCI\u00d3N SEXUAL<br \/>\n(&#8230;)Entonces el diablo describi\u00f3 con palabras aterradoras el asesinato en masa diario de miles de ni\u00f1os no nacidos que son asesinados por el aborto en el \u00fatero. Tambi\u00e9n ilustr\u00f3 en todos los detalles, el abuso sexual hacia los ni\u00f1os. <\/p>\n<p>\u00c9l siempre a\u00f1ade en sus declaraciones espantosas el horrible: \u201c\u00a1Cu\u00e1nto me gusta eso!\u201d,  dice el padre Bamonte.<\/p>\n<p>Tambi\u00e9n dijo que \u00e9l habl\u00f3 de c\u00f3mo los j\u00f3venes se destruyen con el uso de drogas o sobre los terroristas suicidas isl\u00e1micos que se inmolan.<\/p>\n<p>LOS PERVERTIDOS Y BURLADORES<\/p>\n<p>\u201cEs sorprendente, c\u00f3mo \u00e9l tuerce todo y vuelve boca abajo convirtiendo el mal en bien y el bien en mal. Cuando le ofrec\u00ed a \u00e9l una reliquia, grit\u00f3: \u2018\u00a1Qu\u00e9 hedor!\u2019 Es es c\u00f3mo \u00e9l lo ve. Con \u00c9l, quiere decir Jesucristo, cuyo nombre nunca pronuncia por desprecio y odio. Cuando le mostr\u00e9 un rosario, dijo \u2018cadena maldita con la cruz en el extremo\u2019. Cuando lo roci\u00e9 con agua bendita, los pose\u00eddos, el diablo, protestan airadamente: \u2018No me puedes lavar con el agua, que apesta y quema\u2019. Cuando dije las palabras sobre un pose\u00eddo \u2018Bendice Se\u00f1or este hermano\u2019 el diablo gru\u00f1i\u00f3 inmediatamente, \u2018\u00a1\u00e9l ser\u00e1 condenado, yo lo llevar\u00e9 al infierno!\u2019\u201d<\/p>\n<p>(&#8230;)<br \/>\n\u201cEL ODIO DE LA GENTE ME ALIMENTA\u201d<\/p>\n<p>El diablo muestra su verdadera cara durante los exorcismos. \u00c9l debe ser visto para revelarse a s\u00ed mismo tal como es, como quien constantemente quiere dividir a la gente en contra de unos a otros. \u00c9l goza del odio entre las personas y anhela la malignidad humana,<\/p>\n<p>\u201ceste es el alimento que me nutre y me fortalece\u201d, le hab\u00eda contestado una vez, dijo Bamonte.<\/p>\n<p>EL PODER DE LA ORACI\u00d3N Y DE LA SAGRADA LITURGIA<\/p>\n<p>El exorcismo demuestra la potencia inmediata de la oraci\u00f3n, dice el exorcista de la di\u00f3cesis de Roma.<br \/>\n\u201cEn un exorcismo, el demonio tuvo que admitir, \u2018aparentemente obligado por Dios\u2019 y decir: \u2018Si ustedes vivieran de rodillas delante de \u00e9l y le adoran y cantan alabanzas, como lo hacen los \u00e1ngeles, no tendr\u00edamos todo el poder, el que usted nos da sobre usted\u2019\u201c<\/p>\n","protected":false},"excerpt":{"rendered":"<p>El combate de un exorcista hoy: lo que el diablo revela Fuentes: Eponymous Flower, Signos de estos Tiempos Habla el presidente de los exorcistas italianos.(&#8230;) Particularmente notable es el odio del diablo contra el sacramento del matrimonio, los v\u00ednculos familiares y el afecto. \u201c\u00c9l reacciona muy violentamente cuando se bendice el matrimonio de dos personas [&hellip;]<\/p>\n","protected":false},"author":2,"featured_media":2517,"comment_status":"open","ping_status":"open","sticky":false,"template":"","format":"standard","meta":{"spay_email":"","jetpack_publicize_message":"","jetpack_is_tweetstorm":false},"categories":[9,15,75,196],"tags":[301,35,302,731],"aioseo_notices":[],"jetpack_featured_media_url":"http:\/\/catolicasmexico.com\/blog\/wp-content\/uploads\/2014\/02\/20140204-130543.jpg","jetpack_publicize_connections":[],"jetpack_shortlink":"https:\/\/wp.me\/p3B5XH-Ey","jetpack-related-posts":[{"id":631,"url":"http:\/\/catolicasmexico.com\/blog\/la-legalizacion-del-aborto-esta-detras-de-la-posesion-del-hombre-que-fue-exorcizado-por-el-papa-francisco-afirma-un-exorcista\/","url_meta":{"origin":2514,"position":0},"title":"La legalizaci\u00f3n del aborto est\u00e1 detr\u00e1s de la posesi\u00f3n del hombre que fue exorcizado por el Papa Francisco, afirma un exorcista","date":"31 mayo 2013","format":false,"excerpt":"Por Hilary White, corresponsal en Roma. Noticia de\u00a0LifeSiteNews.com Traducci\u00f3n y Redacci\u00f3n libre . Alejandro P. de\u00a0www.catolicasmexico.com Roma, 30 de mayo del 2013 (LifeSiteNews.com) \u2013 Un video que muestra al Papa Francisco realizando un exorcismo improvisado se ha popularizado tanto en el mundo cat\u00f3lico como al exterior y \u00e9sta semana un\u2026","rel":"","context":"En \u00abAborto\u00bb","img":{"alt_text":"","src":"https:\/\/i2.wp.com\/catolicasmexico.com\/blog\/wp-content\/uploads\/2013\/05\/image-30.jpeg?resize=350%2C200","width":350,"height":200},"classes":[]},{"id":1077,"url":"http:\/\/catolicasmexico.com\/blog\/la-activista-lesbiana-masha-gessen-reconoce-que-el-proposito-del-lobby-gay-es-destruir-el-matrimonio\/","url_meta":{"origin":2514,"position":1},"title":"La activista lesbiana Masha Gessen reconoce que el prop\u00f3sito del lobby gay es destruir el matrimonio.","date":"4 julio 2013","format":false,"excerpt":"Comentario de www.catolicasmexico.com Ahora que se abri\u00f3 la puerta al supuesto matrimonio gay, el siguiente paso es la poligamia, llamada poliamor, en donde varios individuos conviven en una especie de comunidad. Las elites pensantes de este pa\u00eds, han comenzado a exponer el tema en las universidades como la conferencia en\u2026","rel":"","context":"En \u00abEspa\u00f1a\u00bb","img":{"alt_text":"","src":"","width":0,"height":0},"classes":[]},{"id":2375,"url":"http:\/\/catolicasmexico.com\/blog\/soy-homosexual-no-gay-testimonio-de-jean-pierre-en-la-manifestacion-pro-familia-de-roma\/","url_meta":{"origin":2514,"position":2},"title":"\u00abSoy homosexual, no gay\u00bb: testimonio de Jean-Pierre en la manifestaci\u00f3n pro-familia de Roma","date":"14 enero 2014","format":false,"excerpt":"Art\u00edculo editado de religi\u00f3n en libertad. El s\u00e1bado 11 de enero en Roma tuvo lugar una manifestaci\u00f3n en defensa de la familia, la primera organizada por La Manif Pour Tous Italia (www.lamanifpourtous.it) en la que participaron m\u00e1s de 4.000 personas. (...)un hombre con sentimientos homosexuales y que se define como\u2026","rel":"","context":"En \u00abFamilia\u00bb","img":{"alt_text":"","src":"https:\/\/i1.wp.com\/catolicasmexico.com\/blog\/wp-content\/uploads\/2014\/01\/20140114-151919.jpg?resize=350%2C200","width":350,"height":200},"classes":[]},{"id":2399,"url":"http:\/\/catolicasmexico.com\/blog\/mezzetti-contra-el-reiki-satanas-tiene-interes-en-hacer-curaciones-y-tambien-visiones-falsas\/","url_meta":{"origin":2514,"position":3},"title":"Mezzetti, contra el reiki: \u00abSatan\u00e1s tiene inter\u00e9s en hacer curaciones\u00bb, y tambi\u00e9n visiones falsas","date":"17 enero 2014","format":false,"excerpt":"Art\u00edculo de Religi\u00f3n en libertad. El profesor Tarcisio Mezzetti, padre de familia, ya abuelo, es un qu\u00edmico prestigioso por sus trabajos en Italia y Estados Unidos. Fue profesor de Qu\u00edmica y Toxicolog\u00eda en la Universidad de Perugia. En 1976 experiment\u00f3 una profunda conversi\u00f3n a la fe cristiana con una especial\u2026","rel":"","context":"En \u00abNew Age\u00bb","img":{"alt_text":"","src":"https:\/\/i0.wp.com\/catolicasmexico.com\/blog\/wp-content\/uploads\/2014\/01\/20140117-134009.jpg?resize=350%2C200","width":350,"height":200},"classes":[]},{"id":1755,"url":"http:\/\/catolicasmexico.com\/blog\/la-ciudad-de-venecia-prohibira-los-terminos-padre-y-madre-en-las-formas-oficiales\/","url_meta":{"origin":2514,"position":4},"title":"La Ciudad de Venecia prohibir\u00e1 los t\u00e9rminos 'padre' y 'madre' en las formas oficiales","date":"5 septiembre 2013","format":false,"excerpt":"Por Hilary White, Corresponsal de Roma Mi\u00e9rcoles Sep 04, 2013 16:24 EST Traducci\u00f3n libre y edici\u00f3n de Alejandro P. para catolicasmexico.com Venecia, 04 de septiembre de 2013 (LifeSiteNews.com) \u2013 El gobierno municipal de la ciudad de Venecia, en Italia ha aprobado una ley que proh\u00edbe los t\u00e9rminos \"madre\" y \"padre\"\u2026","rel":"","context":"En \u00abFamilia\u00bb","img":{"alt_text":"","src":"https:\/\/i2.wp.com\/catolicasmexico.com\/blog\/wp-content\/uploads\/2013\/09\/rainbow_flag.jpg?resize=350%2C200","width":350,"height":200},"classes":[]},{"id":2419,"url":"http:\/\/catolicasmexico.com\/blog\/el-culto-a-la-muerte-provoca-muchos-casos-de-posecion\/","url_meta":{"origin":2514,"position":5},"title":"El culto a la muerte provoca muchos casos de poseci\u00f3n.","date":"21 enero 2014","format":false,"excerpt":"Art\u00edculo de Religi\u00f3n en libertad. Desde su ordenaci\u00f3n en 1991, Ernesto Mar\u00eda Caro, sacerdote de la di\u00f3cesis de Monterrey, no se hab\u00eda encontrado en confesi\u00f3n con un caso tan espantoso. Quien acudi\u00f3 a \u00e9l era un asesino del c\u00e1rtel de los Zetas, organizaci\u00f3n criminal mexicana que lleva quince a\u00f1os sembrando\u2026","rel":"","context":"En \u00abIglesia cat\u00f3lica\u00bb","img":{"alt_text":"","src":"https:\/\/i2.wp.com\/catolicasmexico.com\/blog\/wp-content\/uploads\/2014\/01\/20140121-121134.jpg?resize=350%2C200","width":350,"height":200},"classes":[]}],"jetpack_likes_enabled":false,"jetpack_sharing_enabled":true,"_links":{"self":[{"href":"http:\/\/catolicasmexico.com\/blog\/wp-json\/wp\/v2\/posts\/2514"}],"collection":[{"href":"http:\/\/catolicasmexico.com\/blog\/wp-json\/wp\/v2\/posts"}],"about":[{"href":"http:\/\/catolicasmexico.com\/blog\/wp-json\/wp\/v2\/types\/post"}],"author":[{"embeddable":true,"href":"http:\/\/catolicasmexico.com\/blog\/wp-json\/wp\/v2\/users\/2"}],"replies":[{"embeddable":true,"href":"http:\/\/catolicasmexico.com\/blog\/wp-json\/wp\/v2\/comments?post=2514"}],"version-history":[{"count":3,"href":"http:\/\/catolicasmexico.com\/blog\/wp-json\/wp\/v2\/posts\/2514\/revisions"}],"predecessor-version":[{"id":2988,"href":"http:\/\/catolicasmexico.com\/blog\/wp-json\/wp\/v2\/posts\/2514\/revisions\/2988"}],"wp:featuredmedia":[{"embeddable":true,"href":"http:\/\/catolicasmexico.com\/blog\/wp-json\/wp\/v2\/media\/2517"}],"wp:attachment":[{"href":"http:\/\/catolicasmexico.com\/blog\/wp-json\/wp\/v2\/media?parent=2514"}],"wp:term":[{"taxonomy":"category","embeddable":true,"href":"http:\/\/catolicasmexico.com\/blog\/wp-json\/wp\/v2\/categories?post=2514"},{"taxonomy":"post_tag","embeddable":true,"href":"http:\/\/catolicasmexico.com\/blog\/wp-json\/wp\/v2\/tags?post=2514"}],"curies":[{"name":"wp","href":"https:\/\/api.w.org\/{rel}","templated":true}]}}