{"id":2511,"date":"2014-02-03T08:51:21","date_gmt":"2014-02-03T14:51:21","guid":{"rendered":"http:\/\/catolicasmexico.com\/blog\/?p=2511"},"modified":"2014-02-04T12:03:47","modified_gmt":"2014-02-04T18:03:47","slug":"el-gobierno-frances-no-se-esconde-mas-el-ministro-del-interior-frances-se-reune-con-cuatro-logias-masonicas","status":"publish","type":"post","link":"http:\/\/catolicasmexico.com\/blog\/el-gobierno-frances-no-se-esconde-mas-el-ministro-del-interior-frances-se-reune-con-cuatro-logias-masonicas\/","title":{"rendered":"El gobierno franc\u00e9s no se esconde m\u00e1s: el ministro del Interior franc\u00e9s se re\u00fane con cuatro logias mas\u00f3nicas."},"content":{"rendered":"<p><a href=\"http:\/\/catolicasmexico.com\/blog\/wp-content\/uploads\/2014\/02\/20140204-131200.jpg\"><img src=\"http:\/\/catolicasmexico.com\/blog\/wp-content\/uploads\/2014\/02\/20140204-131200.jpg\" alt=\"20140204-131200.jpg\" class=\"alignnone size-full\"  \/> <\/a><\/p>\n<p> articulo de Religi\u00f3n en libertad.<br \/>\nLas estrechas vinculaciones ideol\u00f3gicas e incluso personales entre la presidencia francesa de Fran\u00e7ois Hollande y la masoner\u00eda no son ning\u00fan secreto. Uno de los ministros del gobierno de Jean-Marc Ayrault que fue con certeza mas\u00f3n es el barcelon\u00e9s Manuel Valls, quien se habr\u00eda iniciado en 1988 para supuestamente alejarse de las logias en 1996. Un tercio de los miembros del ejecutivo galo tienen, han tenido o disimulan vinculaciones francmas\u00f3nicas.<\/p>\n<p>Reuni\u00f3n en la cumbre<br \/>\nPor si cupiese alguna duda, Valls se reuni\u00f3 el 30 de enero con cuatro obediencias mas\u00f3nicas: el Gran Oriente de Francia, la Gran Logia Nacional Francesa, la Gran Logia Femenina de Francia y la Gran Logia de la Alianza Mas\u00f3nica Francesa. Faltaron sorprendentemente, porque estaban invitadas, la Gran Logia de Francia y la Federaci\u00f3n Francesa del Derecho Humano.<\/p>\n<p>Si por algo ha destacado hasta ahora el ministro del Interior es por la desproporcionada represi\u00f3n policial en las manifestaciones por la familia y contra el matrimonio homosexual, hasta los extremos de una bierta violaci\u00f3n de la libertad de expresi\u00f3n. Valls fue director de comunicaci\u00f3n de la campa\u00f1a presidencial de Hollande.<\/p>\n<p>Por eso no sorprende que, seg\u00fan desvela Fran\u00e7ois Koch en el blog sobre masoner\u00eda que mantiene en L\u00b4Express, durante la sesi\u00f3n Valls exhortase a los masones a luchar contra la \u00abextrema derecha\u00bb: un concepto que para los palacios del El\u00edseo y de Matignon engloba cualquier opositor sustancial a sus pol\u00edticas y se aplica por igual al c\u00f3mico antisemita de origen camerun\u00e9s Dieudonn\u00e9 que a los veilleurs cat\u00f3licos que mantienen desde hace meses peri\u00f3dicas vigilias de oraci\u00f3n por la familia y, ahora, contra el aborto.<\/p>\n<p>El laicismo de la Rep\u00fablica tiene padres<br \/>\nAdem\u00e1s, Valls -comenta Koch- \u00absubray\u00f3 el papel positivo de la masoner\u00eda en la construcci\u00f3n de la Rep\u00fablica francesa\u00bb. Hollande ha manifestado reiteradamente que uno de los objetivos de su quinquenio presidencial -el cual, a juzgar por su p\u00e9sima valoraci\u00f3n en las encuestas, la peor en la serie hist\u00f3rica, no tendr\u00e1 continuidad- es la profundizaci\u00f3n en el laicismo. <\/p>\n<p>En un discurso \u00abmuy republicano\u00bb, pues, \u00abel t\u00e9rmino laicidad fue utilizado con abundancia\u00bb durante el discurso de Valls a los masones, y eso a pesar de que la sociedad francesa es una de las m\u00e1s descristianizadas de Europa.<\/p>\n<p>Ausencias y presencias<br \/>\nEntre los 35 masones presentes, responsables de las logias citadas, no estaba el Gran Maestre del Gran Oriente de Francia, Daniel Keller, quien se encontraba dando una conferencia en Brignoles sobre por qu\u00e9 un mas\u00f3n no puede pertenecer al Front National de Marine Le Pen. <\/p>\n<p>S\u00ed estaba, sin embargo, Yvette Roudy, veterana socialista que fue ministra de Derechos de la Mujer con Laurent Fabius, durante la primera presidencia de Fran\u00e7ois Mitterrand.<\/p>\n","protected":false},"excerpt":{"rendered":"<p>articulo de Religi\u00f3n en libertad. Las estrechas vinculaciones ideol\u00f3gicas e incluso personales entre la presidencia francesa de Fran\u00e7ois Hollande y la masoner\u00eda no son ning\u00fan secreto. Uno de los ministros del gobierno de Jean-Marc Ayrault que fue con certeza mas\u00f3n es el barcelon\u00e9s Manuel Valls, quien se habr\u00eda iniciado en 1988 para supuestamente alejarse de [&hellip;]<\/p>\n","protected":false},"author":2,"featured_media":2521,"comment_status":"open","ping_status":"open","sticky":false,"template":"","format":"standard","meta":{"spay_email":"","jetpack_publicize_message":"","jetpack_is_tweetstorm":false},"categories":[78,179],"tags":[300,733],"aioseo_notices":[],"jetpack_featured_media_url":"http:\/\/catolicasmexico.com\/blog\/wp-content\/uploads\/2014\/02\/20140204-131200.jpg","jetpack_publicize_connections":[],"jetpack_shortlink":"https:\/\/wp.me\/p3B5XH-Ev","jetpack-related-posts":[{"id":1971,"url":"http:\/\/catolicasmexico.com\/blog\/catolicos-franceses-piden-la-separacion-de-la-masoneria-y-el-estado\/","url_meta":{"origin":2511,"position":0},"title":"Cat\u00f3licos franceses piden \u00abla separaci\u00f3n de la Masoner\u00eda y el Estado","date":"15 octubre 2013","format":false,"excerpt":"LA MASONER\u00cdA DICTA LA POL\u00cdTICA EDUCATIVA Y SOCIAL DEL GOBIERNO HOLLANDE La norma que impone en los colegios franceses la llamada \u00abcarta de laicidad en la escuela\u00bb, est\u00e1 copiada de la masoner\u00eda hasta en el argumentario. Se acaba de constatar que esta ocurrencia del gobierno Hollande, que data del invierno\u2026","rel":"","context":"En \u00abEducaci\u00f3n\u00bb","img":{"alt_text":"","src":"https:\/\/i0.wp.com\/catolicasmexico.com\/blog\/wp-content\/uploads\/2013\/10\/Francois-Hollande-008.jpg?resize=350%2C200","width":350,"height":200},"classes":[]},{"id":2432,"url":"http:\/\/catolicasmexico.com\/blog\/fue-alto-grado-mason-hasta-que-cristo-se-le-aparecio-en-lourdes-y-ahora-cuenta-sobre-la-logia-2013-04-08\/","url_meta":{"origin":2511,"position":1},"title":"Fue alto grado mas\u00f3n hasta que Cristo se le apareci\u00f3 en Lourdes, y ahora cuenta sobre la logia [2013-04-08]","date":"23 enero 2014","format":false,"excerpt":"Fuentes: Eponymous Flower, Signos de estos Tiempos He aqu\u00ed la historia de Maurice Caillet, un ex-mas\u00f3n franc\u00e9s que explica c\u00f3mo fue su conversi\u00f3n y los fines de la masoner\u00eda El m\u00e9dico cirujano franc\u00e9s Maurice Caillet, un ex mas\u00f3n y venerable maestro, que se convirti\u00f3 al cristianismo, fue entrevistado el 20\u2026","rel":"","context":"En \u00abAborto\u00bb","img":{"alt_text":"","src":"https:\/\/i2.wp.com\/catolicasmexico.com\/blog\/wp-content\/uploads\/2014\/01\/20140123-105401.jpg?resize=350%2C200","width":350,"height":200},"classes":[]},{"id":2686,"url":"http:\/\/catolicasmexico.com\/blog\/por-primera-vez-los-masones-salen-a-la-calle-en-espana-con-pancartas-y-ropajes-su-causa-el-aborto\/","url_meta":{"origin":2511,"position":2},"title":"Por primera vez los masones salen a la calle en Espa\u00f1a con pancartas y ropajes: su causa, el aborto","date":"10 marzo 2014","format":false,"excerpt":"Articulo de REL. (...) \"Por primera vez en la historia de Espa\u00f1a, la masoner\u00eda espa\u00f1ola, a trav\u00e9s de una orden mixta de mujeres y hombres, compareci\u00f3 como tal en un acto masivo celebrado en Madrid y un amplio grupo de sus integrantes se ha identificado de manera abierta provistos de\u2026","rel":"","context":"En \u00abAborto\u00bb","img":{"alt_text":"","src":"https:\/\/i2.wp.com\/catolicasmexico.com\/blog\/wp-content\/uploads\/2014\/03\/20140310-122519.jpg?resize=350%2C200","width":350,"height":200},"classes":[]},{"id":2982,"url":"http:\/\/catolicasmexico.com\/blog\/los-masones-se-quejan-de-la-interferencia-de-la-iglesia-catolica-en-reunion-urgente-este-28-de-mayo\/","url_meta":{"origin":2511,"position":3},"title":"Los masones se quejan de la interferencia de la iglesia cat\u00f3lica en reuni\u00f3n urgente este 28 de mayo.","date":"30 mayo 2014","format":false,"excerpt":"fuente www.medias-presse-traducci\u00f3n y edici\u00f3n libre www.catolicas mexico.com Este mi\u00e9rcoles, 28 de mayo, la logia del gran Oriente de Francia organiz\u00f3 su primer Foro de obediencias mas\u00f3nicas liberal de la Uni\u00f3n Europea. Veintiocho logias se reunieron en Par\u00eds. Los \"lobbys cat\u00f3licos\" en contra del humanismo mas\u00f3nico. Durante el debate, muchos miembros\u2026","rel":"","context":"En \u00abAborto\u00bb","img":{"alt_text":"","src":"","width":0,"height":0},"classes":[]},{"id":1722,"url":"http:\/\/catolicasmexico.com\/blog\/el-rol-de-la-masoneria-en-la-matanza-de-los-ninos-no-natos-y-en-la-introduccion-del-matrimonio-homosexual\/","url_meta":{"origin":2511,"position":4},"title":"El rol de la masoner\u00eda en la matanza de los ni\u00f1os no natos y en la introducci\u00f3n del \"matrimonio homosexual\"","date":"30 agosto 2013","format":false,"excerpt":"El Dr. Maurice Caillet, ex francmas\u00f3n de grado 18 y ex Venerable de la Logia que practic\u00f3 y trabaj\u00f3 para la legalizaci\u00f3n del aborto en Francia. Del sitio www.cqv.cq.ca del sitio de cathosavignon.over - blog.com el 28 de agosto de 2013 (v\u00eda Salon Beige): Traduccion y edici\u00f3n Alejandro P. De\u2026","rel":"","context":"En \u00abAborto\u00bb","img":{"alt_text":"","src":"","width":0,"height":0},"classes":[]},{"id":3631,"url":"http:\/\/catolicasmexico.com\/blog\/eliminar-las-fiestas-catolicas-ley-macron-iniciativa-por-una-legislacion-contra-la-sociedad-la-familia-y-la-cristiandad\/","url_meta":{"origin":2511,"position":5},"title":"Eliminar las fiestas cat\u00f3licas: Ley Macron, iniciativa por una legislaci\u00f3n contra la sociedad,  la familia y la cristiandad.","date":"5 marzo 2015","format":false,"excerpt":"\u00a0 Fuente\u00a0Traducci\u00f3n para catolicasmexico.com Para evitar un rechazo casi garantizado de la ley delante de la Asamblea Nacional, el gobierno recurri\u00f3 al art\u00edculo 49.3 de la Constituci\u00f3n. El Gobierno Holanda-Valls sobrevive solamente por la fuerza. \u00a0 Tengamos en cuenta que dentro del UMP, gente como Thierry Mariani y Herv\u00e9 Mariton,\u2026","rel":"","context":"En \u00abataques contra la Iglesia Catolica\u00bb","img":{"alt_text":"","src":"https:\/\/i0.wp.com\/catolicasmexico.com\/blog\/wp-content\/uploads\/2015\/03\/macron_emmanuel1.jpg?resize=350%2C200","width":350,"height":200},"classes":[]}],"jetpack_likes_enabled":false,"jetpack_sharing_enabled":true,"_links":{"self":[{"href":"http:\/\/catolicasmexico.com\/blog\/wp-json\/wp\/v2\/posts\/2511"}],"collection":[{"href":"http:\/\/catolicasmexico.com\/blog\/wp-json\/wp\/v2\/posts"}],"about":[{"href":"http:\/\/catolicasmexico.com\/blog\/wp-json\/wp\/v2\/types\/post"}],"author":[{"embeddable":true,"href":"http:\/\/catolicasmexico.com\/blog\/wp-json\/wp\/v2\/users\/2"}],"replies":[{"embeddable":true,"href":"http:\/\/catolicasmexico.com\/blog\/wp-json\/wp\/v2\/comments?post=2511"}],"version-history":[{"count":3,"href":"http:\/\/catolicasmexico.com\/blog\/wp-json\/wp\/v2\/posts\/2511\/revisions"}],"predecessor-version":[{"id":2522,"href":"http:\/\/catolicasmexico.com\/blog\/wp-json\/wp\/v2\/posts\/2511\/revisions\/2522"}],"wp:featuredmedia":[{"embeddable":true,"href":"http:\/\/catolicasmexico.com\/blog\/wp-json\/wp\/v2\/media\/2521"}],"wp:attachment":[{"href":"http:\/\/catolicasmexico.com\/blog\/wp-json\/wp\/v2\/media?parent=2511"}],"wp:term":[{"taxonomy":"category","embeddable":true,"href":"http:\/\/catolicasmexico.com\/blog\/wp-json\/wp\/v2\/categories?post=2511"},{"taxonomy":"post_tag","embeddable":true,"href":"http:\/\/catolicasmexico.com\/blog\/wp-json\/wp\/v2\/tags?post=2511"}],"curies":[{"name":"wp","href":"https:\/\/api.w.org\/{rel}","templated":true}]}}