{"id":2383,"date":"2014-01-15T14:19:52","date_gmt":"2014-01-15T20:19:52","guid":{"rendered":"http:\/\/catolicasmexico.com\/blog\/?p=2383"},"modified":"2014-01-15T22:53:08","modified_gmt":"2014-01-16T04:53:08","slug":"el-informe-estrela-vuelve-a-la-carga-quiere-el-derecho-al-aborto-y-adoctrinar-sexualmente-a-los-ninos","status":"publish","type":"post","link":"http:\/\/catolicasmexico.com\/blog\/el-informe-estrela-vuelve-a-la-carga-quiere-el-derecho-al-aborto-y-adoctrinar-sexualmente-a-los-ninos\/","title":{"rendered":"El Informe Estrela vuelve a la carga: quiere el \u2018derecho\u2019 al aborto y adoctrinar sexualmente a los ni\u00f1os"},"content":{"rendered":"<p><a href=\"http:\/\/catolicasmexico.com\/blog\/wp-content\/uploads\/2014\/01\/20140115-152904.jpg\"><img src=\"http:\/\/catolicasmexico.com\/blog\/wp-content\/uploads\/2014\/01\/20140115-152904.jpg\" alt=\"20140115-152904.jpg\" class=\"alignnone size-full\"  \/> <\/a><\/p>\n<p>ESPA\u00d1A-.(AGENCIALAVOZ) Los activistas del lobby abortista han sufrido una reciente derrota en la Uni\u00f3n Europea con el rechazo del llamado \u201cproyecto Estrela\u201d, que pretend\u00eda consagrar el aborto como un derecho humano.<\/p>\n<p>Una de las cr\u00edticas m\u00e1s fuertes al resultado de la votaci\u00f3n fue la de Ulrike Lunacek, parlamentaria europea del Partido Verde. Lunacek es la autora principal de un nuevo informe redactado por el Comit\u00e9 de Libertades Civiles, Justicia y Asuntos Nacionales y que ha pasado a llamarse com\u00fanmente informe Lunacek.<\/p>\n<p>El texto aboga por una pol\u00edtica de tolerancia cero con los llamados cr\u00edmenes de odio, entre los que se incluyen los ataques hom\u00f3fobos, verbales o f\u00edsicos.<\/p>\n<p>Que el lobby abortista y el homosexualismo pol\u00edtico forman un solo bloque en las instituciones europeas es un hecho conocido, y que en parte se fomenta desde las mismas instituciones. No deja de ser significativo en este sentido que el comit\u00e9 escogido para dar una opini\u00f3n sobre el informe Lunacek \u2013una pr\u00e1ctica habitual en el Parlamento Europeo\u2013 sea el Comit\u00e9 para los Derechos de las Mujeres, donde los militantes abortistas tienen mucho peso.<\/p>\n<p>El documento, que fue presentado a mediados de octubre, est\u00e1 a\u00fan pendiente de tramitaci\u00f3n, aunque \u2013al igual que el \u201cproyecto Estrela\u201d\u2013 su aprobaci\u00f3n no tendr\u00eda efectos vinculantes para los Estados. Sin embargo hay que tener en cuenta que la estrategia del lobby gay \u2013igual que la del lobby abortista\u2013 en la UE es clara: promover iniciativas o informes favorables a sus posturas, que aunque no obligan a los Estados, vayan formando un \u201ccuerpo de doctrina\u201d al que se pueda invocar cuando se discutan directivas vinculantes.<\/p>\n<p>Sus principales propuestas son que se avance en la creaci\u00f3n de una pol\u00edtica com\u00fan sobre los derechos de la comunidad LGTB, y que la Comisi\u00f3n \u201cutilice sus competencias al m\u00e1ximo posible\u201d para hacer que los Estados cumplan con la legislaci\u00f3n europea sobre discriminaci\u00f3n por orientaci\u00f3n sexual. Es decir, pretende aumentar la presi\u00f3n legislativa y la ejecutiva en la lucha contra la homofobia.<\/p>\n<p>La estrategia gay es que se aprueben declaraciones contra la \u201chomofobia\u201d para allanar el camino a la prohibici\u00f3n<\/p>\n<p>Estrela, por la puerta de atr\u00e1s de Europa<\/p>\n<p>La organizaci\u00f3n European Dignity Watch alertaba sobre el hecho de que la llamada \u00abAgenda Estrela\u00bb sigue estando presente en el Parlamento Europeo.<\/p>\n<p>El m\u00e1s reciente esfuerzo para traer de vuelta esta agenda radical est\u00e1 siendo encabezado por el Grupo Socialista y Dem\u00f3cratas (S&#038;D) en el Parlamento Europeo. El Grupo S&#038;D, de los cuales la se\u00f1ora Estrela es tambi\u00e9n miembro, quiere traer una declaraci\u00f3n de la Comisi\u00f3n Europea sobre la \u00abno discriminaci\u00f3n en el marco de la salud y los derechos sexuales y reproductivos\u00bb al Pleno el 16 de enero. Tal declaraci\u00f3n puede conducir eventualmente a una resoluci\u00f3n sobre la SDSR de nuevo.<\/p>\n<p>European Dignity Watch hace un llamamiento a que los ciudadanos levanten su voz sobre este atropello de derechos. \u00bfC\u00f3mo?:<\/p>\n<p>En primer lugar, escribir al eurodiputado de cada ciudadano y expresar su preocupaci\u00f3n por tales procedimientos. Pedirle que eleve su voz en el debate ya que fue una resoluci\u00f3n ya votada y censurada.<br \/>\nEn segundo lugar, unirse al grupo de Facebook \u00abEstrela No \u2013 Respect Subsidiarity\u00bb.<br \/>\nEn tercer lugar, difundir este caso en las plataformas que cada ciudadano tenga a su alcance.<\/p>\n","protected":false},"excerpt":{"rendered":"<p>ESPA\u00d1A-.(AGENCIALAVOZ) Los activistas del lobby abortista han sufrido una reciente derrota en la Uni\u00f3n Europea con el rechazo del llamado \u201cproyecto Estrela\u201d, que pretend\u00eda consagrar el aborto como un derecho humano. Una de las cr\u00edticas m\u00e1s fuertes al resultado de la votaci\u00f3n fue la de Ulrike Lunacek, parlamentaria europea del Partido Verde. Lunacek es la [&hellip;]<\/p>\n","protected":false},"author":2,"featured_media":2382,"comment_status":"open","ping_status":"open","sticky":false,"template":"","format":"standard","meta":{"spay_email":"","jetpack_publicize_message":"","jetpack_is_tweetstorm":false},"categories":[9,70,21],"tags":[724,68,272],"aioseo_notices":[],"jetpack_featured_media_url":"http:\/\/catolicasmexico.com\/blog\/wp-content\/uploads\/2014\/01\/20140115-152904.jpg","jetpack_publicize_connections":[],"jetpack_shortlink":"https:\/\/wp.me\/p3B5XH-Cr","jetpack-related-posts":[{"id":2479,"url":"http:\/\/catolicasmexico.com\/blog\/detengamos-el-informe-lunacek\/","url_meta":{"origin":2383,"position":0},"title":"\u00a1Detengamos el informe Lunacek!","date":"28 enero 2014","format":false,"excerpt":"El grupo de Hazteoir.org nos envi\u00f3 esta petici\u00f3n que pusimos en nuestro muro de Facebook. Les pedimos que firmen y que detengamos as\u00ed la mordaza que quieren imponer los lobbys gays. La pr\u00f3xima semana, se votar\u00e1 en el Parlamento Europeo el Informe Lunacek (as\u00ed llamado por su promotora, la eurodiputada\u2026","rel":"","context":"En \u00abEspa\u00f1a\u00bb","img":{"alt_text":"","src":"https:\/\/i2.wp.com\/catolicasmexico.com\/blog\/wp-content\/uploads\/2014\/01\/20140128-1317121.jpg?resize=350%2C200","width":350,"height":200},"classes":[]},{"id":2556,"url":"http:\/\/catolicasmexico.com\/blog\/quien-es-lunacek-una-activista-gay-que-vende-la-pedofilia-como-educacion-sexual-interactiva\/","url_meta":{"origin":2383,"position":1},"title":"\u00bfQui\u00e9n es Lunacek? Una activista gay que vende la pedofilia como \u00abeducaci\u00f3n sexual interactiva\u00bb","date":"10 febrero 2014","format":false,"excerpt":"Articulo de Religi\u00f3n en libertad (Traducci\u00f3n de Helena Faccia Serrano, Alcal\u00e1 de Henares) (...) El controvertido \u201cinforme Lunacek\u201d, presentado como una \u00abagenda de ruta de la UE contra la homofobia y la discriminaci\u00f3n vinculada a la orientaci\u00f3n sexual y a la identidad de g\u00e9nero\u00bb, fue aprobado el martes en el\u2026","rel":"","context":"En \u00abAborto\u00bb","img":{"alt_text":"","src":"https:\/\/i1.wp.com\/catolicasmexico.com\/blog\/wp-content\/uploads\/2014\/02\/20140210-133236.jpg?resize=350%2C200","width":350,"height":200},"classes":[]},{"id":2226,"url":"http:\/\/catolicasmexico.com\/blog\/el-informe-estrela-sobre-el-derecho-al-aborto-es-rechazado-otra-vez-por-el-parlamento-europeo\/","url_meta":{"origin":2383,"position":2},"title":"El informe  Estrela sobre el \"derecho al aborto\" es rechazado otra vez por el Parlamento Europeo.","date":"13 diciembre 2013","format":false,"excerpt":"Del sitio www.cqv.cq.ca original del sitio www.radiovaticana.va traducci\u00f3n y edici\u00f3n libre www.catolicasmexico.com Parlamento Europeo rechaz\u00f3 el martes, 10 de diciembre, el informe Estrela sobre la \"salud y los derechos sexuales y reproductivos\". La propuesta de la diputada portuguesa socialista MEP Edite Estrela incluye el reconocimiento a nivel europeo de un\u2026","rel":"","context":"En \u00abAborto\u00bb","img":{"alt_text":"","src":"https:\/\/i1.wp.com\/catolicasmexico.com\/blog\/wp-content\/uploads\/2013\/12\/20131213-112804.jpg?resize=350%2C200","width":350,"height":200},"classes":[]},{"id":2941,"url":"http:\/\/catolicasmexico.com\/blog\/europa-bajo-la-influencia-del-lobby-gay-el-lgbt-posee-un-poderoso-lobby-en-estrasburgo\/","url_meta":{"origin":2383,"position":3},"title":"Europa bajo la influencia del lobby gay. El  LGBT posee un poderoso lobby en Estrasburgo","date":"26 mayo 2014","format":false,"excerpt":"En la foto el eurodiputado Michael Cashman miembro del LGTB como la cuarta parte de los parlamentarios europeos. Del sitio www.valeurs actuelles traducci\u00f3n y edici\u00f3n libre www.catolicas mexico.com (...) Casi una cuarta parte de los diputados es miembro del Intergrupo LGTB (lesbianas, gays, bisexuales y transexuales), que defiende los intereses\u2026","rel":"","context":"En \u00abAborto\u00bb","img":{"alt_text":"","src":"https:\/\/i1.wp.com\/catolicasmexico.com\/blog\/wp-content\/uploads\/2014\/05\/20140526-094750.jpg?resize=350%2C200","width":350,"height":200},"classes":[]},{"id":3341,"url":"http:\/\/catolicasmexico.com\/blog\/agrupaciones-pro-abortistas-dedican-6-millones-para-apoyar-la-candidata-abortista-kay-hagan\/","url_meta":{"origin":2383,"position":4},"title":"Agrupaciones pro-abortistas dedican $6 millones para apoyar la candidata abortista Kay Hagan","date":"13 agosto 2014","format":false,"excerpt":"Art\u00edculo original en www.lifenews.com traducci\u00f3n y edici\u00f3n libre Sr.Martin Pacheco La industria del aborto sabe que una elecci\u00f3n clave al Senado est\u00e1 en juego y \u2018Planned Parenthood\u2019 y compa\u00f1\u00eda est\u00e1n listos a gastar lo que sea necesario para asegurarse que Harry Reid controle el Senado. Si \u00e9l mantiene sus funciones,\u2026","rel":"","context":"En \u00abAborto\u00bb","img":{"alt_text":"","src":"","width":0,"height":0},"classes":[]},{"id":2439,"url":"http:\/\/catolicasmexico.com\/blog\/el-nuevo-delito-en-francia-obstaculizar-el-derecho-al-aborto\/","url_meta":{"origin":2383,"position":5},"title":"El nuevo delito en Francia : \"obstaculizar el derecho al aborto\"","date":"24 enero 2014","format":false,"excerpt":"Articulo de Religi\u00f3n en Libertad. Se debate en estos momentos en Francia la que se da en llamar, en uno de esos \u201cdivertidos\u201d juegos de palabras que tanto gustan al autodenominado progresismo europeo, la \u201cLey de igualdad hombre-mujer\u201d, en la que lo mismo cabe un roto que un descos\u00edo, con\u2026","rel":"","context":"En \u00abAborto\u00bb","img":{"alt_text":"","src":"https:\/\/i0.wp.com\/catolicasmexico.com\/blog\/wp-content\/uploads\/2014\/01\/20140124-132909.jpg?resize=350%2C200","width":350,"height":200},"classes":[]}],"jetpack_likes_enabled":false,"jetpack_sharing_enabled":true,"_links":{"self":[{"href":"http:\/\/catolicasmexico.com\/blog\/wp-json\/wp\/v2\/posts\/2383"}],"collection":[{"href":"http:\/\/catolicasmexico.com\/blog\/wp-json\/wp\/v2\/posts"}],"about":[{"href":"http:\/\/catolicasmexico.com\/blog\/wp-json\/wp\/v2\/types\/post"}],"author":[{"embeddable":true,"href":"http:\/\/catolicasmexico.com\/blog\/wp-json\/wp\/v2\/users\/2"}],"replies":[{"embeddable":true,"href":"http:\/\/catolicasmexico.com\/blog\/wp-json\/wp\/v2\/comments?post=2383"}],"version-history":[{"count":1,"href":"http:\/\/catolicasmexico.com\/blog\/wp-json\/wp\/v2\/posts\/2383\/revisions"}],"predecessor-version":[{"id":2384,"href":"http:\/\/catolicasmexico.com\/blog\/wp-json\/wp\/v2\/posts\/2383\/revisions\/2384"}],"wp:featuredmedia":[{"embeddable":true,"href":"http:\/\/catolicasmexico.com\/blog\/wp-json\/wp\/v2\/media\/2382"}],"wp:attachment":[{"href":"http:\/\/catolicasmexico.com\/blog\/wp-json\/wp\/v2\/media?parent=2383"}],"wp:term":[{"taxonomy":"category","embeddable":true,"href":"http:\/\/catolicasmexico.com\/blog\/wp-json\/wp\/v2\/categories?post=2383"},{"taxonomy":"post_tag","embeddable":true,"href":"http:\/\/catolicasmexico.com\/blog\/wp-json\/wp\/v2\/tags?post=2383"}],"curies":[{"name":"wp","href":"https:\/\/api.w.org\/{rel}","templated":true}]}}