{"id":2380,"date":"2014-01-15T14:07:26","date_gmt":"2014-01-15T20:07:26","guid":{"rendered":"http:\/\/catolicasmexico.com\/blog\/?p=2380"},"modified":"2014-01-15T14:07:26","modified_gmt":"2014-01-15T20:07:26","slug":"un-paso-atras-el-supremo-de-ee-uu-ratifica-la-inconstitucionalidad-de-la-ley-de-arizona-que-restringia-el-aborto","status":"publish","type":"post","link":"http:\/\/catolicasmexico.com\/blog\/un-paso-atras-el-supremo-de-ee-uu-ratifica-la-inconstitucionalidad-de-la-ley-de-arizona-que-restringia-el-aborto\/","title":{"rendered":"Un paso atr\u00e1s: El Supremo de EE.UU ratifica la inconstitucionalidad de la ley de Arizona que restring\u00eda el aborto"},"content":{"rendered":"<p><a href=\"http:\/\/catolicasmexico.com\/blog\/wp-content\/uploads\/2014\/01\/20140115-151636.jpg\"><img src=\"http:\/\/catolicasmexico.com\/blog\/wp-content\/uploads\/2014\/01\/20140115-151636.jpg\" alt=\"20140115-151636.jpg\" class=\"alignnone size-full\"  \/> <\/a><\/p>\n<p>EE.UU.-(AGENCIALAVOZ) El Tribunal Supremo de Estados Unidos ha anunciado este lunes que no admite a tr\u00e1mite el recurso presentado por el gobierno del estado de Arizona contra la decisi\u00f3n de un tribunal federal de tumbar por inconstitucional la ley del aborto que reduc\u00eda de 24 a 20 semanas el plazo en el que las mujeres pod\u00edan decidir interrumpir voluntariamente su embarazo. <\/p>\n<p>Los jueces del supremo no han dado m\u00e1s explicaciones al respecto, por lo que se mantiene la decisi\u00f3n de mayo de 2013 por la que un Tribunal de Apelaciones del Noveno Circuito con sede en San Francisco dictamin\u00f3 que la norma, de 2012, era inconstitucional \u00aben virtud de la larga tradici\u00f3n de jurisprudencia del Tribunal Supremo\u00bb, que favorece el derecho de las mujeres a abortar mientras el feto no sea viable desde un caso de 1973, seg\u00fan recoge el diario &#8216;The New York Times&#8217; en su edici\u00f3n digital.<\/p>\n<p>La norma de Arizona prohib\u00eda cualquier aborto m\u00e1s all\u00e1 de la semana 20 de gestaci\u00f3n excepto en situaci\u00f3n de \u00abemergencia m\u00e9dica\u00bb, que define como \u00abgrave riesgo de incapacitaci\u00f3n sustancial e irreversible de una funci\u00f3n vital del cuerpo\u00bb.<br \/>\nLos defensores de la norma argumentan que el feto es capaz de sentir dolor a partir de la semana 20. (&#8230;)<\/p>\n","protected":false},"excerpt":{"rendered":"<p>EE.UU.-(AGENCIALAVOZ) El Tribunal Supremo de Estados Unidos ha anunciado este lunes que no admite a tr\u00e1mite el recurso presentado por el gobierno del estado de Arizona contra la decisi\u00f3n de un tribunal federal de tumbar por inconstitucional la ley del aborto que reduc\u00eda de 24 a 20 semanas el plazo en el que las mujeres [&hellip;]<\/p>\n","protected":false},"author":2,"featured_media":2379,"comment_status":"open","ping_status":"open","sticky":false,"template":"","format":"standard","meta":{"spay_email":"","jetpack_publicize_message":"","jetpack_is_tweetstorm":false},"categories":[9,72,70],"tags":[271,718,730],"aioseo_notices":[],"jetpack_featured_media_url":"http:\/\/catolicasmexico.com\/blog\/wp-content\/uploads\/2014\/01\/20140115-151636.jpg","jetpack_publicize_connections":[],"jetpack_shortlink":"https:\/\/wp.me\/p3B5XH-Co","jetpack-related-posts":[{"id":1283,"url":"http:\/\/catolicasmexico.com\/blog\/el-gobernador-de-texas-no-teme-que-la-ley-que-restringe-el-aborto-sea-declarada-inconstitucional\/","url_meta":{"origin":2380,"position":0},"title":"El gobernador de Texas no teme que la ley que restringe el aborto sea declarada inconstitucional","date":"15 julio 2013","format":false,"excerpt":"EN CASO CONTRARIO, \u00abNO LA HUBI\u00c9RAMOS APROBADO\u00bb El gobernador de Texas no teme que la ley que restringe el aborto sea declarada inconstitucional El gobernador de Texas, Rick Perry, dijo el s\u00e1bado que la ley sobre el aborto que espera por su firma es constitucional y podr\u00e1 hacer frente a\u2026","rel":"","context":"En \u00abAborto\u00bb","img":{"alt_text":"","src":"","width":0,"height":0},"classes":[]},{"id":2070,"url":"http:\/\/catolicasmexico.com\/blog\/texas-prohibe-el-aborto-a-partir-de-20-semanas-de-gestacion\/","url_meta":{"origin":2380,"position":1},"title":"Texas  prohibe el aborto a partir de 20 semanas de gestaci\u00f3n.","date":"15 noviembre 2013","format":false,"excerpt":"EE.UU.-(AGENCIALAVOZ)Desde el pasado 1 de noviembre entro en vigencia la nueva ley que restringe el aborto en el estado de Texas. La legislaci\u00f3n declara ilegal practicar abortos en el estado a partir de la semana 20 del embarazo, porque considera que entonces el feto ya puede sufrir dolor, ordena que\u2026","rel":"","context":"En \u00abAborto\u00bb","img":{"alt_text":"","src":"https:\/\/i1.wp.com\/catolicasmexico.com\/blog\/wp-content\/uploads\/2013\/11\/20131115-121216.jpg?resize=350%2C200","width":350,"height":200},"classes":[]},{"id":1389,"url":"http:\/\/catolicasmexico.com\/blog\/un-juez-frena-la-ley-de-dakota-del-norte-que-prohibe-el-aborto-despues-de-6-semanas-la-llama-claramente-inconstitucional\/","url_meta":{"origin":2380,"position":2},"title":"Un juez frena la ley de Dakota del Norte que proh\u00edbe el aborto despu\u00e9s de 6 semanas: La llama 'claramente inconstitucional'","date":"25 julio 2013","format":false,"excerpt":"Por Ben Johnson Traducci\u00f3n y edici\u00f3n libre Alejandro P. de www.catolicasmexico.com Lunes, 22 de julio de 2013 12:22(LifeSiteNews.com) \u2013 Un juez de distrito de Estados Unidos ha frenado la ley que habr\u00eda prohibido el aborto a partir de seis semanas de embarazo en Dakota del Norte. La ley, que prohibe\u2026","rel":"","context":"En \u00abAborto\u00bb","img":{"alt_text":"","src":"","width":0,"height":0},"classes":[]},{"id":4321,"url":"http:\/\/catolicasmexico.com\/blog\/4321-2\/","url_meta":{"origin":2380,"position":3},"title":"Cl\u00ednica de aborto cierra despu\u00e9s de 29 a\u00f1os de estar en el negocio.","date":"24 marzo 2016","format":false,"excerpt":"\u00a1Gloria a Dios por \u00a0FIN! :cl\u00ednica de aborto cierra despu\u00e9s de 29 a\u00f1os de estar en el negocio. Por Lianne Laurence de LifeSiteNews - del sitio de www.cqc.cq.ca Toronto, 01 de febrero de 2016 (LifeSiteNews) - la Cl\u00ednica de aborto de Scott en Toronto, que fue dirigida por el abortista\u2026","rel":"","context":"En \u00abAborto\u00bb","img":{"alt_text":"","src":"https:\/\/i0.wp.com\/catolicasmexico.com\/blog\/wp-content\/uploads\/2016\/03\/IMG_0497.jpg?resize=350%2C200","width":350,"height":200},"classes":[]},{"id":4468,"url":"http:\/\/catolicasmexico.com\/blog\/aborto-post-nacimiento-una-juez-dejo-libre-a-una-mujer-que-ahogo-a-su-recien-nacido\/","url_meta":{"origin":2380,"position":4},"title":"\u00bfAborto Post nacimiento? Una juez dej\u00f3 libre a una mujer que ahog\u00f3 a su reci\u00e9n nacido\u00a0","date":"13 diciembre 2016","format":false,"excerpt":"Por Steve Weatherbe (LifeSiteNews) - del sitio www.qcv.cq.ca traducido por CM Una mujer que ahog\u00f3 a su reci\u00e9n nacido para poder hacer un examen en la Universidad de Kamloops Thompson Rivers, obtuvo libertad condicional de dos a\u00f1os por una juez provincial, porque la acusada declar\u00f3 que este beb\u00e9 era el\u2026","rel":"","context":"En \u00abAborto\u00bb","img":{"alt_text":"","src":"https:\/\/i1.wp.com\/catolicasmexico.com\/blog\/wp-content\/uploads\/2016\/12\/IMG_1006.jpg?resize=350%2C200","width":350,"height":200},"classes":[]},{"id":4184,"url":"http:\/\/catolicasmexico.com\/blog\/ted-cruz-hillary-apoya-el-aborto-hasta-el-nacimiento\/","url_meta":{"origin":2380,"position":5},"title":"Ted Cruz: Hillary apoya el aborto hasta el nacimiento","date":"18 enero 2016","format":false,"excerpt":"\u00a0 Hillary Clinton ser\u00e1 probablemente el candidato dem\u00f3crata a la Presidencia y su postura radical en la promoci\u00f3n del aborto est\u00e1 desconectada de \u00a0la mayor\u00eda de los estadounidenses, quienes se oponen a todos o casi todos los abortos. \u00a0 Recientemente, el candidato presidencial republicano pro-vida Ted Cruz resumi\u00f3 la posici\u00f3n\u2026","rel":"","context":"En \u00abAborto\u00bb","img":{"alt_text":"","src":"https:\/\/i1.wp.com\/catolicasmexico.com\/blog\/wp-content\/uploads\/2016\/01\/hillaryclinton51.jpg?resize=350%2C200","width":350,"height":200},"classes":[]}],"jetpack_likes_enabled":false,"jetpack_sharing_enabled":true,"_links":{"self":[{"href":"http:\/\/catolicasmexico.com\/blog\/wp-json\/wp\/v2\/posts\/2380"}],"collection":[{"href":"http:\/\/catolicasmexico.com\/blog\/wp-json\/wp\/v2\/posts"}],"about":[{"href":"http:\/\/catolicasmexico.com\/blog\/wp-json\/wp\/v2\/types\/post"}],"author":[{"embeddable":true,"href":"http:\/\/catolicasmexico.com\/blog\/wp-json\/wp\/v2\/users\/2"}],"replies":[{"embeddable":true,"href":"http:\/\/catolicasmexico.com\/blog\/wp-json\/wp\/v2\/comments?post=2380"}],"version-history":[{"count":1,"href":"http:\/\/catolicasmexico.com\/blog\/wp-json\/wp\/v2\/posts\/2380\/revisions"}],"predecessor-version":[{"id":2381,"href":"http:\/\/catolicasmexico.com\/blog\/wp-json\/wp\/v2\/posts\/2380\/revisions\/2381"}],"wp:featuredmedia":[{"embeddable":true,"href":"http:\/\/catolicasmexico.com\/blog\/wp-json\/wp\/v2\/media\/2379"}],"wp:attachment":[{"href":"http:\/\/catolicasmexico.com\/blog\/wp-json\/wp\/v2\/media?parent=2380"}],"wp:term":[{"taxonomy":"category","embeddable":true,"href":"http:\/\/catolicasmexico.com\/blog\/wp-json\/wp\/v2\/categories?post=2380"},{"taxonomy":"post_tag","embeddable":true,"href":"http:\/\/catolicasmexico.com\/blog\/wp-json\/wp\/v2\/tags?post=2380"}],"curies":[{"name":"wp","href":"https:\/\/api.w.org\/{rel}","templated":true}]}}