{"id":2359,"date":"2014-01-10T15:59:29","date_gmt":"2014-01-10T21:59:29","guid":{"rendered":"http:\/\/catolicasmexico.com\/blog\/?p=2359"},"modified":"2014-01-10T15:59:29","modified_gmt":"2014-01-10T21:59:29","slug":"correa-descoloca-al-lobby-gay-con-su-rechazo-a-que-se-imponga-la-peligrosisima-ideologia-de-genero","status":"publish","type":"post","link":"http:\/\/catolicasmexico.com\/blog\/correa-descoloca-al-lobby-gay-con-su-rechazo-a-que-se-imponga-la-peligrosisima-ideologia-de-genero\/","title":{"rendered":"Correa descoloca al lobby gay con su rechazo a que se imponga la \u00abpeligros\u00edsima\u00bb ideolog\u00eda de g\u00e9nero"},"content":{"rendered":"<p>&nbsp;<\/p>\n<p>Del sitio\u00a0http:\/\/www.religionenlibertad.com\/<\/p>\n<p><a style=\"color: #c4302b;\" href=\"http:\/\/catolicasmexico.com\/blog\/wp-content\/uploads\/2014\/01\/15577_rafael_correa_sostiene_que_ser_de_izquierdas_no_implica_apoyar_la_cultura_de_la_muerte_y_la_destruccion_de_la_familia_.jpg\"><img data-attachment-id=\"2360\" data-permalink=\"http:\/\/catolicasmexico.com\/blog\/correa-descoloca-al-lobby-gay-con-su-rechazo-a-que-se-imponga-la-peligrosisima-ideologia-de-genero\/15577_rafael_correa_sostiene_que_ser_de_izquierdas_no_implica_apoyar_la_cultura_de_la_muerte_y_la_destruccion_de_la_familia_\/\" data-orig-file=\"http:\/\/catolicasmexico.com\/blog\/wp-content\/uploads\/2014\/01\/15577_rafael_correa_sostiene_que_ser_de_izquierdas_no_implica_apoyar_la_cultura_de_la_muerte_y_la_destruccion_de_la_familia_.jpg\" data-orig-size=\"640,200\" data-comments-opened=\"1\" data-image-meta=\"{&quot;aperture&quot;:&quot;0&quot;,&quot;credit&quot;:&quot;&quot;,&quot;camera&quot;:&quot;&quot;,&quot;caption&quot;:&quot;&quot;,&quot;created_timestamp&quot;:&quot;0&quot;,&quot;copyright&quot;:&quot;&quot;,&quot;focal_length&quot;:&quot;0&quot;,&quot;iso&quot;:&quot;0&quot;,&quot;shutter_speed&quot;:&quot;0&quot;,&quot;title&quot;:&quot;&quot;,&quot;orientation&quot;:&quot;0&quot;}\" data-image-title=\"15577_rafael_correa_sostiene_que_ser_de_izquierdas_no_implica_apoyar_la_cultura_de_la_muerte_y_la_destruccion_de_la_familia_\" data-image-description=\"\" data-medium-file=\"http:\/\/catolicasmexico.com\/blog\/wp-content\/uploads\/2014\/01\/15577_rafael_correa_sostiene_que_ser_de_izquierdas_no_implica_apoyar_la_cultura_de_la_muerte_y_la_destruccion_de_la_familia_-300x94.jpg\" data-large-file=\"http:\/\/catolicasmexico.com\/blog\/wp-content\/uploads\/2014\/01\/15577_rafael_correa_sostiene_que_ser_de_izquierdas_no_implica_apoyar_la_cultura_de_la_muerte_y_la_destruccion_de_la_familia_.jpg\" class=\"alignleft  wp-image-2360\" alt=\"15577_rafael_correa_sostiene_que_ser_de_izquierdas_no_implica_apoyar_la_cultura_de_la_muerte_y_la_destruccion_de_la_familia_\" src=\"http:\/\/catolicasmexico.com\/blog\/wp-content\/uploads\/2014\/01\/15577_rafael_correa_sostiene_que_ser_de_izquierdas_no_implica_apoyar_la_cultura_de_la_muerte_y_la_destruccion_de_la_familia_-300x93.jpg\" width=\"5\" height=\"1\" srcset=\"http:\/\/catolicasmexico.com\/blog\/wp-content\/uploads\/2014\/01\/15577_rafael_correa_sostiene_que_ser_de_izquierdas_no_implica_apoyar_la_cultura_de_la_muerte_y_la_destruccion_de_la_familia_-300x93.jpg 5w\" sizes=\"100vw\" \/> <\/a> <iframe loading=\"lazy\" src=\"http:\/\/www.adnstream.com\/embed3\/pbaWpeMxoP\" height=\"398\" width=\"706\" frameborder=\"0\" scrolling=\"no\"><\/iframe><\/p>\n<p>&nbsp;<\/p>\n<p>El pasado s\u00e1bado 28 de diciembre, durante su acostumbrado<strong>Enlace Ciudadano<\/strong>, el presidente ecuatoriano, Rafael Correa, se pronunci\u00f3 inequ\u00edvocamente contra la ideolog\u00eda de g\u00e9nero (ver abajo el v\u00eddeo, cinco minutos que vale la pena escuchar).<\/p>\n<p>Aun mostrando su respeto a quienes la defienden, rechaz\u00f3 que \u00abtraten de\u00a0<strong>imponer sus creencias a todos<\/strong>\u00ab, a saber: que \u00abno existe hombre y mujer natural, que el sexo biol\u00f3gico no determina al hombre y a la mujer, sino las \u2018condiciones sociales\u2019. Y que uno tiene \u2018derecho\u2019 a la libertad de elegir incluso si uno es hombre o mujer. \u00a1Vamos, por favor! \u00a1Eso no resiste el menor an\u00e1lisis!\u00bb.<\/p>\n<p>Rafael Correa denunci\u00f3 adem\u00e1s que se est\u00e9 adoctrinando en esa ideolog\u00eda (que calific\u00f3 de \u00ab<strong>peligros\u00edsima<\/strong>\u00ab) en muchos centros escolares:\u00a0\u00abNo traten de imponerlo al resto, y\u00a0<strong>no se lo impongan a los chicos<\/strong>, porque hay gente que est\u00e1 ense\u00f1ado eso a nuestros j\u00f3venes\u201d.<\/p>\n<p>Adem\u00e1s, Correa, quien el pasado mes de octubre\u00a0<a href=\"http:\/\/www.religionenlibertad.com\/articulo.asp?idarticulo=31677\" target=\"_blank\">amenaz\u00f3 con dimitir si el legislativo aprobaba el aborto<\/a>, se mostr\u00f3 partidario de la familia natural, aun a costa de parecer \u00abcavern\u00edcola\u00bb y \u00abconservador\u00bb: \u00abCreo en la familia, y creo que esta ideolog\u00eda de g\u00e9nero, que estas noveler\u00edas,<strong>destruyen la familia convencional, que sigue siendo y creo que seguir\u00e1 siendo la base de nuestra sociedad<\/strong>\u00ab.<\/p>\n<p>Con sus manifestaciones, el presidente de Ecuador descoloc\u00f3 a los grupos LGTB (Lesbianas, Gays, Transexuales y Bisexuales),\u00a0<a href=\"http:\/\/dianerodriguez.net\/2013\/12\/15\/historica-reunion-en-ecuador-entre-lgbti-y-presidente-rafael-correa\/\" target=\"_blank\">con cuyos representantes se hab\u00eda reunido el d\u00eda 13<\/a>\u00a0para asegurarles que se opondr\u00eda a su discriminaci\u00f3n laboral o en otros \u00e1mbitos, pero\u00a0<strong>sin que ello implicase considerar matrimonio sus uniones<\/strong>. Seg\u00fan recoge el diario\u00a0<em>El Comercio<\/em>, el transexual Diane Rodr\u00edguez, mu\u00f1idor del encuentro, sugiri\u00f3 tras conocer las opiniones de Correa que no se puede esperar que\u00a0<a href=\"http:\/\/www.elcomercio.com\/sociedad\/Glbti-reaccionan-opinion-Correa_0_1057094317.html\" target=\"_blank\">\u00abun mundo antropoc\u00e9ntrico, faloc\u00e9ntrico y teoloc\u00e9ntrico&#8230; se destruya en dos semanas\u00bb<\/a>.<\/p>\n","protected":false},"excerpt":{"rendered":"<p>&nbsp; Del sitio\u00a0http:\/\/www.religionenlibertad.com\/ &nbsp; El pasado s\u00e1bado 28 de diciembre, durante su acostumbradoEnlace Ciudadano, el presidente ecuatoriano, Rafael Correa, se pronunci\u00f3 inequ\u00edvocamente contra la ideolog\u00eda de g\u00e9nero (ver abajo el v\u00eddeo, cinco minutos que vale la pena escuchar). Aun mostrando su respeto a quienes la defienden, rechaz\u00f3 que \u00abtraten de\u00a0imponer sus creencias a todos\u00ab, a [&hellip;]<\/p>\n","protected":false},"author":5,"featured_media":2360,"comment_status":"open","ping_status":"open","sticky":false,"template":"","format":"standard","meta":{"spay_email":"","jetpack_publicize_message":"","jetpack_is_tweetstorm":false},"categories":[15,20,71,21,28],"tags":[],"aioseo_notices":[],"jetpack_featured_media_url":"http:\/\/catolicasmexico.com\/blog\/wp-content\/uploads\/2014\/01\/15577_rafael_correa_sostiene_que_ser_de_izquierdas_no_implica_apoyar_la_cultura_de_la_muerte_y_la_destruccion_de_la_familia_.jpg","jetpack_publicize_connections":[],"jetpack_shortlink":"https:\/\/wp.me\/p3B5XH-C3","jetpack-related-posts":[{"id":2506,"url":"http:\/\/catolicasmexico.com\/blog\/varios-lideres-politicos-se-separan-del-movimiento-homosexual-en-ecuador\/","url_meta":{"origin":2359,"position":0},"title":"Varios l\u00edderes pol\u00edticos se separan del movimiento homosexual en Ecuador.","date":"3 febrero 2014","format":false,"excerpt":"ECUADOR.-(AGENCIALAVOZ) Con la \u00faltima entrevista brindada por Jimmy Jairala, qui\u00e9n en alg\u00fan momento apoy\u00f3 la marcha del orgullo gay, ya son varios los l\u00edderes que se separan del movimiento GLBTI. El pol\u00edtico m\u00e1s poderoso del Ecuador, Rafael Correa, hace tiempo viene haciendo declaraciones en donde se separa de las aspiraciones\u2026","rel":"","context":"En \u00abHomosexualidad\u00bb","img":{"alt_text":"","src":"https:\/\/i2.wp.com\/catolicasmexico.com\/blog\/wp-content\/uploads\/2014\/02\/20140203-091841.jpg?resize=350%2C200","width":350,"height":200},"classes":[]},{"id":2811,"url":"http:\/\/catolicasmexico.com\/blog\/asi-destruye-a-la-gente-la-ideologia-de-genero-la-realidad-estremecedora-de-su-inventor-john-money\/","url_meta":{"origin":2359,"position":1},"title":"As\u00ed destruye a la gente la ideolog\u00eda de g\u00e9nero: la realidad estremecedora de su inventor, John Money","date":"9 abril 2014","format":false,"excerpt":"Del sitio\u00a0http:\/\/www.religionenlibertad.com\/ La Editorial San Pablo en Italia, catorce a\u00f1os desp\u00faes de su publicaci\u00f3n en ingl\u00e9s en el a\u00f1o 2000, ha traducido y publicado\u00a0As Nature Made Him. The Boy Who Was Raised as a Girl\u00a0(\u201cComo la naturaleza lo hizo. El ni\u00f1o que creci\u00f3 como una ni\u00f1a\u201d). \u00a0","rel":"","context":"En \u00abHomosexualidad\u00bb","img":{"alt_text":"","src":"https:\/\/i1.wp.com\/catolicasmexico.com\/blog\/wp-content\/uploads\/2014\/04\/money.jpg?resize=350%2C200","width":350,"height":200},"classes":[]},{"id":2488,"url":"http:\/\/catolicasmexico.com\/blog\/en-francia-la-ideologia-de-genero-impuesta-por-el-gobierno-hollande-comienza-a-dar-frutos\/","url_meta":{"origin":2359,"position":2},"title":"En Francia la ideolog\u00eda de genero impuesta por el gobierno Hollande, comienza a dar frutos.","date":"31 enero 2014","format":false,"excerpt":"Articulo de Religi\u00f3n en libertad. Su hijo le pide una mu\u00f1eca adoctrinado por el comisario de g\u00e9nero de la escuela: \u00abEs una dictadura\u00bb - La actriz Frigide Barjot, figura carism\u00e1tica de las movilizaciones contra el \u2018matrimonio\u2019 gay en Francia, public\u00f3 en su p\u00e1gina web (http:\/\/frigidebarjot.com) el interesante testimonio de S\u00e9bastien\u2026","rel":"","context":"En \u00abEducaci\u00f3n\u00bb","img":{"alt_text":"","src":"https:\/\/i0.wp.com\/catolicasmexico.com\/blog\/wp-content\/uploads\/2014\/01\/20140131-102443.jpg?resize=350%2C200","width":350,"height":200},"classes":[]},{"id":446,"url":"http:\/\/catolicasmexico.com\/blog\/no-habra-cambios-en-la-ley-de-registro-civil-de-sexo-a-genero-asegura-angel-vilema\/","url_meta":{"origin":2359,"position":3},"title":"No habr\u00e1 cambios en la Ley de Registro Civil de sexo a g\u00e9nero, asegura \u00c1ngel Vilema","date":"23 mayo 2013","format":false,"excerpt":"Dijo que la decisi\u00f3n de Movimiento PAIS es mantener lo que actualmente establece la normativa legal El vicepresidente de la Comisi\u00f3n de Gobiernos Aut\u00f3nomos, \u00c1ngel Vilema indic\u00f3 que en los pr\u00f3ximos d\u00edas se tendr\u00e1 listo el informe para segundo debate del proyecto de Ley Reformatoria a la Ley de Registro\u2026","rel":"","context":"En \u00abTeor\u00eda de g\u00e9nero\u00bb","img":{"alt_text":"","src":"https:\/\/i2.wp.com\/catolicasmexico.com\/blog\/wp-content\/uploads\/2013\/05\/image-28.jpeg?resize=350%2C200","width":350,"height":200},"classes":[]},{"id":3022,"url":"http:\/\/catolicasmexico.com\/blog\/con-430000-e-tel-aviv-se-viste-del-arco-iris\/","url_meta":{"origin":2359,"position":4},"title":"Con 430,000 e. Tel Aviv se viste del arco iris.","date":"10 junio 2014","format":false,"excerpt":"Israel - desde el 1 de junio, el palacio municipal de Tel Aviv llamada Rabin iluminar\u00e1 los colores del arco iris para testimoniar la pol\u00edtica \"friendly\" hacia la comunidad LGBT. Ron Huldai, alcalde de Tel Aviv, inaugurar\u00e1 el XVI desfile del orgullo gay este 13 de junio. Mientras Israel se\u2026","rel":"","context":"En \u00abHomosexualidad\u00bb","img":{"alt_text":"","src":"","width":0,"height":0},"classes":[]},{"id":2640,"url":"http:\/\/catolicasmexico.com\/blog\/en-italia-los-padres-se-organizan-para-combatir-el-bombardeo-ideologico-gay-en-las-escuelas\/","url_meta":{"origin":2359,"position":5},"title":"En Italia los padres se organizan para combatir el bombardeo ideol\u00f3gico gay en las escuelas","date":"26 febrero 2014","format":false,"excerpt":"El lobby gay y otros grupos organizados, partidarios de teor\u00eda de la identidad de g\u00e9nero, han logrado tomar el poder para introducir en algunas regiones del pa\u00eds radicales cambios en los contenidos educativos sobre sexualidad que se imparte a los ni\u00f1os y ni\u00f1as en las escuelas. ITALIA.-(AGENCIALAVOZ) Primero las leyes\u2026","rel":"","context":"En \u00abEducaci\u00f3n\u00bb","img":{"alt_text":"","src":"https:\/\/i2.wp.com\/catolicasmexico.com\/blog\/wp-content\/uploads\/2014\/02\/20140226-114523.jpg?resize=350%2C200","width":350,"height":200},"classes":[]}],"jetpack_likes_enabled":false,"jetpack_sharing_enabled":true,"_links":{"self":[{"href":"http:\/\/catolicasmexico.com\/blog\/wp-json\/wp\/v2\/posts\/2359"}],"collection":[{"href":"http:\/\/catolicasmexico.com\/blog\/wp-json\/wp\/v2\/posts"}],"about":[{"href":"http:\/\/catolicasmexico.com\/blog\/wp-json\/wp\/v2\/types\/post"}],"author":[{"embeddable":true,"href":"http:\/\/catolicasmexico.com\/blog\/wp-json\/wp\/v2\/users\/5"}],"replies":[{"embeddable":true,"href":"http:\/\/catolicasmexico.com\/blog\/wp-json\/wp\/v2\/comments?post=2359"}],"version-history":[{"count":2,"href":"http:\/\/catolicasmexico.com\/blog\/wp-json\/wp\/v2\/posts\/2359\/revisions"}],"predecessor-version":[{"id":2362,"href":"http:\/\/catolicasmexico.com\/blog\/wp-json\/wp\/v2\/posts\/2359\/revisions\/2362"}],"wp:featuredmedia":[{"embeddable":true,"href":"http:\/\/catolicasmexico.com\/blog\/wp-json\/wp\/v2\/media\/2360"}],"wp:attachment":[{"href":"http:\/\/catolicasmexico.com\/blog\/wp-json\/wp\/v2\/media?parent=2359"}],"wp:term":[{"taxonomy":"category","embeddable":true,"href":"http:\/\/catolicasmexico.com\/blog\/wp-json\/wp\/v2\/categories?post=2359"},{"taxonomy":"post_tag","embeddable":true,"href":"http:\/\/catolicasmexico.com\/blog\/wp-json\/wp\/v2\/tags?post=2359"}],"curies":[{"name":"wp","href":"https:\/\/api.w.org\/{rel}","templated":true}]}}